{"id":81841,"date":"2020-04-10T15:15:54","date_gmt":"2020-04-10T19:15:54","guid":{"rendered":"https:\/\/linitiative.ca\/International\/ministere-de-la-sante-mohamed-nibouche-et-drifa-khoudir-installes-dans-leurs-nouvelles-fonctions\/"},"modified":"2020-04-10T15:15:54","modified_gmt":"2020-04-10T19:15:54","slug":"ministere-de-la-sante-mohamed-nibouche-et-drifa-khoudir-installes-dans-leurs-nouvelles-fonctions","status":"publish","type":"post","link":"https:\/\/linitiative.ca\/International\/ministere-de-la-sante-mohamed-nibouche-et-drifa-khoudir-installes-dans-leurs-nouvelles-fonctions\/","title":{"rendered":"Minist\u00e8re de la Sant\u00e9 : Mohamed Nibouche et Drifa Khoudir  install\u00e9s dans  leurs nouvelles fonctions"},"content":{"rendered":"<div class=\"TxArtcile\" readability=\"21\">\n<p>Mohamed Nibouche et Drifa Khoudir ont \u00e9t\u00e9 install\u00e9s jeudi dernier dans leurs nouvelles fonctions respectivement en qualit\u00e9 de directeur g\u00e9n\u00e9ral de la Pharmacie et chef de Cabinet aupr\u00e8s du ministre D\u00e9l\u00e9gu\u00e9 charg\u00e9 de l&rsquo;Industrie pharmaceutique, indique un communiqu\u00e9 du minist\u00e8re la Sant\u00e9, de la Population et de la R\u00e9forme hospitali\u00e8re. La c\u00e9r\u00e9monie d&rsquo;installation a \u00e9t\u00e9 pr\u00e9sid\u00e9e par le ministre de la Sant\u00e9, de la Population et de la R\u00e9forme hospitali\u00e8re, Abderrahmane Benbouzid, et le ministre D\u00e9l\u00e9gu\u00e9 de l&rsquo;Industrie pharmaceutique, Djamel Lotfi Benbahmed. Lors de cette c\u00e9r\u00e9monie, qui s&rsquo;est d\u00e9roul\u00e9e au si\u00e8ge du minist\u00e8re, M. Benbouzid a appel\u00e9 les cadres de ce d\u00e9partement \u00e0 \u00abconjuguer leurs efforts, en cette p\u00e9riode de pand\u00e9mie du Covid-19, et \u00e0 travailler pour fournir toutes les conditions permettant d&rsquo;acc\u00e9der \u00e0 un syst\u00e8me de sant\u00e9 \u00e0 la hauteur des besoins des citoyens\u00bb, pr\u00e9cise la m\u00eame source.<\/p>\n<\/div>\n<div class=\"ModliArtilUne\">\n<ul>\n<li><strong>Publi\u00e9 dans :<\/strong><\/li>\n<\/ul>\n<\/div>\n<div class=\"MbComIns\" id=\"newcom\" readability=\"5.69402985075\">\n<h6>DONNEZ VOTRE AVIS<\/h6>\n<p>Il n&rsquo;y a actuellement aucune r\u00e9action \u00e0 cette information. Soyez le premier \u00e0 r\u00e9agir !<\/p>\n<p><a href=\"\" rel=\"#popup\" class=\"login resetbutton\">Identifiez-vous<\/a><a class=\"button\" href=\"http:\/\/www.elmoudjahid.com\/fr\/inscription\/\"><span>S&rsquo;inscrire<\/span><\/a><\/p>\n<\/div>\n<p>Auteur: elmoudjahid<br \/>\n<a href=\"http:\/\/www.elmoudjahid.com\/fr\/actualites\/151195\">Cliquez ici pour lire l&rsquo;article depuis sa source.<\/a><\/p>\n","protected":false},"excerpt":{"rendered":"<p>Mohamed Nibouche et Drifa Khoudir ont \u00e9t\u00e9 install\u00e9s jeudi dernier dans leurs nouvelles fonctions respectivement en qualit\u00e9 de directeur g\u00e9n\u00e9ral de la Pharmacie et chef de Cabinet aupr\u00e8s du ministre D\u00e9l\u00e9gu\u00e9 charg\u00e9 de l&rsquo;Industrie pharmaceutique, indique un communiqu\u00e9 du minist\u00e8re la Sant\u00e9, de la Population et de la R\u00e9forme hospitali\u00e8re. La c\u00e9r\u00e9monie d&rsquo;installation a \u00e9t\u00e9 [&hellip;]<\/p>\n","protected":false},"author":1744,"featured_media":0,"comment_status":"closed","ping_status":"closed","sticky":false,"template":"","format":"standard","meta":{"fifu_image_url":"","fifu_image_alt":"","footnotes":""},"categories":[73,53],"tags":[],"class_list":["post-81841","post","type-post","status-publish","format-standard","hentry","category-actualite","category-algerie"],"_links":{"self":[{"href":"https:\/\/linitiative.ca\/International\/wp-json\/wp\/v2\/posts\/81841","targetHints":{"allow":["GET"]}}],"collection":[{"href":"https:\/\/linitiative.ca\/International\/wp-json\/wp\/v2\/posts"}],"about":[{"href":"https:\/\/linitiative.ca\/International\/wp-json\/wp\/v2\/types\/post"}],"author":[{"embeddable":true,"href":"https:\/\/linitiative.ca\/International\/wp-json\/wp\/v2\/users\/1744"}],"replies":[{"embeddable":true,"href":"https:\/\/linitiative.ca\/International\/wp-json\/wp\/v2\/comments?post=81841"}],"version-history":[{"count":0,"href":"https:\/\/linitiative.ca\/International\/wp-json\/wp\/v2\/posts\/81841\/revisions"}],"wp:attachment":[{"href":"https:\/\/linitiative.ca\/International\/wp-json\/wp\/v2\/media?parent=81841"}],"wp:term":[{"taxonomy":"category","embeddable":true,"href":"https:\/\/linitiative.ca\/International\/wp-json\/wp\/v2\/categories?post=81841"},{"taxonomy":"post_tag","embeddable":true,"href":"https:\/\/linitiative.ca\/International\/wp-json\/wp\/v2\/tags?post=81841"}],"curies":[{"name":"wp","href":"https:\/\/api.w.org\/{rel}","templated":true}]}}