{"id":81844,"date":"2020-04-10T15:16:02","date_gmt":"2020-04-10T19:16:02","guid":{"rendered":"https:\/\/linitiative.ca\/International\/ministere-du-commerce-caravanes-daide-pour-les-zones-dombre\/"},"modified":"2020-04-10T15:16:02","modified_gmt":"2020-04-10T19:16:02","slug":"ministere-du-commerce-caravanes-daide-pour-les-zones-dombre","status":"publish","type":"post","link":"https:\/\/linitiative.ca\/International\/ministere-du-commerce-caravanes-daide-pour-les-zones-dombre\/","title":{"rendered":"Minist\u00e8re du commerce   : Caravanes d&rsquo;aide pour les zones d&rsquo;ombre"},"content":{"rendered":"<p>Le minist\u00e8re du Commerce\u00a0 a instruit ses directions locales\u00a0 au niveau national de coordonner\u00a0 avec les directions r\u00e9gionales et les chambres de commerce et d\u2019industrie\u00a0 en vue d\u2019organiser des caravanes d\u2019aide au profit des zones d\u2019ombre avec la participation de commer\u00e7ants, industriels et de producteurs, et ce dans le cadre des efforts nationaux de lutte contre la pand\u00e9mie de Covid-19, a indiqu\u00e9 mercredi dernier un communiqu\u00e9 du minist\u00e8re. Ces aides seront fournies aux populations des zones d\u2019ombre et les cat\u00e9gories vuln\u00e9rables et d\u00e9munies dans chaque wilaya relevant du territoire de comp\u00e9tence des directions r\u00e9gionales et des chambres de commerce et d\u2019industrie, a assur\u00e9 le minist\u00e8re dans son communiqu\u00e9 publi\u00e9 sur sa page Facebook. Ces caravanes de solidarit\u00e9, pr\u00e9cise-t-on de m\u00eame source, seront plac\u00e9es sous l\u2019autorit\u00e9 de MM. et Mmes les walis, qui se chargeront de la distribution des aides.<br \/>Le ministre du Commerce, Kamel Rezig, a supervis\u00e9 mercredi la r\u00e9ception d\u2019un don constitu\u00e9 de 7 camions de produits alimentaires offerts par les commer\u00e7ants de gros de la zone Oued Smar, au profit des pauvres et n\u00e9cessiteux dans les zones d\u2019ombre, conclut le communiqu\u00e9.<\/p>\n<p>Auteur: elmoudjahid<br \/>\n<a href=\"http:\/\/www.elmoudjahid.com\/fr\/actualites\/151198\">Cliquez ici pour lire l&rsquo;article depuis sa source.<\/a><\/p>\n","protected":false},"excerpt":{"rendered":"<p>Le minist\u00e8re du Commerce\u00a0 a instruit ses directions locales\u00a0 au niveau national de coordonner\u00a0 avec les directions r\u00e9gionales et les chambres de commerce et d\u2019industrie\u00a0 en vue d\u2019organiser des caravanes d\u2019aide au profit des zones d\u2019ombre avec la participation de commer\u00e7ants, industriels et de producteurs, et ce dans le cadre des efforts nationaux de lutte [&hellip;]<\/p>\n","protected":false},"author":1744,"featured_media":0,"comment_status":"closed","ping_status":"closed","sticky":false,"template":"","format":"standard","meta":{"fifu_image_url":"","fifu_image_alt":"","footnotes":""},"categories":[73,53],"tags":[],"class_list":["post-81844","post","type-post","status-publish","format-standard","hentry","category-actualite","category-algerie"],"_links":{"self":[{"href":"https:\/\/linitiative.ca\/International\/wp-json\/wp\/v2\/posts\/81844","targetHints":{"allow":["GET"]}}],"collection":[{"href":"https:\/\/linitiative.ca\/International\/wp-json\/wp\/v2\/posts"}],"about":[{"href":"https:\/\/linitiative.ca\/International\/wp-json\/wp\/v2\/types\/post"}],"author":[{"embeddable":true,"href":"https:\/\/linitiative.ca\/International\/wp-json\/wp\/v2\/users\/1744"}],"replies":[{"embeddable":true,"href":"https:\/\/linitiative.ca\/International\/wp-json\/wp\/v2\/comments?post=81844"}],"version-history":[{"count":0,"href":"https:\/\/linitiative.ca\/International\/wp-json\/wp\/v2\/posts\/81844\/revisions"}],"wp:attachment":[{"href":"https:\/\/linitiative.ca\/International\/wp-json\/wp\/v2\/media?parent=81844"}],"wp:term":[{"taxonomy":"category","embeddable":true,"href":"https:\/\/linitiative.ca\/International\/wp-json\/wp\/v2\/categories?post=81844"},{"taxonomy":"post_tag","embeddable":true,"href":"https:\/\/linitiative.ca\/International\/wp-json\/wp\/v2\/tags?post=81844"}],"curies":[{"name":"wp","href":"https:\/\/api.w.org\/{rel}","templated":true}]}}