{"id":81852,"date":"2020-04-10T11:46:00","date_gmt":"2020-04-10T15:46:00","guid":{"rendered":"https:\/\/linitiative.ca\/International\/belgacem-ouchtati-un-homme-daction-et-dimagination-bienfaiteur-du-nord-ouest-de-la-tunisie\/"},"modified":"2020-04-10T11:46:00","modified_gmt":"2020-04-10T15:46:00","slug":"belgacem-ouchtati-un-homme-daction-et-dimagination-bienfaiteur-du-nord-ouest-de-la-tunisie","status":"publish","type":"post","link":"https:\/\/linitiative.ca\/International\/belgacem-ouchtati-un-homme-daction-et-dimagination-bienfaiteur-du-nord-ouest-de-la-tunisie\/","title":{"rendered":"Belgacem Ouchtati: un homme d\u2019action et d\u2019imagination, bienfaiteur du Nord-Ouest de la Tunisie"},"content":{"rendered":"<p>Belgacem Ouchtati s\u2019en est all\u00e9 par un triste jour de mars dernier. La maladie l\u2019a arrach\u00e9 \u00e0 tous ceux qui l\u2019aimaient et qui sont, depuis, dans la peine.<\/p>\n<p>Lors de mes premi\u00e8res rencontres avec Belgacem, qui remontent \u00e0 1975, j\u2019ai \u00e9t\u00e9 s\u00e9duite par son ouverture d\u2019esprit, sa libert\u00e9 de ton et ses id\u00e9es \u00e0 foison.<\/p>\n<p>Mais c\u2019est son amour pour Tabarka qu\u2019il voulait toujours plus grande et plus belle que j\u2019ai le plus appr\u00e9ci\u00e9. Un amour que nous partagions et essayions de faire partager depuis bien longtemps. Nous n\u2019avons jamais h\u00e9sit\u00e9, au cours de toutes ces ann\u00e9es, \u00e0 nous battre pour rendre \u00e0 Tabarka, souvent malmen\u00e9e par ceux-l\u00e0 m\u00eames qui devraient la servir, son lustre et sa fiert\u00e9.<\/p>\n<p class=\"c2\"><img decoding=\"async\" src=\"https:\/\/linitiative.ca\/International\/wp-content\/uploads\/sites\/23\/2020\/04\/6_-A-la-mairie-de-GC3AAnes2C-avec-le-maire2C-M.jpg\" width=\"100%\" vspace=\"5\" hspace=\"5\" align=\"middle\" alt=\"\"\/><\/p>\n<p>N\u00e9 \u00e0 Ouchtata, Belgacem est un enfant du pays, de ce Nord-Ouest aux multiples possibles. Il occupa diff\u00e9rentes fonctions tant dans le secteur public que dans le secteur priv\u00e9. Ing\u00e9nieur agronome, il enseigna \u00e0 l\u2019Institut Sylvo-Pastoral de Tabarka, fut pr\u00e9sident directeur g\u00e9n\u00e9ral de la Soci\u00e9t\u00e9 nationale de Cellulose et de Papier, \u00e0 Kasserine, premier d\u00e9l\u00e9gu\u00e9 du gouvernorat du m\u00eame nom, chef d\u2019entreprise. Pr\u00e9sident-fondateur de la soci\u00e9t\u00e9 de plong\u00e9e \u00abLoisirs de Tabarka\u00bb, membre de la chambre de commerce et d\u2019industrie du N.-O. (CCINO) dont il fut vice-pr\u00e9sident, membre de l\u2019UTICA, section de Jendouba, o\u00f9 il fut charg\u00e9 de l\u2019animation touristique et culturelle, il organisa en grande partie les \u00abTabarka Jazz festival\u00bb de 2016 et de 2017. C\u2019est dire s\u2019il fut impliqu\u00e9 dans la vie \u00e9conomique, culturelle et touristique du N.-O. et, particuli\u00e8rement, de Tabarka, o\u00f9 il avait une r\u00e9sidence.<\/p>\n<p><span class=\"c4\"><span class=\"c3\"><strong>Une passion partag\u00e9e<\/strong><\/span><\/span><\/p>\n<p><img decoding=\"async\" src=\"https:\/\/linitiative.ca\/International\/wp-content\/uploads\/sites\/23\/2020\/04\/3_-Avec-le-maire-du-Lavandou2C-M.jpg\" width=\"40%\" vspace=\"5\" hspace=\"5\" align=\"right\" alt=\"\"\/>Il fonda en 2012, l\u2019association A.R.C.A.D.E\u00a0 (association r\u00e9gionale pour la culture, l\u2019animation touristique et le d\u00e9veloppement \u00e9conomique), avec laquelle, mon association, \u00abLe pays vert : la Tunisie du N.-O.\u00bb, travailla r\u00e9guli\u00e8rement, la plupart de nos projets poursuivant les m\u00eames buts.<\/p>\n<p>La n\u00e9cessit\u00e9 de d\u00e9senclaver la r\u00e9gion -notre N.-O. \u00e0 l\u2019identit\u00e9 forte &#8211; en l\u2019ouvrant d\u2019abord \u00e0 elle-m\u00eame, puis \u00e0 l\u2019ensemble de la Tunisie septentrionale, \u00e0 son voisin imm\u00e9diat, l\u2019Alg\u00e9rie, et enfin \u00e0 la M\u00e9diterran\u00e9e et donc au monde, nous est apparue comme une \u00e9vidence.<\/p>\n<p>Je ne peux \u00e9num\u00e9rer ici tous nos projets et nos combats, ils furent nombreux. J\u2019en retiendrai trois, dont le premier fut totalement con\u00e7u par Belgacem et qui s\u2019inscrivent parfaitement dans notre d\u00e9marche commune:<\/p>\n<p class=\"c6\"><span class=\"c5\"><strong>\u2022<\/strong><\/span> \u00abLe L\u00e9zard vert\u00bb, son projet-phare et, de tous, le plus attachant.<br \/><span class=\"c5\"><strong>\u2022<\/strong><\/span> Les retrouvailles et les \u00e9changes avec les \u00abGalitois\u00bb du Lavandou.<br \/><span class=\"c5\"><strong>\u2022<\/strong><\/span> Le r\u00e9tablissement de liens et d\u2019\u00e9changes durables avec les \u00abTabarchini\u00bb, descendants des G\u00e9nois qui, du 16e au 18e si\u00e8cle, v\u00e9curent dans notre \u00eele. Ces \u00abTabarchini \u00bb cr\u00e9\u00e8rent les villes de Carloforte, jumel\u00e9e avec Tabarka, Calasetta en Sardaigne et Nueva Tabarca en Espagne, emportant dans leurs nouvelles cit\u00e9s, outre l\u2019amour de notre ville, des traditions culturelles bien de chez nous qu\u2019ils se transmettent de nos jours encore et que nous nous effor\u00e7ons de faire inscrire au patrimoine culturel immat\u00e9riel de l\u2019humanit\u00e9.<\/p>\n<p><span class=\"c3\"><span class=\"c4\"><strong>Des projets de d\u00e9veloppement touristique, culturel et \u00e9conomique<\/strong><\/span><\/span><\/p>\n<p><span class=\"c7\"><span class=\"c5\"><strong>\u00abLe l\u00e9zard vert\u00bb<\/strong><\/span><\/span><\/p>\n<p>Le \u00abL\u00e9zard vert\u00bb est, de tous ses projets, celui qui lui tenait le plus \u00e0 c\u0153ur et pour lequel il s\u2019est battu pendant nombre d\u2019ann\u00e9es. Il tient son nom du \u00abL\u00e9zard rouge\u00bb, le train touristique qui parcourt les gorges de Selja, de Metlaoui \u00e0 Redeyef, apr\u00e8s avoir\u00a0 servi de transport aux beys et \u00e0 leur cour.<\/p>\n<p>Le projet avait pour but essentiel, en organisant un tourisme \u00e9cologique, de favoriser le d\u00e9veloppement \u00e9conomique tout en pr\u00e9servant l\u2019environnement et donc le capital naturel et culturel de la r\u00e9gion desservie.<\/p>\n<p>Ce train, pour lequel la SNCF avait accord\u00e9 un contrat d\u2019utilisation de 15 ans, utilisant la partie de la voie ferr\u00e9e d\u00e9saffect\u00e9e qui allait de Tabarka \u00e0 Ouchtata, aurait permis \u00e0 tous les amateurs de randonn\u00e9es de d\u00e9couvrir, sans s\u2019\u00e9loigner longtemps de la mer, les beaut\u00e9s de l\u2019arri\u00e8re-pays. Des arr\u00eats \u00e9taient pr\u00e9vus dans les gares r\u00e9am\u00e9nag\u00e9es de Ras Rajel et d\u2019Ouchtata, o\u00f9 des produits du terroir seraient propos\u00e9s aux visiteurs par les artisans qui les avaient r\u00e9alis\u00e9s. Ces gares seraient le point de d\u00e9part de circuits p\u00e9destres, \u00e0 v\u00e9lo, et, en particulier \u00e0 Ouchtata, en cano\u00eb-kayak, voilier, p\u00e9dalo ou planche \u00e0 voile. De la gare, on atteint facilement le lac de barrage de Sidi Barrak et partant la mer et la plage. Dans celle de Tabarka, seraient organis\u00e9s des jeux \u00e9ducatifs et des parcours d\u2019aventure pour les enfants, ainsi que des activit\u00e9s sportives.<\/p>\n<p>Ce projet n\u2019a jamais vu le jour malgr\u00e9 la passion et l\u2019opini\u00e2tret\u00e9 que, des ann\u00e9es durant, Belgacem a mis \u00e0 le d\u00e9fendre et malgr\u00e9 le soutien sans faille de quelques-uns. Sans doute pour de multiples raisons, dont la plupart, \u00e0 tous les niveaux du pouvoir d\u00e9cisionnaire, ne furent pas exemptes de jalousie, de mesquineries et de calculs sordides. Sans doute aussi parce que dans une r\u00e9gion dans laquelle on en \u00e9tait encore \u00e0 une pratique touristique des ann\u00e9es soixante, dont la saison ne durait que deux \u00e0 trois mois au mieux, ce projet \u00ab r\u00e9volutionnaire \u00bb, semblait un peu fou, difficile \u00e0 r\u00e9aliser sur bien des plans.<\/p>\n<p>Une sorte de r\u00eave ? Oui. Mais un r\u00eave auquel on avait envie de croire, un r\u00eave \u00e0 suivre. Que pourrait-on r\u00e9aliser sans r\u00eave ?<\/p>\n<p class=\"c2\"><img decoding=\"async\" src=\"https:\/\/linitiative.ca\/International\/wp-content\/uploads\/sites\/23\/2020\/04\/4283629.jpg\" width=\"100%\" vspace=\"5\" hspace=\"5\" align=\"middle\" alt=\"\"\/><\/p>\n<p>Je me souviens avoir r\u00eav\u00e9 avec lui et avec tous les participants au premier forum sur le d\u00e9veloppement et le tourisme \u00e9cologique dans le N.-O., organis\u00e9 \u00e0 Tabarka, en mars 2013, par le CRSDNO avec le soutien de nos associations. Belgacem nous a emmen\u00e9s sur le parcours du \u00ab L\u00e9zard vert \u00bb, et, en l\u2019\u00e9coutant, nous voyions vraiment surgir ici, dans la gare r\u00e9nov\u00e9e, les premiers visiteurs, nous sentions les effluves dor\u00e9es du pain \u00ab tabouna \u00bb en train de cuire, et l\u00e0, au bord du lac de retenue, nous apercevions les premiers cyclistes qui revenaient de la campagne et les planches \u00e0 voile qui filaient au gr\u00e9 du vent. Il \u00e9tait tellement convaincant et son projet \u00e9tait tellement enthousiasmant !<\/p>\n<p><span class=\"c7\"><span class=\"c5\"><strong>La Galite et les Galitois<\/strong><\/span><\/span><\/p>\n<p>Le 4 octobre 2009, c\u2019est Belgacem qui m\u2019a fait d\u00e9couvrir, conna\u00eetre et appr\u00e9cier les Galitois. A l\u2019occasion du jubil\u00e9 auquel j\u2019avais \u00e9t\u00e9 invit\u00e9e gr\u00e2ce \u00e0 lui et que Gil Bernardi, maire du Lavandou, avait organis\u00e9 en l\u2019honneur de ceux d\u2019entre eux qui \u00e9taient venus s\u2019installer cinquante ans plus t\u00f4t dans sa cit\u00e9. J\u2019ai d\u00e9couvert une histoire extraordinaire que je vous raconterai une autre fois, une de ces belles histoires m\u00e9diterran\u00e9ennes d\u2019\u00eeles et de population s\u0153urs.<\/p>\n<p>C\u2019est gr\u00e2ce \u00e0 Belgacem qui avait tout organis\u00e9, que des dizaines de Galitois ont pu, plusieurs ann\u00e9es de suite, revoir ou pr\u00e9senter \u00e0 leurs petits-enfants La Galite o\u00f9 ils avaient v\u00e9cu, eux dont les anc\u00eatres \u00e9taient venus de Ponza, une \u00eele proche de Naples. Et je les \u00e9coutais parler en fran\u00e7ais, en arabe, en dialecte napolitain, \u00e9voquer des souvenirs, additionnant tout ce qui fait la richesse de la M\u00e9diterran\u00e9e.<\/p>\n<p>Des projets, \u00e9cologiques en particulier, ont \u00e9t\u00e9 propos\u00e9s par le maire du Lavandou et par les Galitois de sa commune, recrut\u00e9s par l\u2019APAL pour prot\u00e9ger l\u2019\u00eele et participer \u00e0 sa sauvegarde. Cela ne s\u2019est pas fait, le maire de l\u2019\u00e9poque n\u2019\u00e9tait pas int\u00e9ress\u00e9. Mais ce n\u2019est que partie remise car les liens ont \u00e9t\u00e9 renou\u00e9s gr\u00e2ce \u00e0 Belgacem et sont\u00a0 solides.<\/p>\n<p><span class=\"c7\"><span class=\"c5\"><strong>G\u00eanes et les \u00abTabarchini\u00bb<\/strong><\/span><\/span><\/p>\n<p>Du 21 au 24 f\u00e9vrier 2016, \u00abLe Pays vert\u00bb avait organis\u00e9 une s\u00e9rie de rencontres auxquelles je participais ainsi que des responsables culturels r\u00e9gionaux et locaux avec les autorit\u00e9s g\u00e9noises: Marco Doria, maire du grand G\u00eanes, et son staff municipal ; Marco Bucci, pr\u00e9sident de la r\u00e9gion ligure, jumel\u00e9e avec le gouvernorat de Jendouba, une formidable occurrence de d\u00e9veloppement, dont nos responsables n\u2019ont jamais tenu compte, et Paolo Odone, pr\u00e9sident de la CCIG (chambre de commerce et d\u2019industrie de G\u00eanes), un amoureux de la Tunisie. Il allait de soi pour Belgacem de participer \u00e0 ces rencontres. Il a donc \u00e9t\u00e9 charg\u00e9 par la CCINO de la repr\u00e9senter.<\/p>\n<p class=\"c2\"><img decoding=\"async\" src=\"https:\/\/linitiative.ca\/International\/wp-content\/uploads\/sites\/23\/2020\/04\/2287729.jpg\" width=\"100%\" vspace=\"5\" hspace=\"5\" align=\"middle\" alt=\"\"\/><\/p>\n<p>Tous les contacts ont \u00e9t\u00e9 positifs et, comme d\u2019habitude, de nombreuses propositions dans diff\u00e9rents domaines culture, (\u00e9ducation, tourisme\u2026) nous ont \u00e9t\u00e9 faites. Mais, c\u2019est gr\u00e2ce \u00e0 la remarquable pr\u00e9sentation que Belgacem avait faite des atouts et des besoins de notre r\u00e9gion, que la proposition la plus int\u00e9ressante, car elle concernait le d\u00e9veloppement \u00e9conomique, a \u00e9t\u00e9 formul\u00e9e par le pr\u00e9sident de la CCIG, Paolo Odone, s\u00e9duit par ce qu\u2019il avait entendu: une d\u00e9l\u00e9gation de la CCINO, regroupant tous les domaines d\u2019activit\u00e9s, \u00e9tait\u00a0 invit\u00e9e \u00e0 se rendre \u00e0 G\u00eanes en avril pour pr\u00e9senter les projets qui l\u2019int\u00e9ressaient. En juin, une d\u00e9l\u00e9gation de la CCIG devait venir \u00e0 B\u00e9ja, si\u00e8ge de la CCINO, et dans la r\u00e9gion, pour signer les diff\u00e9rents accords retenus. Mais, h\u00e9sitations, ind\u00e9cision, lenteurs administratives aidant, ce n\u2019est qu\u2019en plein \u00e9t\u00e9 qu\u2019une dizaine de projets ont pu \u00eatre boucl\u00e9s. L\u2019organisation du d\u00e9placement prenant du temps, le RV de G\u00eanes ne pouvait avoir lieu que fin septembre. Entretemps, le gouvernement italien a d\u00e9cid\u00e9 de proc\u00e9der \u00e0 une vaste restructuration des chambres de commerce et la rencontre a \u00e9t\u00e9 report\u00e9e\u2026Encore une occasion de d\u00e9veloppement et de cr\u00e9ation d\u2019emplois en simple devenir.<\/p>\n<p><span class=\"c4\"><span class=\"c3\"><strong>Et si nous nous mettions tous ensemble au service du N.-O.?<\/strong><\/span><\/span><\/p>\n<p>Il faudrait d\u00e9sormais, en souvenir de Belgacem, que nous qui vivons \u00e0 Tabarka, y travaillons, y venons en visite ou simplement l\u2019aimons, nous unissions et travaillions ensemble dans l\u2019int\u00e9r\u00eat de notre ville, de nos concitoyens et de notre r\u00e9gion.<br \/>Nous attacher \u00e0 ce qui nous rassemble et non \u00e0 ce qui nous s\u00e9pare est le plus beau des programmes et le plus bel hommage que nous puissions rendre \u00e0 Belgacem Ouchtati.<\/p>\n<p class=\"c8\"><strong>Monique Longerstay<\/strong><br \/><em>Pr\u00e9sidente de l\u2019association \u00abLe pays vert : la Tunisie du N.-O.\u00bb<br \/>Citoyenne de Tabarka.<\/em><br \/>\u00a0\u00a0\u00a0<\/p>\n<p>Auteur:<br \/>\n<a href=\"https:\/\/www.leaders.com.tn\/article\/29643-belgacem-ouchtati-un-homme-d-action-et-d-imagination-bienfaiteur-du-nord-ouest-de-la-tunisie\">Cliquez ici pour lire l&rsquo;article depuis sa source.<\/a><\/p>\n","protected":false},"excerpt":{"rendered":"<p>Belgacem Ouchtati s\u2019en est all\u00e9 par un triste jour de mars dernier. La maladie l\u2019a arrach\u00e9 \u00e0 tous ceux qui l\u2019aimaient et qui sont, depuis, dans la peine. Lors de mes premi\u00e8res rencontres avec Belgacem, qui remontent \u00e0 1975, j\u2019ai \u00e9t\u00e9 s\u00e9duite par son ouverture d\u2019esprit, sa libert\u00e9 de ton et ses id\u00e9es \u00e0 foison. [&hellip;]<\/p>\n","protected":false},"author":1772,"featured_media":81853,"comment_status":"closed","ping_status":"closed","sticky":false,"template":"","format":"standard","meta":{"fifu_image_url":"","fifu_image_alt":"","footnotes":""},"categories":[73,55],"tags":[],"class_list":["post-81852","post","type-post","status-publish","format-standard","has-post-thumbnail","hentry","category-actualite","category-tunisie"],"_links":{"self":[{"href":"https:\/\/linitiative.ca\/International\/wp-json\/wp\/v2\/posts\/81852","targetHints":{"allow":["GET"]}}],"collection":[{"href":"https:\/\/linitiative.ca\/International\/wp-json\/wp\/v2\/posts"}],"about":[{"href":"https:\/\/linitiative.ca\/International\/wp-json\/wp\/v2\/types\/post"}],"author":[{"embeddable":true,"href":"https:\/\/linitiative.ca\/International\/wp-json\/wp\/v2\/users\/1772"}],"replies":[{"embeddable":true,"href":"https:\/\/linitiative.ca\/International\/wp-json\/wp\/v2\/comments?post=81852"}],"version-history":[{"count":0,"href":"https:\/\/linitiative.ca\/International\/wp-json\/wp\/v2\/posts\/81852\/revisions"}],"wp:featuredmedia":[{"embeddable":true,"href":"https:\/\/linitiative.ca\/International\/wp-json\/"}],"wp:attachment":[{"href":"https:\/\/linitiative.ca\/International\/wp-json\/wp\/v2\/media?parent=81852"}],"wp:term":[{"taxonomy":"category","embeddable":true,"href":"https:\/\/linitiative.ca\/International\/wp-json\/wp\/v2\/categories?post=81852"},{"taxonomy":"post_tag","embeddable":true,"href":"https:\/\/linitiative.ca\/International\/wp-json\/wp\/v2\/tags?post=81852"}],"curies":[{"name":"wp","href":"https:\/\/api.w.org\/{rel}","templated":true}]}}