{"id":81860,"date":"2020-04-10T13:18:11","date_gmt":"2020-04-10T17:18:11","guid":{"rendered":"https:\/\/linitiative.ca\/International\/1448-cas-cumules-vendredi-a-18h-122-guerisons\/"},"modified":"2020-04-10T13:18:11","modified_gmt":"2020-04-10T17:18:11","slug":"1448-cas-cumules-vendredi-a-18h-122-guerisons","status":"publish","type":"post","link":"https:\/\/linitiative.ca\/International\/1448-cas-cumules-vendredi-a-18h-122-guerisons\/","title":{"rendered":"1448 cas cumul\u00e9s vendredi \u00e0 18H, 122 gu\u00e9risons"},"content":{"rendered":"<p><strong>Voici le nouveau bilan dress\u00e9 par le minist\u00e8re de la Sant\u00e9 \u00e0 18H ce vendredi.<\/strong><\/p>\n<div class=\"c10\"\/>\n<p>Le minist\u00e8re de la Sant\u00e9 a annonc\u00e9 ce vendredi \u00e0 18H avoir enregistr\u00e9 une augmentation de 74 cas en 24 heures, ce qui porte le nombre total des cas contamin\u00e9s \u00e0 1448.\u00a0 Le nombre de d\u00e9c\u00e8s est d\u00e9sormais de 107 et le nombre des gu\u00e9risons passe \u00e0 122.<\/p>\n<div class=\"c17\">\n<fieldset class=\"c16\">\n<legend><strong><span class=\"c11\">Challenge<\/span><span class=\"c12\">news<\/span><\/strong><\/legend>\n<div class=\"c15\">Le meilleur de Challenge s\u00e9lectionn\u00e9 par la r\u00e9daction :<\/p>\n<\/div>\n<\/fieldset>\n<\/div>\n<p>Auteur: challenge<br \/>\n<a href=\"https:\/\/www.challenge.ma\/1448-cas-cumules-vendredi-a-18h-122-guerisons-136844\/\">Cliquez ici pour lire l&rsquo;article depuis sa source.<\/a><\/p>\n","protected":false},"excerpt":{"rendered":"<p>Voici le nouveau bilan dress\u00e9 par le minist\u00e8re de la Sant\u00e9 \u00e0 18H ce vendredi. Le minist\u00e8re de la Sant\u00e9 a annonc\u00e9 ce vendredi \u00e0 18H avoir enregistr\u00e9 une augmentation de 74 cas en 24 heures, ce qui porte le nombre total des cas contamin\u00e9s \u00e0 1448.\u00a0 Le nombre de d\u00e9c\u00e8s est d\u00e9sormais de 107 [&hellip;]<\/p>\n","protected":false},"author":1787,"featured_media":0,"comment_status":"closed","ping_status":"closed","sticky":false,"template":"","format":"standard","meta":{"fifu_image_url":"","fifu_image_alt":"","footnotes":""},"categories":[78,54],"tags":[],"class_list":["post-81860","post","type-post","status-publish","format-standard","hentry","category-economie","category-maroc"],"_links":{"self":[{"href":"https:\/\/linitiative.ca\/International\/wp-json\/wp\/v2\/posts\/81860","targetHints":{"allow":["GET"]}}],"collection":[{"href":"https:\/\/linitiative.ca\/International\/wp-json\/wp\/v2\/posts"}],"about":[{"href":"https:\/\/linitiative.ca\/International\/wp-json\/wp\/v2\/types\/post"}],"author":[{"embeddable":true,"href":"https:\/\/linitiative.ca\/International\/wp-json\/wp\/v2\/users\/1787"}],"replies":[{"embeddable":true,"href":"https:\/\/linitiative.ca\/International\/wp-json\/wp\/v2\/comments?post=81860"}],"version-history":[{"count":0,"href":"https:\/\/linitiative.ca\/International\/wp-json\/wp\/v2\/posts\/81860\/revisions"}],"wp:attachment":[{"href":"https:\/\/linitiative.ca\/International\/wp-json\/wp\/v2\/media?parent=81860"}],"wp:term":[{"taxonomy":"category","embeddable":true,"href":"https:\/\/linitiative.ca\/International\/wp-json\/wp\/v2\/categories?post=81860"},{"taxonomy":"post_tag","embeddable":true,"href":"https:\/\/linitiative.ca\/International\/wp-json\/wp\/v2\/tags?post=81860"}],"curies":[{"name":"wp","href":"https:\/\/api.w.org\/{rel}","templated":true}]}}