{"id":81861,"date":"2020-04-10T16:32:17","date_gmt":"2020-04-10T20:32:17","guid":{"rendered":"https:\/\/linitiative.ca\/International\/fonds-special-les-filiales-marocaines-de-groupes-francais-apportent-leur-contribution\/"},"modified":"2020-04-10T16:32:17","modified_gmt":"2020-04-10T20:32:17","slug":"fonds-special-les-filiales-marocaines-de-groupes-francais-apportent-leur-contribution","status":"publish","type":"post","link":"https:\/\/linitiative.ca\/International\/fonds-special-les-filiales-marocaines-de-groupes-francais-apportent-leur-contribution\/","title":{"rendered":"Fonds sp\u00e9cial: les filiales marocaines de groupes fran\u00e7ais apportent leur contribution"},"content":{"rendered":"<p><strong>Les filiales marocaines de groupes fran\u00e7ais et entreprises \u00e0 capitaux fran\u00e7ais au Maroc apportent une contribution d\u2019environ 500 millions de DH au fonds sp\u00e9cial pour la gestion de la pand\u00e9mie du Covid-19.<\/strong><\/p>\n<div class=\"c10\"\/>\n<p>L\u2019\u00e9lan de <strong>solidarit\u00e9 nationale<\/strong> se poursuit. En effet, les filiales marocaines de groupes fran\u00e7ais et entreprises \u00e0 capitaux fran\u00e7ais au Maroc, \u00e0 leur tour, ont d\u00e9cid\u00e9 de prendre une part active dans la mobilisation organis\u00e9e pour faire face aux impacts de la pand\u00e9mie du <strong>Covid-19<\/strong>. Ainsi, un grand nombre de ces entreprises, notamment dans les secteurs bancaire, des assurances, de l\u2019agro-alimentaire, de l\u2019industrie, de l\u2019\u00e9nergie, ont apport\u00e9 une contribution \u00a0d\u2019environ 500 millions de DH \u00e0 ce stade.<\/p>\n<p>Lire aussi: <a href=\"https:\/\/www.challenge.ma\/coronavirus-le-maroc-lance-la-production-de-5-millions-de-masques-de-protection-des-le-14-avril-136810\/\">Coronavirus : Le Maroc lance la production de 5 millions de masques de protection d\u00e8s le 14 avril<\/a><\/p>\n<p>\u00ab\u00a0Au-del\u00e0 de cette <strong>contribution financi\u00e8re<\/strong>, les entreprises fran\u00e7aises ont fait d\u2019importants dons en nature (produits et paniers alimentaires, ordinateurs portables, masques, gel hydroalcoolique, \u00e9quipements divers\u2026), certaines ont mis \u00e0 disposition leurs locaux ou usines en soutien aux autorit\u00e9s marocaines dans la lutte contre la pand\u00e9mie et elles continuent par ailleurs \u00e0 mener de nombreuses actions de solidarit\u00e9 en lien avec leur secteur d\u2019activit\u00e9\u00a0\u00bb, souligne un communiqu\u00e9 conjoint du Conseillers du Commerce Ext\u00e9rieur de la France (CCEF-Maroc) et de l\u2019<strong>Ambassade de France<\/strong> au Maroc.<\/p>\n<p>On apprend aussi que toutes les entreprises fran\u00e7aises ou \u00e0 capitaux franco-marocains, y compris les <strong>PME<\/strong>, ont mis en place des plans de continuit\u00e9 de leur activit\u00e9 et seront exemplaires pour pr\u00e9server au maximum l\u2019emploi et la r\u00e9mun\u00e9ration de leurs salari\u00e9s pendant cette p\u00e9riode.<\/p>\n<div class=\"c17\">\n<fieldset class=\"c16\">\n<legend><strong><span class=\"c11\">Challenge<\/span><span class=\"c12\">news<\/span><\/strong><\/legend>\n<div class=\"c15\">Le meilleur de Challenge s\u00e9lectionn\u00e9 par la r\u00e9daction :<\/p>\n<\/div>\n<\/fieldset>\n<\/div>\n<p>Auteur: challenge<br \/>\n<a href=\"https:\/\/www.challenge.ma\/fonds-special-les-filiales-marocaines-de-groupes-francais-apportent-leur-contribution-136866\/\">Cliquez ici pour lire l&rsquo;article depuis sa source.<\/a><\/p>\n","protected":false},"excerpt":{"rendered":"<p>Les filiales marocaines de groupes fran\u00e7ais et entreprises \u00e0 capitaux fran\u00e7ais au Maroc apportent une contribution d\u2019environ 500 millions de DH au fonds sp\u00e9cial pour la gestion de la pand\u00e9mie du Covid-19. L\u2019\u00e9lan de solidarit\u00e9 nationale se poursuit. En effet, les filiales marocaines de groupes fran\u00e7ais et entreprises \u00e0 capitaux fran\u00e7ais au Maroc, \u00e0 leur [&hellip;]<\/p>\n","protected":false},"author":1787,"featured_media":0,"comment_status":"closed","ping_status":"closed","sticky":false,"template":"","format":"standard","meta":{"fifu_image_url":"","fifu_image_alt":"","footnotes":""},"categories":[78,54],"tags":[],"class_list":["post-81861","post","type-post","status-publish","format-standard","hentry","category-economie","category-maroc"],"_links":{"self":[{"href":"https:\/\/linitiative.ca\/International\/wp-json\/wp\/v2\/posts\/81861","targetHints":{"allow":["GET"]}}],"collection":[{"href":"https:\/\/linitiative.ca\/International\/wp-json\/wp\/v2\/posts"}],"about":[{"href":"https:\/\/linitiative.ca\/International\/wp-json\/wp\/v2\/types\/post"}],"author":[{"embeddable":true,"href":"https:\/\/linitiative.ca\/International\/wp-json\/wp\/v2\/users\/1787"}],"replies":[{"embeddable":true,"href":"https:\/\/linitiative.ca\/International\/wp-json\/wp\/v2\/comments?post=81861"}],"version-history":[{"count":0,"href":"https:\/\/linitiative.ca\/International\/wp-json\/wp\/v2\/posts\/81861\/revisions"}],"wp:attachment":[{"href":"https:\/\/linitiative.ca\/International\/wp-json\/wp\/v2\/media?parent=81861"}],"wp:term":[{"taxonomy":"category","embeddable":true,"href":"https:\/\/linitiative.ca\/International\/wp-json\/wp\/v2\/categories?post=81861"},{"taxonomy":"post_tag","embeddable":true,"href":"https:\/\/linitiative.ca\/International\/wp-json\/wp\/v2\/tags?post=81861"}],"curies":[{"name":"wp","href":"https:\/\/api.w.org\/{rel}","templated":true}]}}