{"id":81862,"date":"2020-04-10T17:06:28","date_gmt":"2020-04-10T21:06:28","guid":{"rendered":"https:\/\/linitiative.ca\/International\/coronavirus-voici-les-recommandations-de-la-haca-aux-operateurs-audiovisuels\/"},"modified":"2020-04-10T17:06:28","modified_gmt":"2020-04-10T21:06:28","slug":"coronavirus-voici-les-recommandations-de-la-haca-aux-operateurs-audiovisuels","status":"publish","type":"post","link":"https:\/\/linitiative.ca\/International\/coronavirus-voici-les-recommandations-de-la-haca-aux-operateurs-audiovisuels\/","title":{"rendered":"Coronavirus : Voici les  recommandations de la HACA aux op\u00e9rateurs audiovisuels"},"content":{"rendered":"<p><strong>La Haute autorit\u00e9 de la Communication audiovisuelle (HACA) vient de formuler ses recommandations aux op\u00e9rateurs audiovisuels dans cette p\u00e9riode de pand\u00e9mie du coronavirus. Les d\u00e9tails.<\/strong><\/p>\n<div class=\"c10\"\/>\n<p>Dans le contexte de la <strong>mobilisation nationale<\/strong> pour enrayer la propagation du Coronavirus, le Conseil Sup\u00e9rieur de la Communication Audiovisuelle a adopt\u00e9, au terme d\u2019une t\u00e9l\u00e9-r\u00e9union tenue vendredi, un rapport faisant \u00e9tat de l\u2019effort d\u00e9ploy\u00e9 par les radios et t\u00e9l\u00e9visions marocaines pour adapter leur programmation et leurs contenus aux imp\u00e9ratifs de l\u2019<strong>\u00e9tat d\u2019urgence sanitaire<\/strong>, tout en rappelant quelques principes \u00e0 respecter en mati\u00e8re de traitement m\u00e9diatique de cette pand\u00e9mie.<\/p>\n<p>Eu \u00e9gard \u00e0 ses missions en mati\u00e8re de r\u00e9gulation de la communication audiovisuelle, la <strong>Haute autorit\u00e9 de la Communication audiovisuelle<\/strong> (HACA) a ainsi formul\u00e9 une s\u00e9rie de propositions visant, dans le respect de leur libert\u00e9 \u00e9ditoriale et du droit du citoyen \u00e0 l\u2019information, \u00e0 conforter davantage les efforts et les postures de vigilance au niveau de l\u2019accompagnement m\u00e9diatique des diff\u00e9rents aspects et r\u00e9percussions de cette crise pand\u00e9mique. Il est ainsi recommand\u00e9 de :<\/p>\n<p>-Prendre toutes les pr\u00e9cautions pour \u00e9viter le risque de stigmatisation des personnes touch\u00e9es ou pr\u00e9sum\u00e9es l\u2019\u00eatre par le <strong>coronavirus<\/strong> (Covid 19) et veiller au respect de leur dignit\u00e9, de leur droit \u00e0 l\u2019image et de leur vie priv\u00e9e.<\/p>\n<p>-\u00c9viter de divulguer l\u2019identit\u00e9 des personnes pr\u00e9sum\u00e9es avoir enfreint les dispositions prises par les autorit\u00e9s publiques encadrant l\u2019\u00e9tat d\u2019urgence sanitaire, tout en se gardant de toute confusion entre la pr\u00e9sentation critique des <strong>violations<\/strong> commises et l\u2019incitation \u00e0 la haine \u00e0 l\u2019encontre de leurs auteurs pr\u00e9sum\u00e9s.<\/p>\n<p>-\u00c9viter tout traitement pouvant lier des villes et des quartiers sp\u00e9cifiques \u00e0 l\u2019augmentation du nombre de personnes infect\u00e9es par le coronavirus pour pr\u00e9venir tout risque de <strong>stigmatisation<\/strong> de leurs habitants et de g\u00e9n\u00e9ration d\u2019attitudes et de comportements de d\u00e9fiance et de rejet \u00e0 leur encontre et ce sans pr\u00e9judice du droit du citoyen \u00e0 l\u2019information et \u00e0 la transparence des donn\u00e9es concernant la situation pand\u00e9mique dans notre pays ;<\/p>\n<p>-Prendre les mesures n\u00e9cessaires pour garantir que les personnes invit\u00e9es aux programmes pour s\u2019exprimer sur la nature du coronavirus (Covid 19), les mesures de pr\u00e9vention et les perspectives de traitement de l\u2019infection, ont l\u2019habilitation et l\u2019autorit\u00e9 scientifiques pour le faire. Il y a lieu aussi de s\u2019abstenir de diagnostiquer des maladies et de prescrire des traitements sur les ondes et sur les plateaux de t\u00e9l\u00e9vision ;<\/p>\n<p>-Renforcer le traitement m\u00e9diatique de la pand\u00e9mie en en abordant d\u2019autres dimensions \u00e9conomiques et sociales notamment, car cela est de nature \u00e0 contribuer \u00e0 att\u00e9nuer le sentiment d\u2019anxi\u00e9t\u00e9 au sein de la soci\u00e9t\u00e9 et \u00e0 consolider la confiance des citoyens dans l\u2019action publique d\u00e9di\u00e9e \u00e0 la gestion de cette situation d\u2019urgence. La participation de tous et l\u2019engagement des citoyens dans la mobilisation nationale globale sont favoris\u00e9s par la r\u00e9duction des incertitudes gr\u00e2ce \u00e0 l\u2019effort d\u2019information et d\u2019anticipation.<\/p>\n<p>-Capitaliser sur la couverture r\u00e9gionale des services audiovisuels pour consolider la proximit\u00e9 m\u00e9diatique en tant qu\u2019imp\u00e9ratif d\u2019efficience de cette communication de crise et mettre en lumi\u00e8re la r\u00e9alit\u00e9 et les r\u00e9percussions de la crise sanitaire sur l\u2019ensemble du territoire national y compris dans les zones les plus \u00e9loign\u00e9es.<\/p>\n<p>-Les radios r\u00e9gionales et locales, publiques et priv\u00e9es, peuvent davantage contribuer \u00e0 renforcer l\u2019information de proximit\u00e9 en tenant compte de la diversit\u00e9 linguistique, culturelle et territoriale du pays.<\/p>\n<p>-Il s\u2019agit ainsi de permettre aux citoyens, partout sur le territoire national, de faire conna\u00eetre leur exp\u00e9rience de l\u2019urgence sanitaire ce qui est susceptible de renforcer leur sentiment d\u2019int\u00e9gration \u00e0 la mobilisation nationale dans cette <strong>circonstance exceptionnelle<\/strong>. En outre, cette inclusion m\u00e9diatique est \u00e0 m\u00eame d\u2019encourager dans toutes les r\u00e9gions, des initiatives citoyennes visant \u00e0 limiter la propagation de la pand\u00e9mie et \u00e0 en r\u00e9duire les r\u00e9percussions.<\/p>\n<p>-Accro\u00eetre l\u2019usage du langage des signes dans l\u2019effort de communication et de sensibilisation d\u00e9ploy\u00e9 tout au long de cette p\u00e9riode par les services t\u00e9l\u00e9visuels pour rendre accessibles tous les spots de sensibilisation et toutes les \u00e9missions d\u2019int\u00e9r\u00eat g\u00e9n\u00e9ral relatives \u00e0 la question de la pand\u00e9mie. Par ailleurs, il est sugg\u00e9r\u00e9 \u2013 dans la mesure du possible \u2013 d\u2019\u00e9tendre cette accessibilit\u00e9 des capsules et programmes de sensibilisation \u00e0 travers l\u2019usage de sous-titres.<\/p>\n<p>-Accorder une plus grande attention m\u00e9diatique \u00e0 la situation des migrants et des r\u00e9fugi\u00e9s r\u00e9sidants au Maroc dans le contexte de l\u2019urgence sanitaire en accompagnement notamment de l\u2019importance de la d\u00e9cision politique et humanitaire prise par le Royaume d\u2019assurer les soins m\u00e9dicaux et la protection sociale et \u00e9conomique \u00e0 ces populations particuli\u00e8rement vuln\u00e9rables face \u00e0 la pand\u00e9mie.<\/p>\n<p>-En prolongation et en approfondissement de l\u2019effort in\u00e9dit consenti par les services radiophoniques et t\u00e9l\u00e9visuels, publics et priv\u00e9s, pour la d\u00e9construction des fausses informations, il y a opportunit\u00e9 \u00e0 mettre \u00e0 profit cette circonstance pour d\u00e9velopper des contenus d\u00e9di\u00e9s \u00e0 renforcer l\u2019\u00e9ducation m\u00e9diatique du citoyen et sa connaissance des exigences du travail d\u2019information par le son et l\u2019image.<\/p>\n<p>Dans une situation marqu\u00e9e par le d\u00e9veloppement du ph\u00e9nom\u00e8ne du deep-fake qui exploite les techniques de l\u2019intelligence artificielle et le pouvoir d\u2019impact de la vid\u00e9o, un tel effort contribuera \u00e0 la promotion de la vigilance du public et \u00e0 l\u2019aiguisement de son sens critique \u00e0 l\u2019\u00e9gard des informations manipulatoires circulant sur les r\u00e9seaux sociaux et les applications de messagerie instantan\u00e9e.<\/p>\n<p>Ce service ainsi offert au citoyen-usager des m\u00e9dias audiovisuels est de nature \u00e0 renforcer par ailleurs, la confiance envers les services radiophoniques et t\u00e9l\u00e9visuels en tant que m\u00e9dias responsables et cr\u00e9dibles.<\/p>\n<p>-En ces circonstances d\u2019urgence sanitaire globale, la n\u00e9cessit\u00e9 de r\u00e9pondre aux besoins des citoyens en mati\u00e8re de programmes audiovisuels culturels et de divertissement demeure av\u00e9r\u00e9e malgr\u00e9 le temps et l\u2019effort exceptionnels consacr\u00e9s pertinemment, au traitement des diff\u00e9rentes dimensions de la crise pand\u00e9mique.<\/p>\n<p>Outre le fait que la diffusion de ce type de programmes est partie int\u00e9grante des missions de service public, une telle programmation contribue \u00e0 divertir les citoyens et \u00e0 les aider \u00e0 surmonter le sentiment d\u2019inqui\u00e9tude et parfois de panique pouvant r\u00e9sulter de leur exposition \u00e0 un volume important de contenus m\u00e9diatiques plus ou moins anxiog\u00e8nes, exclusivement focalis\u00e9s sur la pand\u00e9mie et ses risques et d\u00e9clin\u00e9s sur diff\u00e9rents supports. Il est par ailleurs recommand\u00e9 d\u2019informer le public par une notification sp\u00e9ciale lors de la diffusion de spectacles, programmes artistiques et autres \u00e9missions de divertissement enregistr\u00e9s avant la propagation du Coronavirus et qui pourraient laisser croire que les gestes barri\u00e8res et les mesures de pr\u00e9caution contre le covid-19 n\u2019y sont pas respect\u00e9es,<\/p>\n<p>\u2013 Mutualiser entre les diff\u00e9rents services radiophoniques et t\u00e9l\u00e9visuels publics une partie de l\u2019effort de recherche, de collecte de l\u2019information et de r\u00e9alisation de contenus consacr\u00e9s \u00e0 la pand\u00e9mie. Une telle mesure permettra d\u2019all\u00e9ger la pression, en termes d\u2019efforts, de moyens logistiques et de ressources humaines, sur le service public et r\u00e9duira la mobilit\u00e9 des journalistes et des \u00e9quipes techniques dans cette situation exceptionnelle.<\/p>\n<div class=\"c17\">\n<fieldset class=\"c16\">\n<legend><strong><span class=\"c11\">Challenge<\/span><span class=\"c12\">news<\/span><\/strong><\/legend>\n<div class=\"c15\">Le meilleur de Challenge s\u00e9lectionn\u00e9 par la r\u00e9daction :<\/p>\n<\/div>\n<\/fieldset>\n<\/div>\n<p>Auteur: challenge<br \/>\n<a href=\"https:\/\/www.challenge.ma\/coronavirus-voici-les-recommandations-de-la-haca-aux-operateurs-audiovisuels-136870\/\">Cliquez ici pour lire l&rsquo;article depuis sa source.<\/a><\/p>\n","protected":false},"excerpt":{"rendered":"<p>La Haute autorit\u00e9 de la Communication audiovisuelle (HACA) vient de formuler ses recommandations aux op\u00e9rateurs audiovisuels dans cette p\u00e9riode de pand\u00e9mie du coronavirus. Les d\u00e9tails. Dans le contexte de la mobilisation nationale pour enrayer la propagation du Coronavirus, le Conseil Sup\u00e9rieur de la Communication Audiovisuelle a adopt\u00e9, au terme d\u2019une t\u00e9l\u00e9-r\u00e9union tenue vendredi, un rapport [&hellip;]<\/p>\n","protected":false},"author":1787,"featured_media":0,"comment_status":"closed","ping_status":"closed","sticky":false,"template":"","format":"standard","meta":{"fifu_image_url":"","fifu_image_alt":"","footnotes":""},"categories":[78,54],"tags":[],"class_list":["post-81862","post","type-post","status-publish","format-standard","hentry","category-economie","category-maroc"],"_links":{"self":[{"href":"https:\/\/linitiative.ca\/International\/wp-json\/wp\/v2\/posts\/81862","targetHints":{"allow":["GET"]}}],"collection":[{"href":"https:\/\/linitiative.ca\/International\/wp-json\/wp\/v2\/posts"}],"about":[{"href":"https:\/\/linitiative.ca\/International\/wp-json\/wp\/v2\/types\/post"}],"author":[{"embeddable":true,"href":"https:\/\/linitiative.ca\/International\/wp-json\/wp\/v2\/users\/1787"}],"replies":[{"embeddable":true,"href":"https:\/\/linitiative.ca\/International\/wp-json\/wp\/v2\/comments?post=81862"}],"version-history":[{"count":0,"href":"https:\/\/linitiative.ca\/International\/wp-json\/wp\/v2\/posts\/81862\/revisions"}],"wp:attachment":[{"href":"https:\/\/linitiative.ca\/International\/wp-json\/wp\/v2\/media?parent=81862"}],"wp:term":[{"taxonomy":"category","embeddable":true,"href":"https:\/\/linitiative.ca\/International\/wp-json\/wp\/v2\/categories?post=81862"},{"taxonomy":"post_tag","embeddable":true,"href":"https:\/\/linitiative.ca\/International\/wp-json\/wp\/v2\/tags?post=81862"}],"curies":[{"name":"wp","href":"https:\/\/api.w.org\/{rel}","templated":true}]}}