{"id":81863,"date":"2020-04-10T17:14:09","date_gmt":"2020-04-10T21:14:09","guid":{"rendered":"https:\/\/linitiative.ca\/International\/port-obligatoire-du-masque-au-maroc-letude-qui-a-ete-a-lorigine-de-la-reunion-des-ministres\/"},"modified":"2020-04-10T17:14:09","modified_gmt":"2020-04-10T21:14:09","slug":"port-obligatoire-du-masque-au-maroc-letude-qui-a-ete-a-lorigine-de-la-reunion-des-ministres","status":"publish","type":"post","link":"https:\/\/linitiative.ca\/International\/port-obligatoire-du-masque-au-maroc-letude-qui-a-ete-a-lorigine-de-la-reunion-des-ministres\/","title":{"rendered":"Port obligatoire du masque au Maroc : l\u2019\u00e9tude qui a \u00e9t\u00e9 \u00e0 l\u2019origine de la r\u00e9union des ministres"},"content":{"rendered":"<p><strong>Abdelghani EL HARFI, Professeur Universitaire \u00e0 la Facult\u00e9 des Sciences d\u2019Agadir a adress\u00e9\u00a0 le 4 avril\u00a0 \u00e0 plusieurs Ministres, les conclusions d\u2019une \u00e9tude quantitative et comparative des donn\u00e9es sur la pand\u00e9mie du coronavirus dans les pays de l\u2019Asie orientale, de l\u2019Europe occidentale, de l\u2019Am\u00e9rique du Nord et du Maroc, qui a abouti \u00e0 l\u2019importance du port obligatoire du masque facial dans les lieux publics.\u00a0 Son rapport serait \u00e0 l\u2019origine de la r\u00e9union le lundi 6 avril des ministres et de la d\u00e9cision de rendre obligatoire le port du masque facial dans les lieux publics \u00e0 partir du 7 avril 2020.\u00a0<\/strong><\/p>\n<div class=\"c10\"\/>\n<p>Lundi 7 avril, un communiqu\u00e9 conjoint des minist\u00e8res de la Sant\u00e9, de l\u2019Int\u00e9rieur, des Finances et du Commerce et de l\u2019industrie annonce que le port des masques de protection sera obligatoire d\u00e8s ce mardi 7 avril 2020, pour toute personne se trouvant \u00e0 l\u2019ext\u00e9rieur de son lieu de r\u00e9sidence. Une d\u00e9cision qui a pris de court plus d\u2019un d\u2019autant plus que le port g\u00e9n\u00e9ralis\u00e9 du masque ne fait pas l\u2019unanimit\u00e9 sur la plan\u00e8te. En effet, si dans les pays asiatiques, les masques sont l\u00e9gion, les pays occidentaux tardent \u00e0 adopter le port du masque g\u00e9n\u00e9ralis\u00e9. Est-ce une grave erreur ? Si certains pays ont fait volte-face et recommandent \u00e0 leurs populations de se couvrir le visage quand ils sortent de chez eux, d\u2019autres, en disant s\u2019appuyer sur des donn\u00e9es scientifiques, soutiennent que les masques doivent \u00eatre uniquement utilis\u00e9s par les soignants, les malades et leur entourage proche.<\/p>\n<p><strong>L\u2019\u00e9tude adress\u00e9e aux Ministres du gouvernement<\/strong><\/p>\n<p>Il faut dire que si pour les travailleurs de la sant\u00e9, le b\u00e9n\u00e9fice de porter un masque a \u00e9t\u00e9 clairement d\u00e9montr\u00e9 par des \u00e9tudes scientifiques, tr\u00e8s peu d\u2019\u00e9tudes ont \u00e9t\u00e9 faites pour la population g\u00e9n\u00e9rale. Mais ces derni\u00e8res semaines, de plus en plus d\u2019\u00e9tudes \u00ab de laboratoire \u00bb et d\u2019\u00e9tudes bas\u00e9es sur des observations sont r\u00e9alis\u00e9es comme celle r\u00e9alis\u00e9e par Abdelghani EL HARFI, Professeur Universitaire \u00e0 la Facult\u00e9 des Sciences d\u2019Agadir de l\u2019Universit\u00e9 Ibnou Zohr (Membre du Comit\u00e9 Scientifique). \u00ab\u00a0<em>Il s\u2019agit d\u2019une \u00e9tude scientifique quantitative et comparative des donn\u00e9es sur la pand\u00e9mie du coronavirus Covid-19 dans les pays de l\u2019Asie orientale, de l\u2019Europe occidentale, de l\u2019Am\u00e9rique du Nord et du Maroc. Le 4 avril, j\u2019ai adress\u00e9 les conclusions de ce rapport \u00e0 plusieurs Ministres qui \u00e9taient tr\u00e8s r\u00e9actifs. Car, le Pr\u00e9sident de l\u2019Universit\u00e9 Ibnou Zohr m\u2019a inform\u00e9 que cette \u00e9tude est \u00e0 l\u2019origine de la r\u00e9union des ministres et de la d\u00e9cision de rendre obligatoire au Maroc le port du masque facial dans les lieux publics \u00e0 partir du 7 avril 2020<\/em>\u00a0\u00bb, explique le Prof. EL HARFI. Que dit alors ce rapport qui a tout chang\u00e9 concernant le port du masque au Maroc\u00a0?<\/p>\n<p><strong>Les conclusions du rapport<\/strong><\/p>\n<p>Selon le Professeur universitaire, dans chaque \u00e9pid\u00e9mie, il y a toujours une face cach\u00e9e de l\u2019iceberg. Cette partie cach\u00e9e, personne ne peut la conna\u00eetre, m\u00eame ceux qui ont mis en place le d\u00e9pistage massif, comme en Cor\u00e9e du sud ou en Allemagne. Comme le Maroc ne peut pas se permettre le d\u00e9pistage massif, alors l\u2019affirmation selon laquelle tous les cas r\u00e9els n\u2019ont pas \u00e9t\u00e9 d\u00e9tect\u00e9s, est une \u00e9vidence. Par cons\u00e9quent, cela signifie qu\u2019il y a s\u00fbrement dans la population, des personnes infect\u00e9es, malades ou \u00ab asymptomatiques \u00bb susceptibles d\u2019infecter, de mani\u00e8re non d\u00e9tectable, d\u2019autres personnes saines. C\u2019est l\u00e0 que r\u00e9side la gravit\u00e9 de ce virus. Malgr\u00e9 que le Maroc ait pris tr\u00e8s t\u00f4t des mesures drastiques de pr\u00e9caution contre la propagation de la pand\u00e9mie coronavirus, depuis le 2 mars 2020, ces pr\u00e9cautions se sont malheureusement av\u00e9r\u00e9es insuffisantes. \u00ab\u00a0<em>Il appara\u00eet donc que la strat\u00e9gie la plus efficace qui a permis aux pays asiatiques de freiner les contagions (\u00e0 savoir le port obligatoire du masque facial), devrait \u00eatre mise en place en urgence au Maroc. Porter un masque pour se couvrir le visage quand on sort de chez soi devrait ainsi \u00eatre une recommandation obligatoire pour toute la population marocaine et dans tous les espaces publics. Elle permettrait s\u00fbrement d\u2019aider \u00e0 freiner les contagions et la propagation de la pand\u00e9mie de <strong>Covid<\/strong>-19<\/em>\u00a0\u00bb, dit-il. Et d\u2019ajouter \u00e0 travers l\u2019\u00e9tude envoy\u00e9e aux Ministres, qu\u2019en l\u2019absence ou d\u2019insuffisance de stocks de masques de protection professionnels, qu\u2019il faudrait insister aupr\u00e8s de la population \u00e0 se couvrir le visage avec des masques artisanaux, des foulards ou des bandanas, afin de r\u00e9server les masques m\u00e9dicaux aux soignants. Pour \u00e9viter la ru\u00e9e sur les masques m\u00e9dicaux, il faudrait \u00e9galement mettre en avant les masques faits maison ou fabriqu\u00e9s par l\u2019industrie textile nationale. Dans sa conclusion, le Prof. EL HARFI a indiqu\u00e9 aux Ministres que le seul rem\u00e8de aujourd\u2019hui, d\u2019apr\u00e8s l\u2019\u00e9tat actuel des donn\u00e9es et des recherches, pour diminuer ce risque au Maroc est le port d\u2019un masque facial par toute la population, en associant \u00e9videmment les pr\u00e9cautions hygi\u00e9niques (lavage des mains, utilisation d\u2019antiseptiques et de d\u00e9sinfectants), les gestes barri\u00e8res, la distanciation sociale et le d\u00e9pistage \u00e0 volont\u00e9 lorsque cela est possible. Comment le Professeur Universitaire \u00e0 la Facult\u00e9 des Sciences d\u2019Agadir est-il arriv\u00e9 \u00e0 cette conclusion\u00a0?<\/p>\n<p><img decoding=\"async\" src=\"https:\/\/linitiative.ca\/International\/wp-content\/uploads\/sites\/23\/2020\/04\/PHOTO2PROF-1024x558-1.jpg\" alt=\"\" class=\"wp-image-136875\" srcset=\"https:\/\/linitiative.ca\/International\/wp-content\/uploads\/sites\/23\/2020\/04\/PHOTO2PROF-1024x558-1.jpg 1024w, https:\/\/www.challenge.ma\/wp-content\/uploads\/2020\/04\/PHOTO2PROF-300x163.jpg 300w, https:\/\/www.challenge.ma\/wp-content\/uploads\/2020\/04\/PHOTO2PROF-768x418.jpg 768w, https:\/\/www.challenge.ma\/wp-content\/uploads\/2020\/04\/PHOTO2PROF-360x196.jpg 360w, https:\/\/www.challenge.ma\/wp-content\/uploads\/2020\/04\/PHOTO2PROF-750x408.jpg 750w, https:\/\/www.challenge.ma\/wp-content\/uploads\/2020\/04\/PHOTO2PROF.jpg 1280w\" sizes=\"(max-width: 1024px) 100vw, 1024px\"\/><\/p>\n<p><strong>La comparaison qui dit tout<\/strong><\/p>\n<p>En fait, le Professeur universitaire est parti d\u2019une observation avant d\u2019analyser comparativement des donn\u00e9es actuelles sur la pand\u00e9mie du coronavirus\u00a0: pourquoi des pays comme ceux de l\u2019Asie, de l\u2019Europe et de l\u2019Am\u00e9rique du Nord, situ\u00e9s sur des continents diff\u00e9rents, ayant contract\u00e9 tous le virus en m\u00eame temps (premiers cas confirm\u00e9s), se retrouvent deux mois plus tard dans deux situations pand\u00e9miques extr\u00eamement diff\u00e9rentes (voir Tableau 1) ? En effet, apr\u00e8s cette courte p\u00e9riode, le nombre de cas et de d\u00e9c\u00e8s a explos\u00e9 en Europe occidentale et aux USA alors que les pays de l\u2019Asie orientale arrivent \u00e0 freiner la propagation de la pand\u00e9mie et l\u2019ont grandement limit\u00e9e. Un constat qui a pouss\u00e9 le Prof. EL HARFI \u00e0 arriver \u00e0 interpr\u00e9ter et \u00e0 tirer des conclusions. Selon lui, depuis l\u2019apparition de cette maladie infectieuse, la gestion de l\u2019\u00e9pid\u00e9mie \u00e9tait tr\u00e8s diff\u00e9rente entre les 2 groupes de l\u2019Asie d\u2019une part (groupe A) ; les pays europ\u00e9ens et les USA d\u2019autres part (groupe B).<\/p>\n<p>Dans le groupe A, qu\u2019ils soient 1,4 milliard d\u2019habitants pour la Chine, 51 millions pour la Cor\u00e9e du Sud ou 24 millions pour <s>le<\/s> Ta\u00efwan, tous les pays de l\u2019Asie orientale se sont mobilis\u00e9s efficacement contre la pand\u00e9mie : confinement cibl\u00e9 et non g\u00e9n\u00e9ralis\u00e9, une bonne hygi\u00e8ne, d\u00e9pistage \u00e0 volont\u00e9, suivi et g\u00e9olocalisation des contamin\u00e9s, mais surtout le port obligatoire du masque facial de protection dans les lieux public sous peine d\u2019amende (exemple de la Chine).<\/p>\n<p>Dans le groupe B (Europe, \u00c9tats-Unis), malheureusement, la plupart des d\u00e9cisions de confinement annonc\u00e9es par les gouvernements de ces pays, afin d\u2019endiguer la propagation du coronavirus ont \u00e9t\u00e9 prises en retard (plus de 8000 cas). L\u2019objectif du confinement \u00e9tait de limiter le plus possible le nombre de cas de contamination dans le temps, de mani\u00e8re \u00e0 ce que les \u00e9tablissements hospitaliers ne soient pas submerg\u00e9s par un afflux de patients. \u00ab\u00a0<em>La solution passe alors par : un confinement plus ou moins strict de la population, de bonnes mesures d\u2019hygi\u00e8ne (lavage des mains, utilisation d\u2019antiseptiques et de d\u00e9sinfectants) et la mise en place de la distanciation sociale. Par contre, le port du masque \u00e9tait obligatoire uniquement pour les professionnels de la sant\u00e9 et volontaire pour la population. L\u2019objectif est de casser la dynamique de propagation exponentielle du virus, qui double le nombre de cas en quelques jours\u00a0\u00bb, souligne le Prof.<\/em> EL HARFI qui oppose celle de la Chine qui a pris une d\u00e9cision exceptionnelle pour <em>Wuhan en rendant obligatoire dans cette r\u00e9gion le port d\u2019un masque facial dans les lieux publics sous peine d\u2019amende. \u00ab\u00a0<\/em>Donc le confinement de la population, associ\u00e9 aux mesures de protection et de pr\u00e9ventions, dont le port obligatoire d\u2019un masque facial, sont parmi les strat\u00e9gies essentielles ayant permis \u00e0 la Chine de ma\u00eetriser l\u2019\u00e9pid\u00e9mie. D\u2019ailleurs, les autres pays asiatiques qui sont arriv\u00e9s \u00e0 stopper cette pand\u00e9mie ou \u00e0 la ralentir comme, le Japon, Hong-Kong, <s>le<\/s> Ta\u00efwan, le Vietnam et la Cor\u00e9e du Sud ont tous pris des d\u00e9cisions s\u00e9v\u00e8res sur l\u2019obligation du port du masque par le grand public. Par contre, le confinement de la population \u00e9tait limit\u00e9 et n\u2019\u00e9tait pas aussi s\u00e9v\u00e8re que la Chine et les pays europ\u00e9ens<em>\u00a0\u00bb,<\/em> rel\u00e8ve le Professeur qui a bien indiqu\u00e9 dans son rapport adress\u00e9 aux Ministres que \u00ab\u00a0<em>Le Maroc devrait donc \u00e9viter par tous les moyens cette grave erreur qu\u2019a commis l\u2019occident et les USA\u00a0\u00bb.<\/em> A noter que le Prof. EL HARFI a aussi \u00e9tay\u00e9 son \u00e9tude par beaucoup de preuves pour appuyer la pertinence de cette conclusion selon laquelle le Royaume doit rendre obligatoire le port du masque. Parmi celles-ci, on peut citer l\u2019<em>interview accord\u00e9e \u00e0 la revue Science \u00a0du 27 mars 2020, par le Directeur G\u00e9n\u00e9ral du Centre Chinois de Contr\u00f4le et de Pr\u00e9ventions des Maladies, George Gao, qui estime que la \u00ab grande erreur \u00bb des pays occidentaux \u00e9tait de ne pas avoir port\u00e9 de masques. \u00ab Ce virus se transmet par les gouttelettes respiratoires, de personne \u00e0 personne. Les gouttelettes jouent un r\u00f4le tr\u00e8s important, d\u2019o\u00f9 la n\u00e9cessit\u00e9 du masque. Le simple fait de parler peut transmettre le virus. De nombreux individus atteints sont asymptomatiques, ou ne pr\u00e9sentent pas encore de sympt\u00f4mes : avec un masque, on peut emp\u00eacher les gouttelettes porteuses du virus de s\u2019\u00e9chapper et d\u2019infecter les autres. \u00bb,<\/em> avait d\u00e9clar\u00e9 l\u2019expert chinois.<\/p>\n<p><em>Autres preuves scientifiques en cours d\u2019\u00e9tude en ce moment et mise en avant par le Prof.<\/em> EL HARFI dans son \u00e9tude <em>: les Acad\u00e9mies am\u00e9ricaines des sciences ont cit\u00e9, dans une lettre \u00e0 destination de la Maison-Blanche mercredi 1er avril 2020, quatre \u00e9tudes faisant pencher la balance en faveur d\u2019une transmission du virus via l\u2019air expir\u00e9 par les gens. Du c\u00f4t\u00e9 de\u00a0l\u2019Allemagne et suite \u00e0 l\u2019annonce de l\u2019Acad\u00e9mie de m\u00e9decine fran\u00e7aise sur le port des masques grand public, rel\u00e8ve l\u2019\u00e9tude du Professeur marocain, l\u2019Institut Robert-Koch, l\u2019\u00e9tablissement de r\u00e9f\u00e9rence en sant\u00e9 publique, a encourag\u00e9 vendredi (3 avril 2020) les citoyens \u00e0 porter en public des masques faits maison. Il n\u2019y a \u00abpas encore de preuves scientifiques\u00bb qui limitent la propagation du virus, mais cela \u00absemble plausible\u00bb, avait estim\u00e9 son pr\u00e9sident Lothar Wieler.<\/em><\/p>\n<p>Lire aussi : <a href=\"https:\/\/www.challenge.ma\/1448-cas-cumules-vendredi-a-18h-122-guerisons-136844\/\">1448 cas cumul\u00e9s vendredi \u00e0 18H, 122 gu\u00e9risons<\/a><\/p>\n<div class=\"c17\">\n<fieldset class=\"c16\">\n<legend><strong><span class=\"c11\">Challenge<\/span><span class=\"c12\">news<\/span><\/strong><\/legend>\n<div class=\"c15\">Le meilleur de Challenge s\u00e9lectionn\u00e9 par la r\u00e9daction :<\/p>\n<\/div>\n<\/fieldset>\n<\/div>\n<p>Auteur: Adama Sylla<br \/>\n<a href=\"https:\/\/www.challenge.ma\/port-obligatoire-du-masque-au-maroc-letude-qui-a-ete-a-lorigine-de-la-reunion-des-ministres-136871\/\">Cliquez ici pour lire l&rsquo;article depuis sa source.<\/a><\/p>\n","protected":false},"excerpt":{"rendered":"<p>Abdelghani EL HARFI, Professeur Universitaire \u00e0 la Facult\u00e9 des Sciences d\u2019Agadir a adress\u00e9\u00a0 le 4 avril\u00a0 \u00e0 plusieurs Ministres, les conclusions d\u2019une \u00e9tude quantitative et comparative des donn\u00e9es sur la pand\u00e9mie du coronavirus dans les pays de l\u2019Asie orientale, de l\u2019Europe occidentale, de l\u2019Am\u00e9rique du Nord et du Maroc, qui a abouti \u00e0 l\u2019importance du [&hellip;]<\/p>\n","protected":false},"author":1787,"featured_media":81864,"comment_status":"closed","ping_status":"closed","sticky":false,"template":"","format":"standard","meta":{"fifu_image_url":"","fifu_image_alt":"","footnotes":""},"categories":[78,54],"tags":[],"class_list":["post-81863","post","type-post","status-publish","format-standard","has-post-thumbnail","hentry","category-economie","category-maroc"],"_links":{"self":[{"href":"https:\/\/linitiative.ca\/International\/wp-json\/wp\/v2\/posts\/81863","targetHints":{"allow":["GET"]}}],"collection":[{"href":"https:\/\/linitiative.ca\/International\/wp-json\/wp\/v2\/posts"}],"about":[{"href":"https:\/\/linitiative.ca\/International\/wp-json\/wp\/v2\/types\/post"}],"author":[{"embeddable":true,"href":"https:\/\/linitiative.ca\/International\/wp-json\/wp\/v2\/users\/1787"}],"replies":[{"embeddable":true,"href":"https:\/\/linitiative.ca\/International\/wp-json\/wp\/v2\/comments?post=81863"}],"version-history":[{"count":0,"href":"https:\/\/linitiative.ca\/International\/wp-json\/wp\/v2\/posts\/81863\/revisions"}],"wp:featuredmedia":[{"embeddable":true,"href":"https:\/\/linitiative.ca\/International\/wp-json\/"}],"wp:attachment":[{"href":"https:\/\/linitiative.ca\/International\/wp-json\/wp\/v2\/media?parent=81863"}],"wp:term":[{"taxonomy":"category","embeddable":true,"href":"https:\/\/linitiative.ca\/International\/wp-json\/wp\/v2\/categories?post=81863"},{"taxonomy":"post_tag","embeddable":true,"href":"https:\/\/linitiative.ca\/International\/wp-json\/wp\/v2\/tags?post=81863"}],"curies":[{"name":"wp","href":"https:\/\/api.w.org\/{rel}","templated":true}]}}