{"id":81867,"date":"2020-04-10T16:28:51","date_gmt":"2020-04-10T20:28:51","guid":{"rendered":"https:\/\/linitiative.ca\/International\/tunisie-le-snjt-condamne-la-campagne-contre-un-journaliste-ayant-ose-critiquer-abdellatif-makki\/"},"modified":"2020-04-10T16:28:51","modified_gmt":"2020-04-10T20:28:51","slug":"tunisie-le-snjt-condamne-la-campagne-contre-un-journaliste-ayant-ose-critiquer-abdellatif-makki","status":"publish","type":"post","link":"https:\/\/linitiative.ca\/International\/tunisie-le-snjt-condamne-la-campagne-contre-un-journaliste-ayant-ose-critiquer-abdellatif-makki\/","title":{"rendered":"Tunisie \u2013 Le SNJT condamne la campagne contre un journaliste ayant os\u00e9 critiquer Abdellatif Makki"},"content":{"rendered":"<div class=\"post-cont-in left relative\">\n<p>Le SNJT a publi\u00e9 un communiqu\u00e9 pour condamner la campagne d\u2019insultes et de d\u00e9nigrement qui cible depuis hier, le journaliste de la chaine de la radio nationale, Khalifa Chouchane, qui a os\u00e9 critiquer l\u2019intouchable ministre de la sant\u00e9, Abdellatif Makki, en lui rappelant la n\u00e9cessit\u00e9 de respecter les r\u00e8gles de pr\u00e9vention qu\u2019on pr\u00f4ne pr\u00e8s des gens, comme le port du masque ou le respect de la distanciation sociale. Par ailleurs, Chouchane a os\u00e9 le l\u00e8se-majest\u00e9 de d\u00e9clarer que le <a href=\"https:\/\/www.tunisienumerique.com\/tunisie-actualite\/coronavirus\/\" title=\"coronavirus\" target=\"_top\" class=\"auto-link\" rel=\"noopener noreferrer\">coronavirus<\/a> n\u2019est pas sensible aux larmes, et de remarquer que l\u2019Etat a fait preuve de manque de fermet\u00e9 dans l\u2019application de la strat\u00e9gie, comme pour le confinement et la mise en quarantaine des personnes suspectes.<\/p>\n<div class=\"code-block code-block-1 c3\"><ins class=\"adsbygoogle c2\" data-ad-layout=\"in-article\" data-ad-format=\"fluid\" data-ad-client=\"ca-pub-2102118777505746\" data-ad-slot=\"7301775417\"\/> <\/div>\n<p>Cela a suffi pour que le ministre suspende net toutes ses activit\u00e9s et prenne le t\u00e9l\u00e9phone pour demander le droit de r\u00e9ponse sur les ondes de la radio nationale, et pour se l\u00e2cher sur le journaliste assurant qu\u2019il n\u2019\u00e9tait pas qualifi\u00e9 pour critiquer les mesures prises. Cette riposte a \u00e9t\u00e9 comme le cri de ralliement des milices bleues qui se sont, imm\u00e9diatement, l\u00e2ch\u00e9s sur le journalise.<\/p>\n<p>Le SNJT condamne ce comportement de la part du ministre de la sant\u00e9 qui refuse qu\u2019on le critique, sous pr\u00e9texte que le pays est en guerre. Le syndicat rappelle au ministre le r\u00f4le primordial jou\u00e9 par les m\u00e9dias et les journalistes, dans la lutte contre l\u2019\u00e9pid\u00e9mie.<\/p>\n<div class=\"swp_social_panel swp_horizontal_panel swp_flat_fresh swp_default_full_color swp_individual_full_color swp_other_full_color scale-100 scale-\" data-min-width=\"1100\" data-float-color=\"#ffffff\" data-float=\"bottom\" data-float-mobile=\"bottom\" data-transition=\"slide\">\n<div class=\"nc_tweetContainer swp_share_button total_shares total_sharesalt\"><span class=\"swp_count\">1 <span class=\"swp_label\">Partages<\/span><\/span><\/div>\n<\/div>\n<p><strong>Que se passe-t-il en Tunisie?<\/strong><br \/>Nous expliquons sur notre <a href=\"https:\/\/www.youtube.com\/channel\/UCRzypVq0B_yBad5eGrwBx0Q?sub_confirmation=1\" target=\"_blank\" rel=\"noopener noreferrer\">cha\u00eene YouTube<\/a> . <a href=\"https:\/\/www.youtube.com\/channel\/UCRzypVq0B_yBad5eGrwBx0Q?sub_confirmation=1\" target=\"_blank\" rel=\"noopener noreferrer\">Abonnez-vous!<\/a><\/p>\n<div class=\"mvp-org-wrap mvp-org-logo\" itemprop=\"publisher\" itemscope=\"\" itemtype=\"https:\/\/schema.org\/Organization\"><img decoding=\"async\" src=\"https:\/\/linitiative.ca\/International\/wp-content\/uploads\/sites\/23\/2020\/04\/logo_tunisie_numerique-41.png\"\/><\/div>\n<div class=\"mvp-related-posts left relative\">\n<h4 class=\"post-header\"><span class=\"post-header\">Lire aussi<\/span><\/h4>\n<\/div>\n<div id=\"article-ad\"><ins class=\"adsbygoogle c4\" data-ad-client=\"ca-pub-2102118777505746\" data-ad-slot=\"6513972734\" data-ad-format=\"auto\" data-full-width-responsive=\"true\"\/> <\/div>\n<\/div>\n<div id=\"post-sidebar-wrap\"><ins class=\"adsbygoogle c4\" data-ad-client=\"ca-pub-2102118777505746\" data-ad-slot=\"6168283410\" data-ad-format=\"auto\" data-full-width-responsive=\"true\"\/> <\/div>\n<p>Auteur: LM<br \/>\n<a href=\"https:\/\/www.tunisienumerique.com\/tunisie-le-snjt-condamne-la-campagne-contre-un-journaliste-ayant-ose-critiquer-abdellatif-makki\/\">Cliquez ici pour lire l&rsquo;article depuis sa source.<\/a><\/p>\n","protected":false},"excerpt":{"rendered":"<p>Le SNJT a publi\u00e9 un communiqu\u00e9 pour condamner la campagne d\u2019insultes et de d\u00e9nigrement qui cible depuis hier, le journaliste de la chaine de la radio nationale, Khalifa Chouchane, qui a os\u00e9 critiquer l\u2019intouchable ministre de la sant\u00e9, Abdellatif Makki, en lui rappelant la n\u00e9cessit\u00e9 de respecter les r\u00e8gles de pr\u00e9vention qu\u2019on pr\u00f4ne pr\u00e8s des [&hellip;]<\/p>\n","protected":false},"author":1789,"featured_media":81868,"comment_status":"closed","ping_status":"closed","sticky":false,"template":"","format":"standard","meta":{"fifu_image_url":"","fifu_image_alt":"","footnotes":""},"categories":[73,55],"tags":[],"class_list":["post-81867","post","type-post","status-publish","format-standard","has-post-thumbnail","hentry","category-actualite","category-tunisie"],"_links":{"self":[{"href":"https:\/\/linitiative.ca\/International\/wp-json\/wp\/v2\/posts\/81867","targetHints":{"allow":["GET"]}}],"collection":[{"href":"https:\/\/linitiative.ca\/International\/wp-json\/wp\/v2\/posts"}],"about":[{"href":"https:\/\/linitiative.ca\/International\/wp-json\/wp\/v2\/types\/post"}],"author":[{"embeddable":true,"href":"https:\/\/linitiative.ca\/International\/wp-json\/wp\/v2\/users\/1789"}],"replies":[{"embeddable":true,"href":"https:\/\/linitiative.ca\/International\/wp-json\/wp\/v2\/comments?post=81867"}],"version-history":[{"count":0,"href":"https:\/\/linitiative.ca\/International\/wp-json\/wp\/v2\/posts\/81867\/revisions"}],"wp:featuredmedia":[{"embeddable":true,"href":"https:\/\/linitiative.ca\/International\/wp-json\/"}],"wp:attachment":[{"href":"https:\/\/linitiative.ca\/International\/wp-json\/wp\/v2\/media?parent=81867"}],"wp:term":[{"taxonomy":"category","embeddable":true,"href":"https:\/\/linitiative.ca\/International\/wp-json\/wp\/v2\/categories?post=81867"},{"taxonomy":"post_tag","embeddable":true,"href":"https:\/\/linitiative.ca\/International\/wp-json\/wp\/v2\/tags?post=81867"}],"curies":[{"name":"wp","href":"https:\/\/api.w.org\/{rel}","templated":true}]}}