{"id":81871,"date":"2020-04-10T16:58:17","date_gmt":"2020-04-10T20:58:17","guid":{"rendered":"https:\/\/linitiative.ca\/International\/tunisie-coronavirus-et-ce-qui-devait-arriver-arriva\/"},"modified":"2020-04-10T16:58:17","modified_gmt":"2020-04-10T20:58:17","slug":"tunisie-coronavirus-et-ce-qui-devait-arriver-arriva","status":"publish","type":"post","link":"https:\/\/linitiative.ca\/International\/tunisie-coronavirus-et-ce-qui-devait-arriver-arriva\/","title":{"rendered":"Tunisie \u2013 Coronavirus\u00a0: Et ce qui devait arriver arriva\u00a0!"},"content":{"rendered":"<div class=\"post-cont-in left relative\">\n<p>Le docteur Jalila Ben Khalil, m\u00e9decin r\u00e9animateur \u00e0 l\u2019h\u00f4pital Abbderrahmen Mami, \u00e0 l\u2019Ariana, a annonc\u00e9, ce vendredi sur radio Shems FM, que la pression sur le num\u00e9ro d\u2019appel 190 a nettement r\u00e9gress\u00e9, depuis quelques jours. Ce qui, conjugu\u00e9 \u00e0 la diminution nette des nouveaux cas d\u00e9tect\u00e9s ces derniers jours, laisse pr\u00e9sager que ce \u00e0 quoi nous avions attir\u00e9 l\u2019attention a fini par arriver. En effet, et sachant que la grande majorit\u00e9 des tests viraux pratiqu\u00e9s, concernent des personnes pr\u00e9sentant une symptomatologie franche du covid19, il devient \u00e9vident que les malades ressentant les signes de la maladie et craignant d\u2019\u00eatre malades pr\u00e9f\u00e8rent rester chez eux et cacher leur maladie, que d\u2019appeler les services sanitaires, et demander de l\u2019aide au risque de se voir arrach\u00e9 \u00e0 sa famille et sa maison, et plac\u00e9 dans un centre de confinement, parfois assez \u00e9loign\u00e9 de chez eux.<\/p>\n<div class=\"code-block code-block-1 c3\"><ins class=\"adsbygoogle c2\" data-ad-layout=\"in-article\" data-ad-format=\"fluid\" data-ad-client=\"ca-pub-2102118777505746\" data-ad-slot=\"7301775417\"\/> <\/div>\n<p>Nous avions attir\u00e9 l\u2019attention sur ce risque suite eu revirement dans la d\u00e9cision du minist\u00e8re de la sant\u00e9 qui, apr\u00e8s avoir demand\u00e9 aux gens de rester chez eux, en auto-confinement, a d\u00e9cider de changer l\u2019arme d\u2019\u00e9paule, et de d\u00e9cider de faire interner les malades selon la gravit\u00e9 de leurs signes, \u00e0 l\u2019h\u00f4pital, ou, au mieux, dans un centre de confinement.<\/p>\n<p>Maintenant, ce qui reste \u00e0 craindre, pour les prochains jours, c\u2019est une augmentation du nombre relev\u00e9 des formes graves de la maladie, voire, carr\u00e9ment, de d\u00e9c\u00e8s, \u00e0 cause de cette r\u00e9ticence des malades \u00e0 se manifester.<\/p>\n<p>Du coup, il faudrait op\u00e9rer un virage dans la campagne de sensibilisation, pour en appeler aux membres des familles des malades pour leur expliquer que le fait de cacher l\u2019\u00e9tat de leur parent pourrait lui \u00eatre fatal.<\/p>\n<p>C\u2019est ce genre d\u2019al\u00e9as qui arrivent in\u00e9luctablement, quand on proc\u00e8de avec une approche h\u00e9sitante, balbutiante, ou quand on prend des d\u00e9cisions contradictoires, qui n\u2019aident pas \u00e0 gagner la confiance des citoyens\u00a0!<\/p>\n<div class=\"swp_social_panel swp_horizontal_panel swp_flat_fresh swp_default_full_color swp_individual_full_color swp_other_full_color scale-100 scale-\" data-min-width=\"1100\" data-float-color=\"#ffffff\" data-float=\"bottom\" data-float-mobile=\"bottom\" data-transition=\"slide\">\n<div class=\"nc_tweetContainer swp_share_button total_shares total_sharesalt\"><span class=\"swp_count\">1 <span class=\"swp_label\">Partages<\/span><\/span><\/div>\n<\/div>\n<p><strong>Que se passe-t-il en Tunisie?<\/strong><br \/>Nous expliquons sur notre <a href=\"https:\/\/www.youtube.com\/channel\/UCRzypVq0B_yBad5eGrwBx0Q?sub_confirmation=1\" target=\"_blank\" rel=\"noopener noreferrer\">cha\u00eene YouTube<\/a> . <a href=\"https:\/\/www.youtube.com\/channel\/UCRzypVq0B_yBad5eGrwBx0Q?sub_confirmation=1\" target=\"_blank\" rel=\"noopener noreferrer\">Abonnez-vous!<\/a><\/p>\n<div class=\"mvp-org-wrap mvp-org-logo\" itemprop=\"publisher\" itemscope=\"\" itemtype=\"https:\/\/schema.org\/Organization\"><img decoding=\"async\" src=\"https:\/\/linitiative.ca\/International\/wp-content\/uploads\/sites\/23\/2020\/04\/logo_tunisie_numerique-43.png\"\/><\/div>\n<div class=\"mvp-related-posts left relative\">\n<h4 class=\"post-header\"><span class=\"post-header\">Lire aussi<\/span><\/h4>\n<\/div>\n<div id=\"article-ad\"><ins class=\"adsbygoogle c4\" data-ad-client=\"ca-pub-2102118777505746\" data-ad-slot=\"6513972734\" data-ad-format=\"auto\" data-full-width-responsive=\"true\"\/> <\/div>\n<\/div>\n<div id=\"post-sidebar-wrap\"><ins class=\"adsbygoogle c4\" data-ad-client=\"ca-pub-2102118777505746\" data-ad-slot=\"6168283410\" data-ad-format=\"auto\" data-full-width-responsive=\"true\"\/> <\/div>\n<p>Auteur: LM<br \/>\n<a href=\"https:\/\/www.tunisienumerique.com\/tunisie-coronavirus-et-ce-qui-devait-arriver-arriva\/\">Cliquez ici pour lire l&rsquo;article depuis sa source.<\/a><\/p>\n","protected":false},"excerpt":{"rendered":"<p>Le docteur Jalila Ben Khalil, m\u00e9decin r\u00e9animateur \u00e0 l\u2019h\u00f4pital Abbderrahmen Mami, \u00e0 l\u2019Ariana, a annonc\u00e9, ce vendredi sur radio Shems FM, que la pression sur le num\u00e9ro d\u2019appel 190 a nettement r\u00e9gress\u00e9, depuis quelques jours. Ce qui, conjugu\u00e9 \u00e0 la diminution nette des nouveaux cas d\u00e9tect\u00e9s ces derniers jours, laisse pr\u00e9sager que ce \u00e0 quoi [&hellip;]<\/p>\n","protected":false},"author":1789,"featured_media":81872,"comment_status":"closed","ping_status":"closed","sticky":false,"template":"","format":"standard","meta":{"fifu_image_url":"","fifu_image_alt":"","footnotes":""},"categories":[73,55],"tags":[],"class_list":["post-81871","post","type-post","status-publish","format-standard","has-post-thumbnail","hentry","category-actualite","category-tunisie"],"_links":{"self":[{"href":"https:\/\/linitiative.ca\/International\/wp-json\/wp\/v2\/posts\/81871","targetHints":{"allow":["GET"]}}],"collection":[{"href":"https:\/\/linitiative.ca\/International\/wp-json\/wp\/v2\/posts"}],"about":[{"href":"https:\/\/linitiative.ca\/International\/wp-json\/wp\/v2\/types\/post"}],"author":[{"embeddable":true,"href":"https:\/\/linitiative.ca\/International\/wp-json\/wp\/v2\/users\/1789"}],"replies":[{"embeddable":true,"href":"https:\/\/linitiative.ca\/International\/wp-json\/wp\/v2\/comments?post=81871"}],"version-history":[{"count":0,"href":"https:\/\/linitiative.ca\/International\/wp-json\/wp\/v2\/posts\/81871\/revisions"}],"wp:featuredmedia":[{"embeddable":true,"href":"https:\/\/linitiative.ca\/International\/wp-json\/"}],"wp:attachment":[{"href":"https:\/\/linitiative.ca\/International\/wp-json\/wp\/v2\/media?parent=81871"}],"wp:term":[{"taxonomy":"category","embeddable":true,"href":"https:\/\/linitiative.ca\/International\/wp-json\/wp\/v2\/categories?post=81871"},{"taxonomy":"post_tag","embeddable":true,"href":"https:\/\/linitiative.ca\/International\/wp-json\/wp\/v2\/tags?post=81871"}],"curies":[{"name":"wp","href":"https:\/\/api.w.org\/{rel}","templated":true}]}}