{"id":81875,"date":"2020-04-10T05:59:56","date_gmt":"2020-04-10T09:59:56","guid":{"rendered":"https:\/\/linitiative.ca\/International\/lutte-contre-la-covid-19-les-industries-minieres-injectent-200-millions-f-cfa\/"},"modified":"2020-04-10T05:59:56","modified_gmt":"2020-04-10T09:59:56","slug":"lutte-contre-la-covid-19-les-industries-minieres-injectent-200-millions-f-cfa","status":"publish","type":"post","link":"https:\/\/linitiative.ca\/International\/lutte-contre-la-covid-19-les-industries-minieres-injectent-200-millions-f-cfa\/","title":{"rendered":"Lutte contre la COVID-19 : les industries mini\u00e8res injectent  200 millions F CFA"},"content":{"rendered":"<div class=\"td-post-featured-image\"><a href=\"https:\/\/i0.wp.com\/www.sidwaya.info\/wp-content\/uploads\/2020\/04\/2-1.jpg?fit=595%2C397&amp;ssl=1\" data-caption=\"\"><img loading=\"lazy\" decoding=\"async\" width=\"595\" height=\"397\" class=\"entry-thumb td-modal-image\" src=\"https:\/\/i0.wp.com\/www.sidwaya.info\/wp-content\/uploads\/2020\/04\/2-1.jpg?resize=595,397&amp;ssl=1\" srcset=\"https:\/\/i0.wp.com\/www.sidwaya.info\/wp-content\/uploads\/2020\/04\/2-1.jpg?w=595&amp;ssl=1 595w, https:\/\/i0.wp.com\/www.sidwaya.info\/wp-content\/uploads\/2020\/04\/2-1.jpg?resize=300%2C200&amp;ssl=1 300w\" sizes=\"auto, (max-width: 595px) 100vw, 595px\" alt=\"\" title=\"2\"\/><\/a><\/div>\n<p><strong>Dans le cadre de la lutte contre la maladie \u00e0 Coronavirus, la Chambre des mines du Burkina a remis un ch\u00e8que de 200 millions de francs CFA au minist\u00e8re de la Sant\u00e9, le jeudi 9 avril 2020 \u00e0 Ouagadougou.<\/strong><\/p>\n<p>La Chambre des mines du Burkina (CMB) est solidaire du gouvernement dans sa lutte contre la maladie \u00e0 Coronavirus. Le jeudi 9 avril 2020, la structure a remis un ch\u00e8que de 200 millions de francs CFA au minist\u00e8re de la Sant\u00e9. \u00ab Le secteur minier, \u00e0 travers la CMB, a d\u00e9cid\u00e9 de contribuer fortement aux efforts qui sont d\u00e9ploy\u00e9s pour faire barri\u00e8re \u00e0 la COVID-19 dans notre pays. C\u2019est ainsi que nous apportons cette somme, qui est un premier geste dans l\u2019\u00e9lan de solidarit\u00e9 de nos membres \u00bb, a laiss\u00e9 entendre le pr\u00e9sident de la CMB, Tidiane Barry. Au-del\u00e0, a-t-il signifi\u00e9, le secteur minier s\u2019est engag\u00e9 \u00e0 combattre le mal au niveau d\u00e9concentr\u00e9, car chaque compagnie fait des dons de mat\u00e9riels \u00e0 diff\u00e9rentes structures r\u00e9gionales dans les zones o\u00f9 elle est implant\u00e9e. \u00ab Les soci\u00e9t\u00e9s mini\u00e8res v\u00e9hiculent des messages de sensibilisation \u00e0 l\u2019endroit des communaut\u00e9s \u00bb, a soutenu M. Barry.<\/p>\n<p>Le directeur de cabinet du ministre de la Sant\u00e9, Emmanuel Sorgho, a t\u00e9moign\u00e9 toute la gratitude des premi\u00e8res autorit\u00e9s du pays aux acteurs de l\u2019industrie mini\u00e8re pour leur geste de solidarit\u00e9. \u00ab Je me r\u00e9jouis de ce que vous faites sur le terrain aupr\u00e8s des communaut\u00e9s \u00e0 travers les sensibilisations et l\u2019octroi de mat\u00e9riels \u00bb, a-t-il dit. En outre, M. Sorgho a rassur\u00e9 que les ressources re\u00e7ues iront l\u00e0 o\u00f9 elles doivent aller. Des m\u00e9canismes, a-t-il ajout\u00e9, ont \u00e9t\u00e9 mis en place pour une gestion saine de ces dons.<br \/>\u00ab Ces ressources serviront \u00e0 l\u2019achat de mat\u00e9riels, d\u2019\u00e9quipements et de r\u00e9actifs, ce qui va nous aider \u00e9norm\u00e9ment \u00e0 lutter contre la pand\u00e9mie que nous esp\u00e9rons victorieuse \u00bb, a rench\u00e9ri Emmanuel Sorgho. Par ailleurs, le pr\u00e9sident de la CMB a confi\u00e9 qu\u2019un cadre de concertation avec diff\u00e9rentes structures publique est en cours afin d\u2019assurer le fonctionnement du secteur minier en ces temps difficiles.<\/p>\n<p>Cr\u00e9\u00e9e en juillet 2011, la CMB est une association \u00e0 but non lucratif qui repr\u00e9sente le secteur minier priv\u00e9. Elle regroupe une cinquantaine de soci\u00e9t\u00e9s locales et internationales agissant dans les domaines de l\u2019exploration et de l\u2019exploitation mini\u00e8res. Elle se fixe pour objectif principal de promouvoir les int\u00e9r\u00eats de ses membres. Comme objectifs sp\u00e9cifiques, la Chambre des mines vise, entre autres, \u00e0 promouvoir et d\u00e9velopper la comp\u00e9titivit\u00e9 de l\u2019industrie mini\u00e8re au Burkina Faso en partenariat avec l\u2019administration, communiquer et \u00e9changer les informations concernant le secteur, promouvoir les relations de coop\u00e9ration.<\/p>\n<p class=\"c1\"><strong>Joseph HARO<\/strong><\/p>\n<div class=\"td-a-rec td-a-rec-id-content_bottom tdi_30_95e td_block_template_1\"><img loading=\"lazy\" decoding=\"async\" class=\"aligncenter size-full wp-image-9623\" src=\"https:\/\/linitiative.ca\/International\/wp-content\/uploads\/sites\/23\/2020\/04\/Projet-bannieCC80re-Orange-mobile-3.jpg\" alt=\"\" width=\"728\" height=\"81\"\/><\/div>\n<p>Auteur: DD. Sidwaya<br \/>\n<a href=\"https:\/\/www.sidwaya.info\/blog\/2020\/04\/10\/lutte-contre-la-covid-19-les-industries-minieres-injectent-200-millions-f-cfa\/\">Cliquez ici pour lire l&rsquo;article depuis sa source.<\/a><\/p>\n","protected":false},"excerpt":{"rendered":"<p>Dans le cadre de la lutte contre la maladie \u00e0 Coronavirus, la Chambre des mines du Burkina a remis un ch\u00e8que de 200 millions de francs CFA au minist\u00e8re de la Sant\u00e9, le jeudi 9 avril 2020 \u00e0 Ouagadougou. La Chambre des mines du Burkina (CMB) est solidaire du gouvernement dans sa lutte contre la [&hellip;]<\/p>\n","protected":false},"author":1816,"featured_media":81876,"comment_status":"closed","ping_status":"closed","sticky":false,"template":"","format":"standard","meta":{"fifu_image_url":"","fifu_image_alt":"","footnotes":""},"categories":[73,81],"tags":[],"class_list":["post-81875","post","type-post","status-publish","format-standard","has-post-thumbnail","hentry","category-actualite","category-burkina-faso"],"_links":{"self":[{"href":"https:\/\/linitiative.ca\/International\/wp-json\/wp\/v2\/posts\/81875","targetHints":{"allow":["GET"]}}],"collection":[{"href":"https:\/\/linitiative.ca\/International\/wp-json\/wp\/v2\/posts"}],"about":[{"href":"https:\/\/linitiative.ca\/International\/wp-json\/wp\/v2\/types\/post"}],"author":[{"embeddable":true,"href":"https:\/\/linitiative.ca\/International\/wp-json\/wp\/v2\/users\/1816"}],"replies":[{"embeddable":true,"href":"https:\/\/linitiative.ca\/International\/wp-json\/wp\/v2\/comments?post=81875"}],"version-history":[{"count":0,"href":"https:\/\/linitiative.ca\/International\/wp-json\/wp\/v2\/posts\/81875\/revisions"}],"wp:featuredmedia":[{"embeddable":true,"href":"https:\/\/linitiative.ca\/International\/wp-json\/"}],"wp:attachment":[{"href":"https:\/\/linitiative.ca\/International\/wp-json\/wp\/v2\/media?parent=81875"}],"wp:term":[{"taxonomy":"category","embeddable":true,"href":"https:\/\/linitiative.ca\/International\/wp-json\/wp\/v2\/categories?post=81875"},{"taxonomy":"post_tag","embeddable":true,"href":"https:\/\/linitiative.ca\/International\/wp-json\/wp\/v2\/tags?post=81875"}],"curies":[{"name":"wp","href":"https:\/\/api.w.org\/{rel}","templated":true}]}}