{"id":81877,"date":"2020-04-10T06:07:41","date_gmt":"2020-04-10T10:07:41","guid":{"rendered":"https:\/\/linitiative.ca\/International\/coronathon-la-riposte-part-de-lassemblee-nationale\/"},"modified":"2020-04-10T06:07:41","modified_gmt":"2020-04-10T10:07:41","slug":"coronathon-la-riposte-part-de-lassemblee-nationale","status":"publish","type":"post","link":"https:\/\/linitiative.ca\/International\/coronathon-la-riposte-part-de-lassemblee-nationale\/","title":{"rendered":"Coronathon  : la riposte part de l\u2019Assembl\u00e9e nationale"},"content":{"rendered":"<div class=\"td-post-featured-image\"><a href=\"https:\/\/i2.wp.com\/www.sidwaya.info\/wp-content\/uploads\/2020\/04\/1-24.jpg?fit=595%2C397&amp;ssl=1\" data-caption=\"\"><img loading=\"lazy\" decoding=\"async\" width=\"595\" height=\"397\" class=\"entry-thumb td-modal-image\" src=\"https:\/\/i2.wp.com\/www.sidwaya.info\/wp-content\/uploads\/2020\/04\/1-24.jpg?resize=595,397&amp;ssl=1\" srcset=\"https:\/\/i2.wp.com\/www.sidwaya.info\/wp-content\/uploads\/2020\/04\/1-24.jpg?w=595&amp;ssl=1 595w, https:\/\/i2.wp.com\/www.sidwaya.info\/wp-content\/uploads\/2020\/04\/1-24.jpg?resize=300%2C200&amp;ssl=1 300w\" sizes=\"auto, (max-width: 595px) 100vw, 595px\" alt=\"\" title=\"1\"\/><\/a><\/div>\n<p><strong>Le bureau de l\u2019Assembl\u00e9e nationale a lanc\u00e9, jeudi 9 avril 2020 \u00e0 Ouagadougou, une initiative populaire et citoyenne de collecte de fonds d\u00e9nomm\u00e9e \u00ab Coronathon \u00bb afin de mobiliser des ressources financi\u00e8res au profit de la lutte contre le COVID-19.<\/strong><\/p>\n<p>La propagation de la pand\u00e9mie du coronavirus inqui\u00e8te la Repr\u00e9sentation nationale. Ainsi, afin de soutenir les efforts de lutte engag\u00e9e contre cette maladie virale qui secoue le Burkina, elle a initi\u00e9 une campagne de collecte de fonds. L\u2019information a \u00e9t\u00e9 port\u00e9e aux journalistes, le jeudi 9 avril 2020 \u00e0 Ouagadougou, au cours d\u2019un point de presse. Cette initiative populaire et citoyenne de collecte de fonds, d\u00e9nomm\u00e9e \u00ab Coronathon \u00bb, aux dires du pr\u00e9sident de l\u2019Assembl\u00e9e nationale, Alassane Bala Sakand\u00e9, est organis\u00e9e en collaboration avec des structures partenaires que sont les ordres des m\u00e9decins, des pharmaciens, des chirurgiens-dentistes, des sages-femmes, des publicitaires et associ\u00e9s, l\u2019Association des professionnels des m\u00e9dias, etc.<\/p>\n<p>\u00ab La propagation communautaire que tous les sp\u00e9cialistes redoutent se dessine peu \u00e0 peu \u00e0 l\u2019horizon en l\u2019absence de sursaut individuel et collectif. Pour stopper cette pand\u00e9mie, la mobilisation communautaire, citoyenne et individuelle devient un alli\u00e9 indispensable \u00bb, a-t-il indiqu\u00e9. Il a expliqu\u00e9 que Coronathon vise, entre autres, \u00e0 doter les structures sanitaires du Burkina d\u2019\u00e9quipements efficaces adapt\u00e9s \u00e0 la lutte contre le COVID-19, \u00e0 fournir aux personnels de sant\u00e9 du mat\u00e9riel de protection contre les risques de la maladie et d\u2019appuyer les centres de recherches en moyens n\u00e9cessaires \u00e0 la conduite de leurs activit\u00e9s. Coronathon, a ajout\u00e9 Alassane Bala Sakand\u00e9, ambitionne surtout amener les citoyens \u00e0 effectuer des gestes- barri\u00e8res contre la propagation du virus et \u00e0 att\u00e9nuer les cons\u00e9quences socio\u00e9conomiques sur les victimes directes de la pand\u00e9mie.<\/p>\n<p>Du d\u00e9roulement de cette campagne de collecte, le pr\u00e9sident du Parlement a fait savoir qu\u2019elle commence du 9 avril au 14 mai 2020 sur toute l\u2019\u00e9tendue du territoire. \u00ab Elle offre l\u2019occasion \u00e0 chaque Burkinab\u00e8 de montrer sa solidarit\u00e9 et sa compassion \u00e0 la nation dans ces moments difficiles. Nous savons que c\u2019est seulement ensemble que nous pourrons les surmonter \u00bb, a-t-il soutenu. Pour ce qui est des op\u00e9rations de paiements, elles se feront \u00e0 travers les paiements mobiles, les souscriptions directes aupr\u00e8s des banques partenaires. Et, toute la campagne Coronathon, c\u2019est-\u00e0-dire de la collecte \u00e0 l\u2019utilisation des fonds, a rassur\u00e9 Alassane Bala Sakand\u00e9, sera soumise au contr\u00f4le du REN-LAC, de l\u2019ASCE-LC et d\u2019un huissier de justice. Il a sollicit\u00e9 l\u2019accompagnement de la presse nationale pour la r\u00e9ussite et la transparence de l\u2019initiative pour le bonheur des populations et a remerci\u00e9 toutes les structures qui l\u2019accompagnent. Une mention sp\u00e9ciale a \u00e9t\u00e9 faite aux agents de sant\u00e9 et au Comit\u00e9 national de lutte contre le COVID-19 pour leur d\u00e9vouement afin de venir \u00e0 bout du virus.<\/p>\n<p class=\"c1\"><strong>Souma\u00efla BONKOUNGOU<\/strong><\/p>\n<p class=\"c2\"><strong>La liste des comptes sp\u00e9ciaux et num\u00e9ros mobiles de transfert des fonds ducoronathon.<img loading=\"lazy\" decoding=\"async\" class=\" wp-image-20729 alignright\" src=\"https:\/\/i2.wp.com\/www.sidwaya.info\/wp-content\/uploads\/2020\/04\/2-2.jpg?resize=696,353&amp;ssl=1\" alt=\"\" width=\"696\" height=\"353\" srcset=\"https:\/\/i2.wp.com\/www.sidwaya.info\/wp-content\/uploads\/2020\/04\/2-2.jpg?resize=300%2C152&amp;ssl=1 300w, https:\/\/i2.wp.com\/www.sidwaya.info\/wp-content\/uploads\/2020\/04\/2-2.jpg?w=548&amp;ssl=1 548w\" sizes=\"auto, (max-width: 696px) 100vw, 696px\" data-recalc-dims=\"1\"\/><\/strong><\/p>\n<div class=\"td-a-rec td-a-rec-id-content_bottom tdi_30_0ee td_block_template_1\"><img loading=\"lazy\" decoding=\"async\" class=\"aligncenter size-full wp-image-9623\" src=\"https:\/\/linitiative.ca\/International\/wp-content\/uploads\/sites\/23\/2020\/04\/Projet-bannieCC80re-Orange-mobile-4.jpg\" alt=\"\" width=\"728\" height=\"81\"\/><\/div>\n<p>Auteur: DD. Sidwaya<br \/>\n<a href=\"https:\/\/www.sidwaya.info\/blog\/2020\/04\/10\/coronathon-la-riposte-part-de-lassemblee-nationale\/\">Cliquez ici pour lire l&rsquo;article depuis sa source.<\/a><\/p>\n","protected":false},"excerpt":{"rendered":"<p>Le bureau de l\u2019Assembl\u00e9e nationale a lanc\u00e9, jeudi 9 avril 2020 \u00e0 Ouagadougou, une initiative populaire et citoyenne de collecte de fonds d\u00e9nomm\u00e9e \u00ab Coronathon \u00bb afin de mobiliser des ressources financi\u00e8res au profit de la lutte contre le COVID-19. La propagation de la pand\u00e9mie du coronavirus inqui\u00e8te la Repr\u00e9sentation nationale. Ainsi, afin de soutenir [&hellip;]<\/p>\n","protected":false},"author":1816,"featured_media":81878,"comment_status":"closed","ping_status":"closed","sticky":false,"template":"","format":"standard","meta":{"fifu_image_url":"","fifu_image_alt":"","footnotes":""},"categories":[73,81],"tags":[],"class_list":["post-81877","post","type-post","status-publish","format-standard","has-post-thumbnail","hentry","category-actualite","category-burkina-faso"],"_links":{"self":[{"href":"https:\/\/linitiative.ca\/International\/wp-json\/wp\/v2\/posts\/81877","targetHints":{"allow":["GET"]}}],"collection":[{"href":"https:\/\/linitiative.ca\/International\/wp-json\/wp\/v2\/posts"}],"about":[{"href":"https:\/\/linitiative.ca\/International\/wp-json\/wp\/v2\/types\/post"}],"author":[{"embeddable":true,"href":"https:\/\/linitiative.ca\/International\/wp-json\/wp\/v2\/users\/1816"}],"replies":[{"embeddable":true,"href":"https:\/\/linitiative.ca\/International\/wp-json\/wp\/v2\/comments?post=81877"}],"version-history":[{"count":0,"href":"https:\/\/linitiative.ca\/International\/wp-json\/wp\/v2\/posts\/81877\/revisions"}],"wp:featuredmedia":[{"embeddable":true,"href":"https:\/\/linitiative.ca\/International\/wp-json\/"}],"wp:attachment":[{"href":"https:\/\/linitiative.ca\/International\/wp-json\/wp\/v2\/media?parent=81877"}],"wp:term":[{"taxonomy":"category","embeddable":true,"href":"https:\/\/linitiative.ca\/International\/wp-json\/wp\/v2\/categories?post=81877"},{"taxonomy":"post_tag","embeddable":true,"href":"https:\/\/linitiative.ca\/International\/wp-json\/wp\/v2\/tags?post=81877"}],"curies":[{"name":"wp","href":"https:\/\/api.w.org\/{rel}","templated":true}]}}