{"id":81880,"date":"2020-04-10T13:20:38","date_gmt":"2020-04-10T17:20:38","guid":{"rendered":"https:\/\/linitiative.ca\/International\/covid-19-5-nouveaux-cas-confirmes-3-guerisons-et-2-deces-a-la-date-du-9-avril\/"},"modified":"2020-04-10T13:20:38","modified_gmt":"2020-04-10T17:20:38","slug":"covid-19-5-nouveaux-cas-confirmes-3-guerisons-et-2-deces-a-la-date-du-9-avril","status":"publish","type":"post","link":"https:\/\/linitiative.ca\/International\/covid-19-5-nouveaux-cas-confirmes-3-guerisons-et-2-deces-a-la-date-du-9-avril\/","title":{"rendered":"Covid-19\u00a0: 5 nouveaux cas confirm\u00e9s, 3 gu\u00e9risons et \u00a02 d\u00e9c\u00e8s \u00e0 la date du 9 avril"},"content":{"rendered":"<div class=\"td-post-featured-image\"><a href=\"https:\/\/i2.wp.com\/www.sidwaya.info\/wp-content\/uploads\/2020\/04\/covi.jpg?fit=300%2C168&amp;ssl=1\" data-caption=\"\"><img loading=\"lazy\" decoding=\"async\" width=\"300\" height=\"168\" class=\"entry-thumb td-modal-image\" src=\"https:\/\/i2.wp.com\/www.sidwaya.info\/wp-content\/uploads\/2020\/04\/covi.jpg?resize=300,168&amp;ssl=1\" alt=\"\" title=\"covi\"\/><\/a><\/div>\n<p>-5 nouveaux cas confirm\u00e9s portant \u00e0 448 le nombre total<\/p>\n<p>-3 nouvelles gu\u00e9risons portant \u00e0 149 le nombre total<\/p>\n<p>-2 d\u00e9c\u00e8s (26 au total).<\/p>\n<p>Total\u00a0: 448 cas confirm\u00e9s de Covid-19.<\/p>\n<p>NB: Source conf\u00e9rence de presse mais \u00a0donn\u00e9es enregistr\u00e9es avant la conf\u00e9rence de presse selon Pr Martial Ou\u00e9draogo<\/p>\n<div class=\"td-a-rec td-a-rec-id-content_bottom tdi_30_54c td_block_template_1\"><img loading=\"lazy\" decoding=\"async\" class=\"aligncenter size-full wp-image-9623\" src=\"https:\/\/linitiative.ca\/International\/wp-content\/uploads\/sites\/23\/2020\/04\/Projet-bannieCC80re-Orange-mobile-5.jpg\" alt=\"\" width=\"728\" height=\"81\"\/><\/div>\n<p>Auteur: BS. Sidwaya<br \/>\n<a href=\"https:\/\/www.sidwaya.info\/blog\/2020\/04\/10\/covid-19-5-nouveaux-cas-confirmes-3-guerisons-et-2-deces-a-la-date-du-9-avril\/\">Cliquez ici pour lire l&rsquo;article depuis sa source.<\/a><\/p>\n","protected":false},"excerpt":{"rendered":"<p>-5 nouveaux cas confirm\u00e9s portant \u00e0 448 le nombre total -3 nouvelles gu\u00e9risons portant \u00e0 149 le nombre total -2 d\u00e9c\u00e8s (26 au total). Total\u00a0: 448 cas confirm\u00e9s de Covid-19. NB: Source conf\u00e9rence de presse mais \u00a0donn\u00e9es enregistr\u00e9es avant la conf\u00e9rence de presse selon Pr Martial Ou\u00e9draogo Auteur: BS. Sidwaya Cliquez ici pour lire l&rsquo;article [&hellip;]<\/p>\n","protected":false},"author":1816,"featured_media":81881,"comment_status":"closed","ping_status":"closed","sticky":false,"template":"","format":"standard","meta":{"fifu_image_url":"","fifu_image_alt":"","footnotes":""},"categories":[73,81],"tags":[],"class_list":["post-81880","post","type-post","status-publish","format-standard","has-post-thumbnail","hentry","category-actualite","category-burkina-faso"],"_links":{"self":[{"href":"https:\/\/linitiative.ca\/International\/wp-json\/wp\/v2\/posts\/81880","targetHints":{"allow":["GET"]}}],"collection":[{"href":"https:\/\/linitiative.ca\/International\/wp-json\/wp\/v2\/posts"}],"about":[{"href":"https:\/\/linitiative.ca\/International\/wp-json\/wp\/v2\/types\/post"}],"author":[{"embeddable":true,"href":"https:\/\/linitiative.ca\/International\/wp-json\/wp\/v2\/users\/1816"}],"replies":[{"embeddable":true,"href":"https:\/\/linitiative.ca\/International\/wp-json\/wp\/v2\/comments?post=81880"}],"version-history":[{"count":0,"href":"https:\/\/linitiative.ca\/International\/wp-json\/wp\/v2\/posts\/81880\/revisions"}],"wp:featuredmedia":[{"embeddable":true,"href":"https:\/\/linitiative.ca\/International\/wp-json\/"}],"wp:attachment":[{"href":"https:\/\/linitiative.ca\/International\/wp-json\/wp\/v2\/media?parent=81880"}],"wp:term":[{"taxonomy":"category","embeddable":true,"href":"https:\/\/linitiative.ca\/International\/wp-json\/wp\/v2\/categories?post=81880"},{"taxonomy":"post_tag","embeddable":true,"href":"https:\/\/linitiative.ca\/International\/wp-json\/wp\/v2\/tags?post=81880"}],"curies":[{"name":"wp","href":"https:\/\/api.w.org\/{rel}","templated":true}]}}