{"id":81882,"date":"2020-04-10T13:52:34","date_gmt":"2020-04-10T17:52:34","guid":{"rendered":"https:\/\/linitiative.ca\/International\/lutte-contre-le-covid-19-le-site-de-prise-en-charge-divise-a-koudougou\/"},"modified":"2020-04-10T13:52:34","modified_gmt":"2020-04-10T17:52:34","slug":"lutte-contre-le-covid-19-le-site-de-prise-en-charge-divise-a-koudougou","status":"publish","type":"post","link":"https:\/\/linitiative.ca\/International\/lutte-contre-le-covid-19-le-site-de-prise-en-charge-divise-a-koudougou\/","title":{"rendered":"Lutte contre le Covid-19:   Le site de prise en charge divise \u00e0 Koudougou"},"content":{"rendered":"<div class=\"td-post-featured-image\"><a href=\"https:\/\/i1.wp.com\/www.sidwaya.info\/wp-content\/uploads\/2020\/04\/kdg1.jpg?fit=960%2C540&amp;ssl=1\" data-caption=\"\"><img loading=\"lazy\" decoding=\"async\" width=\"696\" height=\"392\" class=\"entry-thumb td-modal-image\" src=\"https:\/\/i1.wp.com\/www.sidwaya.info\/wp-content\/uploads\/2020\/04\/kdg1.jpg?resize=696,392&amp;ssl=1\" srcset=\"https:\/\/i1.wp.com\/www.sidwaya.info\/wp-content\/uploads\/2020\/04\/kdg1.jpg?w=960&amp;ssl=1 960w, https:\/\/i1.wp.com\/www.sidwaya.info\/wp-content\/uploads\/2020\/04\/kdg1.jpg?resize=300%2C169&amp;ssl=1 300w, https:\/\/i1.wp.com\/www.sidwaya.info\/wp-content\/uploads\/2020\/04\/kdg1.jpg?resize=768%2C432&amp;ssl=1 768w, https:\/\/i1.wp.com\/www.sidwaya.info\/wp-content\/uploads\/2020\/04\/kdg1.jpg?resize=696,392&amp;ssl=1 696w, https:\/\/i1.wp.com\/www.sidwaya.info\/wp-content\/uploads\/2020\/04\/kdg1.jpg?resize=747%2C420&amp;ssl=1 747w, https:\/\/i1.wp.com\/www.sidwaya.info\/wp-content\/uploads\/2020\/04\/kdg1.jpg?resize=600%2C338&amp;ssl=1 600w\" sizes=\"auto, (max-width: 696px) 100vw, 696px\" alt=\"\" title=\"kdg1\"\/><\/a><\/div>\n<p><strong>Le maire de Koudougou, Maurice Moktar Zongo et les autorit\u00e9s sanitaires r\u00e9gionales ont \u00e9chang\u00e9, ce jeudi 9 avril 2020, avec des habitants du secteur 9 de la ville, oppos\u00e9s au choix du centre buccodentaire pour abriter le site de traitement d\u2019\u00e9ventuels malades du coronavirus.<\/strong><\/p>\n<p>Le choix du centre bucco-dentaire, sis au secteur 9 de Koudougou, pour accueillir le site de prise en charge d\u2019\u00e9ventuels cas positifs de Covid-19, n\u2019est pas du go\u00fbt de tous. Alors que la r\u00e9gion n\u2019a enregistr\u00e9 aucun cas, les autorit\u00e9s communales et sanitaires jouent la carte de l\u2019anticipation et ont rencontr\u00e9, jeudi 9 avril 2020, des riverains, \u00ab remont\u00e9s \u00bb, pour leur expliquer la n\u00e9cessit\u00e9 et la justesse de leur d\u00e9cision.<\/p>\n<p>\u00ab <em>Nous avons \u00e9t\u00e9 interpell\u00e9s\u00a0par les populations au sujet de l\u2019am\u00e9nagement du centre pour en faire un site de traitement de malade de coronavirus. Nous n\u2019avons pas de cas \u00e0 Koudougou, mais notre responsabilit\u00e9 est d\u2019anticiper. En plus des sensibilisations dans les march\u00e9s et autres lieux publics, nous devons \u00e9galement nous pr\u00e9parer \u00e0 prendre en charge d\u2019\u00e9ventuels malades du coronavirus<\/em> \u00bb, a expliqu\u00e9 Mocktar Zongo.<\/p>\n<p>Des rumeurs sont \u00e0 l\u2019origine de cette mont\u00e9e d\u2019adr\u00e9naline. Certains accusent les autorit\u00e9s r\u00e9gionales de vouloir amener la maladie \u00e0 Koudougou, contre des financements. Pour d\u2019autres, des malades qui ne peuvent pas pris en charge \u00e0 Ouagadougou seront achemin\u00e9s \u00e0 Koudougou. Des riverains ont \u00e9voqu\u00e9 la proximit\u00e9 du centre avec les concessions, estimant que cela pr\u00e9sente des risques pour les populations.<\/p>\n<p>Le responsable des jeunes, Thimot\u00e9 NDo, a invit\u00e9 le conseil municipal et des la commission r\u00e9gionale\u00a0 de gestion de la pand\u00e9mie \u00e0 identifier un autre site, loin des habitations.<\/p>\n<p>A ce jour (9 avril), le Burkina enregistre 443 cas confirm\u00e9s de Covid619 dont 24 d\u00e9c\u00e8s. Aucun cas n\u2019a \u00e9t\u00e9 enregistr\u00e9 dans la r\u00e9gion du Centre-ouest. Toutefois, les autorit\u00e9s multiplient des actions de le sensibilisation et ont pris des mesures pour parer \u00e0 toute \u00e9ventualit\u00e9.<\/p>\n<p>D.S.<\/p>\n<div class=\"td-a-rec td-a-rec-id-content_bottom tdi_30_8dc td_block_template_1\"><img loading=\"lazy\" decoding=\"async\" class=\"aligncenter size-full wp-image-9623\" src=\"https:\/\/linitiative.ca\/International\/wp-content\/uploads\/sites\/23\/2020\/04\/Projet-bannieCC80re-Orange-mobile-6.jpg\" alt=\"\" width=\"728\" height=\"81\"\/><\/div>\n<p>Auteur: BS. Sidwaya<br \/>\n<a href=\"https:\/\/www.sidwaya.info\/blog\/2020\/04\/10\/lutte-contre-le-covid-19-le-site-de-prise-en-charge-divise-a-koudougou\/\">Cliquez ici pour lire l&rsquo;article depuis sa source.<\/a><\/p>\n","protected":false},"excerpt":{"rendered":"<p>Le maire de Koudougou, Maurice Moktar Zongo et les autorit\u00e9s sanitaires r\u00e9gionales ont \u00e9chang\u00e9, ce jeudi 9 avril 2020, avec des habitants du secteur 9 de la ville, oppos\u00e9s au choix du centre buccodentaire pour abriter le site de traitement d\u2019\u00e9ventuels malades du coronavirus. Le choix du centre bucco-dentaire, sis au secteur 9 de Koudougou, [&hellip;]<\/p>\n","protected":false},"author":1816,"featured_media":81883,"comment_status":"closed","ping_status":"closed","sticky":false,"template":"","format":"standard","meta":{"fifu_image_url":"","fifu_image_alt":"","footnotes":""},"categories":[73,81],"tags":[],"class_list":["post-81882","post","type-post","status-publish","format-standard","has-post-thumbnail","hentry","category-actualite","category-burkina-faso"],"_links":{"self":[{"href":"https:\/\/linitiative.ca\/International\/wp-json\/wp\/v2\/posts\/81882","targetHints":{"allow":["GET"]}}],"collection":[{"href":"https:\/\/linitiative.ca\/International\/wp-json\/wp\/v2\/posts"}],"about":[{"href":"https:\/\/linitiative.ca\/International\/wp-json\/wp\/v2\/types\/post"}],"author":[{"embeddable":true,"href":"https:\/\/linitiative.ca\/International\/wp-json\/wp\/v2\/users\/1816"}],"replies":[{"embeddable":true,"href":"https:\/\/linitiative.ca\/International\/wp-json\/wp\/v2\/comments?post=81882"}],"version-history":[{"count":0,"href":"https:\/\/linitiative.ca\/International\/wp-json\/wp\/v2\/posts\/81882\/revisions"}],"wp:featuredmedia":[{"embeddable":true,"href":"https:\/\/linitiative.ca\/International\/wp-json\/"}],"wp:attachment":[{"href":"https:\/\/linitiative.ca\/International\/wp-json\/wp\/v2\/media?parent=81882"}],"wp:term":[{"taxonomy":"category","embeddable":true,"href":"https:\/\/linitiative.ca\/International\/wp-json\/wp\/v2\/categories?post=81882"},{"taxonomy":"post_tag","embeddable":true,"href":"https:\/\/linitiative.ca\/International\/wp-json\/wp\/v2\/tags?post=81882"}],"curies":[{"name":"wp","href":"https:\/\/api.w.org\/{rel}","templated":true}]}}