{"id":81884,"date":"2020-04-10T14:18:04","date_gmt":"2020-04-10T18:18:04","guid":{"rendered":"https:\/\/linitiative.ca\/International\/covid-19-il-faut-aider-les-pays-africains\/"},"modified":"2020-04-10T14:18:04","modified_gmt":"2020-04-10T18:18:04","slug":"covid-19-il-faut-aider-les-pays-africains","status":"publish","type":"post","link":"https:\/\/linitiative.ca\/International\/covid-19-il-faut-aider-les-pays-africains\/","title":{"rendered":"Covid-19: \u00ab\u00a0Il faut aider les pays africains\u00a0\u00bb"},"content":{"rendered":"<div readability=\"32\">\n<p>Publi\u00e9 le 10.04.2020 \u00e0 19h18 par APA News<\/p>\n<\/div>\n<div readability=\"157\">\n<p>Directeur du think tank, Policy center of the New South (PCNS), l\u2019\u00e9conomiste marocain Karim El Aynaoui et des chercheurs africains et europ\u00e9ens lancent un appel pour \u00ab soutenir les pays africains \u00e0 travers une coop\u00e9ration internationale intensive \u00bb pour combattre les pand\u00e9mies dont le Covid-19Le Coronavirus va ind\u00e9niablement transformer la politique mondiale. La vitesse et l\u2019ampleur avec lesquelles le virus se transmet et la gravit\u00e9 de sa port\u00e9e ne rel\u00e8vent malheureusement pas de l\u2019infox.<\/p>\n<p>Alors que le virus se propage \u00e0 travers le monde, la capacit\u00e9 d\u2019att\u00e9nuer son impact est intrins\u00e8quement li\u00e9e aux ressources disponibles et \u00e0 l\u2019efficacit\u00e9 des autorit\u00e9s publiques. C\u2019est pour cela qu\u2019il est primordial que les dirigeants internationaux se concentrent sur ses cons\u00e9quences sur les plus vuln\u00e9rables, et en particulier en Afrique.<\/p>\n<p>Il y a tout juste trois mois, le 31 d\u00e9cembre 2019, les autorit\u00e9s chinoises informaient le bureau de P\u00e9kin de l\u2019Organisation mondiale de la sant\u00e9 d\u2019un risque d\u2019\u00e9pid\u00e9mie. 100 jours plus tard, trois milliards de personnes dans le monde sont confin\u00e9es chez elles. C\u2019est le r\u00e9sultat d\u2019une approche radicale en r\u00e9ponse \u00e0 une urgence de sant\u00e9 publique. Mais qu\u2019est-ce que cela signifie pour les pays dont les infrastructures sanitaires sont inexistantes et qui ne disposent que de peu d\u2019outils administratifs ?<\/p>\n<p>Si toutes les nations sont menac\u00e9es et se d\u00e9battent pour \u00e9viter de tomber dans l\u2019ab\u00eeme, il est plus que jamais n\u00e9cessaire d\u2019envisager la situation sur le plan global tout en s\u2019adaptant aux conditions locales dans le but de prot\u00e9ger les communaut\u00e9s les plus vuln\u00e9rables \u00e0 travers le monde. Car elles sont menac\u00e9es non seulement par les risques du virus lui-m\u00eame, mais aussi par ses cons\u00e9quences politiques, \u00e9conomiques et sociales. Les pand\u00e9mies ont un prix. Les combattre co\u00fbte cher, surtout pour les plus d\u00e9munis. En guise de rappel : on estime que la pand\u00e9mie du VIH\/Sida a fait reculer la croissance du PIB de deux \u00e0 quatre pour cent en Afrique subsaharienne. Selon les chiffres de la Banque mondiale, le virus Ebola aurait r\u00e9duit de 12% le PIB cumul\u00e9 des trois pays les plus touch\u00e9s en 2014-2016, \u00e0 savoir la Guin\u00e9e, le Lib\u00e9ria et la Sierra Leone. Mais cela n\u2019est rien en comparaison avec les r\u00e9percussions et l\u2019ampleur du Coronavirus. Au cours des deux derni\u00e8res semaines, l\u2019effondrement des march\u00e9s financiers a entra\u00een\u00e9 une baisse des valeurs de plus de 9 trillions de dollars. Une baisse de la croissance du PIB mondial pourrait engendrer, selon les estimations actuelles, une perte de 2 trillions de dollars suppl\u00e9mentaires.<\/p>\n<p>Le renforcement des mesures de confinement dans les \u00e9conomies majeures du globe menace d\u2019avoir des r\u00e9percussions encore plus catastrophiques. Et une profonde r\u00e9cession mondiale semble in\u00e9vitable.<\/p>\n<p>Ces effets se ressentiront d\u2019autant plus en Afrique, o\u00f9 la population est plus proche du seuil de pauvret\u00e9 que dans d\u2019autres r\u00e9gions du monde et ne dispose d\u2019aucune \u00e9pargne pour faire face \u00e0 une crise. L\u2019Afrique abrite d\u00e9j\u00e0 la plus large proportion de personnes d\u00e9munies par rapport aux autres continents. M\u00eame si la pauvret\u00e9 dans le monde a recul\u00e9 de 36 % en 1990 \u00e0 10 % 25 ans plus tard, ce qui repr\u00e9sente plus d\u2019un milliard de personnes, la progression plus lente de l\u2019Afrique et l\u2019augmentation constante de sa population signifient que la pauvret\u00e9 concerne plus de 413 millions de personnes en 2015. Le taux de pauvret\u00e9 en Afrique subsaharienne s\u2019\u00e9l\u00e8ve \u00e0 plus de 40 % et le continent regroupe 27 des 28 pays les plus d\u00e9munis du monde.<\/p>\n<p>La coexistence de syst\u00e8mes d\u2019institutions fragiles et de gouvernements faibles constitue un m\u00e9lange dangereux en temps normal, qui favorise la pr\u00e9carit\u00e9. L\u2019Organisation internationale du Travail estime que 74 % des Africains sont dans une situation d\u2019emploi \u00ab vuln\u00e9rable \u00bb, c\u2019est-\u00e0-dire soit de ch\u00f4mage, soit de sous-emploi, en comparaison avec les 45 % qui repr\u00e9sentent le point de r\u00e9f\u00e9rence mondial, dans un continent o\u00f9 les syst\u00e8mes nationaux de s\u00e9curit\u00e9 sociale sont quasiment inexistants. Le revenu moyen par habitant en Afrique subsaharienne est de 1585 dollars am\u00e9ricains, c\u2019est-\u00e0-dire 14 % de la moyenne mondiale.<\/p>\n<p>Aujourd\u2019hui, dans la situation de crise extr\u00eame que nous traversons, ce m\u00e9lange de bas revenus et de moyens limit\u00e9s pourrait s\u2019av\u00e9rer fatal \u00e0 un nombre, impossible \u00e0 fixer, de personnes. Par ailleurs, l\u2019effondrement du prix du p\u00e9trole, la fragilit\u00e9 de la s\u00e9curit\u00e9 alimentaire, la perturbation des \u00e9changes commerciaux affectent tout particuli\u00e8rement des \u00e9conomies africaines en forte croissance, qui cherchaient \u00e0 s\u2019int\u00e9grer \u00e0 l\u2019\u00e9conomie mondiale. L\u2019interruption brutale du tourisme et des investissements \u00e9trangers, et la volatilit\u00e9 financi\u00e8re, fragilisent les pays africains plus que les autres.<\/p>\n<p>En cette p\u00e9riode o\u00f9 chaque pays se replie sur lui-m\u00eame pour combattre la maladie, il faut soutenir les pays africains \u00e0 travers une coop\u00e9ration internationale intensive : activation de centres op\u00e9rationnels d\u2019urgence, envoi de masques et d\u2019\u00e9quipements de protection, recours aux technologies de l\u2019information pour appr\u00e9cier la diffusion du Covid-19 en temps r\u00e9el et identification des groupes \u00e0 risques sont parmi les premi\u00e8re mesures \u00e0 prendre. Parall\u00e8lement, il faut renforcer les capacit\u00e9s de sant\u00e9 existantes, et mettre en \u0153uvre des programmes d\u2019aide \u00e9conomique et sociale compatibles avec les r\u00e9alit\u00e9s locales. Pendant la crise de l\u2019Ebola, l\u2019Afrique a su montrer comment, avec une aide internationale adapt\u00e9e, elle avait su ma\u00eetriser une pand\u00e9mie et, finalement, l\u2019endiguer.<\/p>\n<p>Membres d\u2019un groupe r\u00e9unissant des think tankers europ\u00e9ens et africains, nous pensons crucial d\u2019alerter les opinions de nos pays respectifs sur l\u2019impact pr\u00e9visible du Coronavirus en Afrique. La crise actuelle est un moment de v\u00e9rit\u00e9 pour la mondialisation, et les relations entre l\u2019Europe et l\u2019Afrique.<\/p>\n<p>C\u2019est aussi une opportunit\u00e9 de solidarit\u00e9 et de coop\u00e9ration.<\/p>\n<p>Karim El Aynaoui, Policy\u00a0center of the New South, Maroc<\/p>\n<p>Yonas Adeto, Institut d\u2019\u00e9tudes pour la paix et la s\u00e9curit\u00e9, Ethiopie<\/p>\n<p>Thomas Gomart, Institut fran\u00e7ais des relations internationales, France<\/p>\n<p>Paolo Magri, Institut des \u00e9tudes politiques internationales, Italie<\/p>\n<p>Greg Mills, Brenthurst Foundation, Afrique du Sud<\/p>\n<p>Karin Von Hippel, Royal United Services Institute for Defence and Security Studies, Londres<\/p>\n<p>Guntram Wolff, Bruegel, Belgique<\/p>\n<\/div>\n<p>Auteur: APA News<br \/>\n<a href=\"https:\/\/www.journalducameroun.com\/covid-19-il-faut-aider-les-pays-africains\/\">Cliquez ici pour lire l&rsquo;article depuis sa source.<\/a><\/p>\n","protected":false},"excerpt":{"rendered":"<p>Publi\u00e9 le 10.04.2020 \u00e0 19h18 par APA News Directeur du think tank, Policy center of the New South (PCNS), l\u2019\u00e9conomiste marocain Karim El Aynaoui et des chercheurs africains et europ\u00e9ens lancent un appel pour \u00ab soutenir les pays africains \u00e0 travers une coop\u00e9ration internationale intensive \u00bb pour combattre les pand\u00e9mies dont le Covid-19Le Coronavirus va [&hellip;]<\/p>\n","protected":false},"author":1965,"featured_media":0,"comment_status":"closed","ping_status":"closed","sticky":false,"template":"","format":"standard","meta":{"fifu_image_url":"","fifu_image_alt":"","footnotes":""},"categories":[73,82],"tags":[],"class_list":["post-81884","post","type-post","status-publish","format-standard","hentry","category-actualite","category-cameroun"],"_links":{"self":[{"href":"https:\/\/linitiative.ca\/International\/wp-json\/wp\/v2\/posts\/81884","targetHints":{"allow":["GET"]}}],"collection":[{"href":"https:\/\/linitiative.ca\/International\/wp-json\/wp\/v2\/posts"}],"about":[{"href":"https:\/\/linitiative.ca\/International\/wp-json\/wp\/v2\/types\/post"}],"author":[{"embeddable":true,"href":"https:\/\/linitiative.ca\/International\/wp-json\/wp\/v2\/users\/1965"}],"replies":[{"embeddable":true,"href":"https:\/\/linitiative.ca\/International\/wp-json\/wp\/v2\/comments?post=81884"}],"version-history":[{"count":0,"href":"https:\/\/linitiative.ca\/International\/wp-json\/wp\/v2\/posts\/81884\/revisions"}],"wp:attachment":[{"href":"https:\/\/linitiative.ca\/International\/wp-json\/wp\/v2\/media?parent=81884"}],"wp:term":[{"taxonomy":"category","embeddable":true,"href":"https:\/\/linitiative.ca\/International\/wp-json\/wp\/v2\/categories?post=81884"},{"taxonomy":"post_tag","embeddable":true,"href":"https:\/\/linitiative.ca\/International\/wp-json\/wp\/v2\/tags?post=81884"}],"curies":[{"name":"wp","href":"https:\/\/api.w.org\/{rel}","templated":true}]}}