{"id":81886,"date":"2020-04-10T15:18:05","date_gmt":"2020-04-10T19:18:05","guid":{"rendered":"https:\/\/linitiative.ca\/International\/coronavirus-quand-la-bad-se-penche-sur-les-economies-africaines\/"},"modified":"2020-04-10T15:18:05","modified_gmt":"2020-04-10T19:18:05","slug":"coronavirus-quand-la-bad-se-penche-sur-les-economies-africaines","status":"publish","type":"post","link":"https:\/\/linitiative.ca\/International\/coronavirus-quand-la-bad-se-penche-sur-les-economies-africaines\/","title":{"rendered":"Coronavirus: Quand la BAD se penche sur les \u00e9conomies africaines"},"content":{"rendered":"<div readability=\"32\">\n<p>Publi\u00e9 le 10.04.2020 \u00e0 20h18 par APA News<\/p>\n<\/div>\n<div readability=\"127\">\n<p>Par Hicham Alaoui \u2013<\/p>\n<p>Mohamed El Azizi, Directeur g\u00e9n\u00e9ral de la Banque africaine de d\u00e9veloppement (BAD) pour la r\u00e9gion de l\u2019Afrique du Nord plaide pour \u00ab les approches et solutions nationales et r\u00e9gionales les plus rapides et efficaces \u00bb pour lutter contre l\u2019\u00e9pid\u00e9mie du Coronavirus en Afrique. Entretien exclusif avec APA.\u00a0Quel regard portez-vous sur la pand\u00e9mie de Covid-19 qui frappe le monde, et notamment l\u2019Afrique ?<\/p>\n<p>Partout dans le monde, nous vivons un moment d\u2019une rare gravit\u00e9. D\u2019heure en heure, nous sommes attrist\u00e9s par les d\u00e9c\u00e8s et les chagrins qui endeuillent les familles. De jour en jour, touch\u00e9s par les difficult\u00e9s financi\u00e8res qui affectent les plus fragiles. Aux personnels soignants, \u00e0 celles et ceux qui se trouvent en premi\u00e8re ligne, je veux saluer le courage et l\u2019abn\u00e9gation dont ils font preuve pour sauver des vies. A leurs c\u00f4t\u00e9s, notre d\u00e9termination est sans faille. Demain, nous vaincrons ensemble ce virus. En ces temps tumultueux, l\u2019Afrique est, plus que jamais, confront\u00e9e \u00e0 d\u2019\u00e9normes d\u00e9fis budg\u00e9taires pour lutter efficacement contre le coronavirus.<\/p>\n<p>Selon nos estimations, le Covid-19 entra\u00eenerait une baisse du PIB continental entre 22,1 milliards de dollars, selon un sc\u00e9nario de r\u00e9f\u00e9rence, \u00e0 88,3 milliards de dollars, dans le sc\u00e9nario catastrophe. Cette pr\u00e9vision est de l\u2019ordre de 0,7 \u00e0 2,8 points de pourcentage de contraction du PIB en 2020. Cons\u00e9quence attendue, la r\u00e9duction des marges de man\u0153uvre budg\u00e9taire des pays africains affecterait leur capacit\u00e9 \u00e0 lutter efficacement contre le virus.<\/p>\n<p>La pand\u00e9mie mondiale de Covid-19 impacte durement l\u2019Afrique. Face \u00e0 cela, quelle est la r\u00e9ponse de la Banque africaine de d\u00e9veloppement ?<\/p>\n<p>Face \u00e0 ce qui s\u2019annonce comme une crise sans pr\u00e9c\u00e9dent, la r\u00e9ponse doit \u00eatre \u00e0 la hauteur de la menace : forte, rapide et flexible. Mercredi 8 avril, la Banque africaine de d\u00e9veloppement a annonc\u00e9 la cr\u00e9ation d\u2019un fonds de 10 milliards de dollars pour accompagner les gouvernements et les acteurs du secteur priv\u00e9 africains dans la lutte contre la propagation du Covid-19 sur le continent : 5,5 milliards de dollars seront ainsi destin\u00e9s aux projets souverains dans les pays \u00e0 revenu interm\u00e9diaire; pour soutenir les pays fragiles, 3,1 milliards de dollars financeront les op\u00e9rations souveraines et r\u00e9gionales. Enfin, 1,35 milliard de dollars suppl\u00e9mentaire b\u00e9n\u00e9ficiera au secteur priv\u00e9. Ce fond constitue la troisi\u00e8me mesure forte de notre r\u00e9ponse globale \u00e0 la crise.<\/p>\n<p>Dans un premier temps, fin mars, la Banque a \u00e9mis l\u2019emprunt obligataire social \u00ab Combattre le Covid-19 \u00bb d\u2019un montant record de trois milliards de dollars. C\u2019est le plus grand emprunt social \u00e9mis sur le march\u00e9 international des capitaux. D\u00e9but avril, notre institution a d\u00e9bloqu\u00e9 une aide d\u2019urgence Covid-19 pour appuyer les interventions de l\u2019Organisation mondiale de la sant\u00e9 en Afrique.<\/p>\n<p>Cette aide contribuera \u00e0 renforcer les capacit\u00e9s de pr\u00e9vention, de test et de traitement dans 41 pays africains. Elle renforcera \u00e9galement les syst\u00e8mes de surveillance, contribuera \u00e0 assurer l\u2019approvisionnement et la distribution des tests et r\u00e9actifs de laboratoire et soutiendra les m\u00e9canismes de coordination nationaux et r\u00e9gionaux.<\/p>\n<p>Comment la Banque organise-t-elle sa r\u00e9ponse en Afrique du Nord ?\u00a0<\/p>\n<p>Dans chacun des pays de la r\u00e9gion, la situation \u00e9volue constamment. Chaque jour, elle exige de nouvelles mesures et strat\u00e9gies de pr\u00e9caution. Dans ce contexte, nous mettons tout en \u0153uvre pour consolider la capacit\u00e9 des pays \u00e0 contenir la propagation du virus et leur permettre d\u2019att\u00e9nuer ses cons\u00e9quences \u00e9conomiques et sociales dans la r\u00e9gion d\u2019Afrique du Nord.<\/p>\n<p>Dans divers secteurs, nos \u00e9quipes sont totalement mobilis\u00e9es. Leur priorit\u00e9 : d\u00e9ployer les approches et les solutions nationales et r\u00e9gionales les plus rapides et efficaces. Notre objectif : redonner des marges de man\u0153uvres budg\u00e9taires aux pays, pr\u00e9server les conditions de la croissance, appuyer les entreprises et soutenir les populations les plus fragiles. Dans cette perspective, nous annoncerons, tr\u00e8s prochainement, une s\u00e9rie d\u2019op\u00e9rations d\u2019urgence en faveur des pays de la r\u00e9gion. En d\u00e9finitive, cette situation in\u00e9dite nous appelle \u00e0 changer nos mani\u00e8res d\u2019agir et de r\u00e9fl\u00e9chir.<\/p>\n<p>Au si\u00e8ge comme en Afrique du Nord, notre continuit\u00e9 op\u00e9rationnelle est assur\u00e9e malgr\u00e9 l\u2019annulation des rencontres, des \u00e9v\u00e8nements et des d\u00e9placements. Le recours au t\u00e9l\u00e9travail et la pleine utilisation des nouvelles technologies de l\u2019information et de la communication nous permettent aujourd\u2019hui de pr\u00e9server nos capacit\u00e9s d\u2019action pour servir au mieux nos clients dans la r\u00e9gion.<\/p>\n<\/div>\n<p>Auteur: APA News<br \/>\n<a href=\"https:\/\/www.journalducameroun.com\/coronavirus-quand-la-bad-se-penche-sur-les-economies-africaines\/\">Cliquez ici pour lire l&rsquo;article depuis sa source.<\/a><\/p>\n","protected":false},"excerpt":{"rendered":"<p>Publi\u00e9 le 10.04.2020 \u00e0 20h18 par APA News Par Hicham Alaoui \u2013 Mohamed El Azizi, Directeur g\u00e9n\u00e9ral de la Banque africaine de d\u00e9veloppement (BAD) pour la r\u00e9gion de l\u2019Afrique du Nord plaide pour \u00ab les approches et solutions nationales et r\u00e9gionales les plus rapides et efficaces \u00bb pour lutter contre l\u2019\u00e9pid\u00e9mie du Coronavirus en Afrique. [&hellip;]<\/p>\n","protected":false},"author":1965,"featured_media":0,"comment_status":"closed","ping_status":"closed","sticky":false,"template":"","format":"standard","meta":{"fifu_image_url":"","fifu_image_alt":"","footnotes":""},"categories":[73,82],"tags":[],"class_list":["post-81886","post","type-post","status-publish","format-standard","hentry","category-actualite","category-cameroun"],"_links":{"self":[{"href":"https:\/\/linitiative.ca\/International\/wp-json\/wp\/v2\/posts\/81886","targetHints":{"allow":["GET"]}}],"collection":[{"href":"https:\/\/linitiative.ca\/International\/wp-json\/wp\/v2\/posts"}],"about":[{"href":"https:\/\/linitiative.ca\/International\/wp-json\/wp\/v2\/types\/post"}],"author":[{"embeddable":true,"href":"https:\/\/linitiative.ca\/International\/wp-json\/wp\/v2\/users\/1965"}],"replies":[{"embeddable":true,"href":"https:\/\/linitiative.ca\/International\/wp-json\/wp\/v2\/comments?post=81886"}],"version-history":[{"count":0,"href":"https:\/\/linitiative.ca\/International\/wp-json\/wp\/v2\/posts\/81886\/revisions"}],"wp:attachment":[{"href":"https:\/\/linitiative.ca\/International\/wp-json\/wp\/v2\/media?parent=81886"}],"wp:term":[{"taxonomy":"category","embeddable":true,"href":"https:\/\/linitiative.ca\/International\/wp-json\/wp\/v2\/categories?post=81886"},{"taxonomy":"post_tag","embeddable":true,"href":"https:\/\/linitiative.ca\/International\/wp-json\/wp\/v2\/tags?post=81886"}],"curies":[{"name":"wp","href":"https:\/\/api.w.org\/{rel}","templated":true}]}}