{"id":81887,"date":"2020-04-10T15:18:07","date_gmt":"2020-04-10T19:18:07","guid":{"rendered":"https:\/\/linitiative.ca\/International\/benin-covid-19-le-benin-receptionne-cinq-millions-de-masques-et-de-la-chloroquine\/"},"modified":"2020-04-10T15:18:07","modified_gmt":"2020-04-10T19:18:07","slug":"benin-covid-19-le-benin-receptionne-cinq-millions-de-masques-et-de-la-chloroquine","status":"publish","type":"post","link":"https:\/\/linitiative.ca\/International\/benin-covid-19-le-benin-receptionne-cinq-millions-de-masques-et-de-la-chloroquine\/","title":{"rendered":"B\u00e9nin \/ Covid-19 : Le B\u00e9nin r\u00e9ceptionne cinq millions de masques et de la chloroquine"},"content":{"rendered":"<div readability=\"32\">\n<p>Publi\u00e9 le 10.04.2020 \u00e0 20h18 par APA News<\/p>\n<\/div>\n<div readability=\"67\">\n<p>Dans le cadre de la riposte contre le Covid-19, le gouvernement b\u00e9ninois a r\u00e9ceptionn\u00e9 ce vendredi 10 avril, \u00e0 l\u2019a\u00e9roport international Cardinal Bernardin Gantin, un important lot de masques de protection et de mat\u00e9riels m\u00e9dicaux.Selon le ministre de la sant\u00e9, Benjamin Hounkpatin, ce premier lot de mat\u00e9riels m\u00e9dicaux est compos\u00e9 de 5 millions de masques faciaux sur les 30 millions command\u00e9s, des visi\u00e8res, des respirateurs, des gants, des \u00e9quipements de protection individuelle, des m\u00e9dicaments destin\u00e9s \u00e0 la prise en charge des cas d\u00e9clar\u00e9s positifs et un important lot de chloroquine, m\u00e9dicament qui entre dans le protocole de traitement du Covid-19 choisi par le B\u00e9nin.<\/p>\n<p>\u00ab\u00a0La r\u00e9ception de ces mat\u00e9riels m\u00e9dicaux, qui repr\u00e9sentent une partie des commandes effectu\u00e9es par le gouvernement, montre la volont\u00e9 de l\u2019ex\u00e9cutif b\u00e9ninois de tout mettre en \u0153uvre pour contenir la propagation de la pand\u00e9mie et assurer une prise en charge adapt\u00e9e des malades du Coronavirus\u00a0\u00bb a expliqu\u00e9 le ministre.<\/p>\n<p>En plus, des masques de protection et des mat\u00e9riels m\u00e9dicaux, plus de 250 millions de FCFA ont \u00e9t\u00e9 re\u00e7us en dons financiers et plus d\u2019un millier de dons en nature, compos\u00e9s entre autres de concentrateurs d\u2019oxyg\u00e8ne, de gants, de gels hydro alcoolique, de masques, de pulv\u00e9risateurs , des \u00e9quipements de protection individuelle, de pocket wifi.<\/p>\n<\/div>\n<p>Auteur: APA News<br \/>\n<a href=\"https:\/\/www.journalducameroun.com\/benin-covid-19-le-benin-receptionne-cinq-millions-de-masques-et-de-la-chloroquine\/\">Cliquez ici pour lire l&rsquo;article depuis sa source.<\/a><\/p>\n","protected":false},"excerpt":{"rendered":"<p>Publi\u00e9 le 10.04.2020 \u00e0 20h18 par APA News Dans le cadre de la riposte contre le Covid-19, le gouvernement b\u00e9ninois a r\u00e9ceptionn\u00e9 ce vendredi 10 avril, \u00e0 l\u2019a\u00e9roport international Cardinal Bernardin Gantin, un important lot de masques de protection et de mat\u00e9riels m\u00e9dicaux.Selon le ministre de la sant\u00e9, Benjamin Hounkpatin, ce premier lot de mat\u00e9riels [&hellip;]<\/p>\n","protected":false},"author":1965,"featured_media":0,"comment_status":"closed","ping_status":"closed","sticky":false,"template":"","format":"standard","meta":{"fifu_image_url":"","fifu_image_alt":"","footnotes":""},"categories":[73,82],"tags":[],"class_list":["post-81887","post","type-post","status-publish","format-standard","hentry","category-actualite","category-cameroun"],"_links":{"self":[{"href":"https:\/\/linitiative.ca\/International\/wp-json\/wp\/v2\/posts\/81887","targetHints":{"allow":["GET"]}}],"collection":[{"href":"https:\/\/linitiative.ca\/International\/wp-json\/wp\/v2\/posts"}],"about":[{"href":"https:\/\/linitiative.ca\/International\/wp-json\/wp\/v2\/types\/post"}],"author":[{"embeddable":true,"href":"https:\/\/linitiative.ca\/International\/wp-json\/wp\/v2\/users\/1965"}],"replies":[{"embeddable":true,"href":"https:\/\/linitiative.ca\/International\/wp-json\/wp\/v2\/comments?post=81887"}],"version-history":[{"count":0,"href":"https:\/\/linitiative.ca\/International\/wp-json\/wp\/v2\/posts\/81887\/revisions"}],"wp:attachment":[{"href":"https:\/\/linitiative.ca\/International\/wp-json\/wp\/v2\/media?parent=81887"}],"wp:term":[{"taxonomy":"category","embeddable":true,"href":"https:\/\/linitiative.ca\/International\/wp-json\/wp\/v2\/categories?post=81887"},{"taxonomy":"post_tag","embeddable":true,"href":"https:\/\/linitiative.ca\/International\/wp-json\/wp\/v2\/tags?post=81887"}],"curies":[{"name":"wp","href":"https:\/\/api.w.org\/{rel}","templated":true}]}}