{"id":81888,"date":"2020-04-10T15:30:45","date_gmt":"2020-04-10T19:30:45","guid":{"rendered":"https:\/\/linitiative.ca\/International\/covid-19-les-chiffres-cles-de-la-pandemie-au-cameroun\/"},"modified":"2020-04-10T15:30:45","modified_gmt":"2020-04-10T19:30:45","slug":"covid-19-les-chiffres-cles-de-la-pandemie-au-cameroun","status":"publish","type":"post","link":"https:\/\/linitiative.ca\/International\/covid-19-les-chiffres-cles-de-la-pandemie-au-cameroun\/","title":{"rendered":"Covid-19: les chiffres cl\u00e9s de la pand\u00e9mie au Cameroun"},"content":{"rendered":"<div readability=\"32\">\n<p>Publi\u00e9 le 10.04.2020 \u00e0 20h30 par Christian Djimadeu<\/p>\n<\/div>\n<div readability=\"114\">\n<h2 class=\"c4\">Le Cameroun approche 1000 cas d\u2019infection au Covid-19 en moins de deux mois. Entre le 6 mars et ce 10 avril, les feux sont au rouge\u00a0: hausse vermineuse du nombre d\u2019infect\u00e9s, de morts, pour un peu plus d\u2019un dixi\u00e8me de gu\u00e9ris. Trouvez ci-dessous quelques les chiffres bilans du premier mois de la pand\u00e9mie au pays de Paul Biya.<\/h2>\n<p class=\"c6\"><strong>Un<\/strong>, pour le gouverneur du Littoral. Premi\u00e8re personnalit\u00e9 sur le territoire\u00a0 \u00e0 \u00eatre officiellement d\u00e9clar\u00e9e positive au Covid-19. Dieudonn\u00e9 Ivaha Diboua, apprend-t-on a \u00e9t\u00e9 contamin\u00e9 dans le cadre de ses fonctions.<\/p>\n<p class=\"c6\"><strong>Un<\/strong> aussi, comme le milliard de franc CFA que le chef de\u00a0 l\u2019Etat du Cameroun a d\u00e9bloqu\u00e9 pour le Fonds de solidarit\u00e9 pour la riposte contre le Covid-19. Fonds ouvert \u00a0\u00e0 la g\u00e9n\u00e9rosit\u00e9 publique des citoyens, des organisations et des entreprises citoyennes.<\/p>\n<p class=\"c6\">C\u2019est le nombre de m\u00e9decins morts\u00a0 des suites de Covid-19. Le Docteur Tchouamo Michel, m\u00e9decin sp\u00e9cialiste en Oto-Rhino-Laryngologie (ORL) a rendu l\u2019\u00e2me le 3 avril 2020. Son coll\u00e8gue, \u00a0le Docteur Kakisingi Lazare, gyn\u00e9cologue qui officiait \u00e0 la Clinique Idimed \u00e0 Bonapriso, \u00a0l\u2019a suivi le lendemain. Dans la nuit du samedi 4 avril.<\/p>\n<p class=\"c6\">Trois, c\u2019est le nombre de vols a\u00e9riens venus de France comportant de nombreux cas \u00e0 risque. Le premier vol est arriv\u00e9 le 7 mars, le suivant le 14 et le dernier le 17 du m\u00eame mois. Le ministre de la Sant\u00e9 publique a maille \u00e0 partir avec les voyageurs arriv\u00e9s les 14 et 17 mars. \u00a0Beaucoup ne s\u2019\u00e9taient pas fait d\u00e9pister \u00e0 leur arriv\u00e9e. Pourtant ces vols comptaient des personnes infect\u00e9es et qui ont certainement contamin\u00e9 d\u2019autres. Les multiples rappels du Minsant\u00e9 \u00e0 venir se faire tester ont presque \u00e9t\u00e9 vains.<\/p>\n<p class=\"c6\"><strong>Cinq,<\/strong> comme le nombre de contacts utiles \u00a0mis \u00e0 la disposition du grand public pour tout besoin de renseignements\u00a0: 1510 \/ 677-89-93-69\u00a0\/ 677-89-93-69 \/ 677-89-76-44\u00a0\/ 677-90-01-57.<\/p>\n<p class=\"c6\"><strong>Cinq<\/strong> \u00e9galement, comme le rang qu\u2019occupe actuellement le \u00a0Cameroun dans le classement des pays les plus touch\u00e9s en Afrique par la pand\u00e9mie du Covid-19. Le Cameroun \u00a0suit le Maroc, l\u2019Alg\u00e9rie, l\u2019Egypte et l\u2019Afrique du Sud.<\/p>\n<p class=\"c6\"><strong>Cinq<\/strong>, C\u2019est aussi le nombre de r\u00e9gions qui regorgent des cas positifs de Covid-19. A Savoir la r\u00e9gion du Centre avec plus de 415 personnes infect\u00e9es, le littoral avec plus de 250, l\u2019ouest un peu plus de 50, 5 cas positifs au Sud, 4 dans le Sud-Ouest.<\/p>\n<p class=\"c6\"><strong>Douze<\/strong>, le nombre d\u2019h\u00f4pitaux publics et de centres r\u00e9quisitionn\u00e9s pour la prise en charge des patients. A Yaound\u00e9 il s\u2019agit de l\u2019H\u00f4pital central de Yaound\u00e9, l\u2019H\u00f4pital g\u00e9n\u00e9ral, l\u2019H\u00f4pital Jamot, le Centre hospitalier universitaire, le Centre des op\u00e9rations d\u2019urgence de sant\u00e9 publique, le Stade militaire, et le lieu-dit ancien Orca \u00e0 Mvog-bi. Dans la p\u00e9riph\u00e9rie de la capitale, l\u2019H\u00f4pital d\u2019Obala. A l\u2019ouest l\u2019H\u00f4pital r\u00e9gional de Bafoussam, dans le Sud-Ouest l\u2019H\u00f4pital de Buea. A l\u2019Est \u00a0l\u2019H\u00f4pital r\u00e9gional de Bertoua, au Sud \u00a0l\u2019H\u00f4pital de r\u00e9f\u00e9rence de Sangm\u00e9lima. A noter que la plupart des h\u00f4pitaux abritent \u00a0un centre d\u2019isolement et de pise en charge des patients.<\/p>\n<p class=\"c6\"><strong>Douze<\/strong>, c\u2019est aussi le\u00a0 nombre de morts enregistr\u00e9s en 36 jours. C\u2019est \u00e0 dire depuis la d\u00e9couverte du premier cas d\u2019infection le 6 mars 2020.<\/p>\n<p class=\"c6\">C\u2019est le nombre de milliards pr\u00e9vus pour la lutte contre le Covid-19 selon Sylvestre Moh Tangongho. Il est directeur g\u00e9n\u00e9ral du Tr\u00e9sor, de la coop\u00e9ration financi\u00e8re et mon\u00e9taire. Il l\u2019a officialis\u00e9 ce budget de 45 milliards de FCFA, \u00a0cette semaine dans une interview accord\u00e9e au quotidien national Cameroun Tribune.<\/p>\n<p class=\"c6\">C\u2019est le nombre de personnes officiellement gu\u00e9ries au soir du 10 avril 2020. Par les soins du vaillant personnel de sant\u00e9 qui travaille de\u00a0 jour comme de nuit pour \u00e9viter la mort \u00e0 de compatriotes notamment.<\/p>\n<p class=\"c6\">Cela repr\u00e9sente les personnes plac\u00e9es en observation et dont l\u2019avenir dira s\u2019ils sont ou pas atteints par le Covid-19.<\/p>\n<p class=\"c6\">C\u2019est le nombre de personnes infect\u00e9es en 36 jours. Et qui classe le Cameroun parmi les cinq pays du continent les plus affect\u00e9 par la pand\u00e9mie du Covid-19.<\/p>\n<\/div>\n<p>Auteur: Christian DJIMADEU<br \/>\n<a href=\"https:\/\/www.journalducameroun.com\/covid-19-les-chiffres-cles-de-la-pandemie-au-cameroun\/\">Cliquez ici pour lire l&rsquo;article depuis sa source.<\/a><\/p>\n","protected":false},"excerpt":{"rendered":"<p>Publi\u00e9 le 10.04.2020 \u00e0 20h30 par Christian Djimadeu Le Cameroun approche 1000 cas d\u2019infection au Covid-19 en moins de deux mois. Entre le 6 mars et ce 10 avril, les feux sont au rouge\u00a0: hausse vermineuse du nombre d\u2019infect\u00e9s, de morts, pour un peu plus d\u2019un dixi\u00e8me de gu\u00e9ris. Trouvez ci-dessous quelques les chiffres bilans [&hellip;]<\/p>\n","protected":false},"author":1965,"featured_media":0,"comment_status":"closed","ping_status":"closed","sticky":false,"template":"","format":"standard","meta":{"fifu_image_url":"","fifu_image_alt":"","footnotes":""},"categories":[73,82],"tags":[],"class_list":["post-81888","post","type-post","status-publish","format-standard","hentry","category-actualite","category-cameroun"],"_links":{"self":[{"href":"https:\/\/linitiative.ca\/International\/wp-json\/wp\/v2\/posts\/81888","targetHints":{"allow":["GET"]}}],"collection":[{"href":"https:\/\/linitiative.ca\/International\/wp-json\/wp\/v2\/posts"}],"about":[{"href":"https:\/\/linitiative.ca\/International\/wp-json\/wp\/v2\/types\/post"}],"author":[{"embeddable":true,"href":"https:\/\/linitiative.ca\/International\/wp-json\/wp\/v2\/users\/1965"}],"replies":[{"embeddable":true,"href":"https:\/\/linitiative.ca\/International\/wp-json\/wp\/v2\/comments?post=81888"}],"version-history":[{"count":0,"href":"https:\/\/linitiative.ca\/International\/wp-json\/wp\/v2\/posts\/81888\/revisions"}],"wp:attachment":[{"href":"https:\/\/linitiative.ca\/International\/wp-json\/wp\/v2\/media?parent=81888"}],"wp:term":[{"taxonomy":"category","embeddable":true,"href":"https:\/\/linitiative.ca\/International\/wp-json\/wp\/v2\/categories?post=81888"},{"taxonomy":"post_tag","embeddable":true,"href":"https:\/\/linitiative.ca\/International\/wp-json\/wp\/v2\/tags?post=81888"}],"curies":[{"name":"wp","href":"https:\/\/api.w.org\/{rel}","templated":true}]}}