{"id":81889,"date":"2020-04-10T13:08:01","date_gmt":"2020-04-10T17:08:01","guid":{"rendered":"https:\/\/linitiative.ca\/International\/croissance-lagriculture-camerounaise-maintient-le-cap\/"},"modified":"2020-04-10T13:08:01","modified_gmt":"2020-04-10T17:08:01","slug":"croissance-lagriculture-camerounaise-maintient-le-cap","status":"publish","type":"post","link":"https:\/\/linitiative.ca\/International\/croissance-lagriculture-camerounaise-maintient-le-cap\/","title":{"rendered":"Croissance : l\u2019agriculture camerounaise maintient le cap"},"content":{"rendered":"<div id=\"the-post\">\n<div class=\"featured-area featured-area-inner\"><img loading=\"lazy\" decoding=\"async\" width=\"500\" height=\"333\" src=\"https:\/\/linitiative.ca\/International\/wp-content\/uploads\/sites\/23\/2020\/04\/olaf-agrisulture-1.jpg\" class=\"attachment-jannah-image-post size-jannah-image-post wp-post-image\" alt=\"olaf\" srcset=\"https:\/\/linitiative.ca\/International\/wp-content\/uploads\/sites\/23\/2020\/04\/olaf-agrisulture-1.jpg 500w, https:\/\/ecomatin.net\/wp-content\/uploads\/2020\/04\/olaf-agrisulture-300x200.jpg 300w\" sizes=\"auto, (max-width: 500px) 100vw, 500px\" data-attachment-id=\"14930\" data-permalink=\"https:\/\/ecomatin.net\/la-hollandaise-olaf-veut-investir-295-milliards-de-fcfa-au-cameroun\/olaf-agrisulture\/\" data-orig-file=\"https:\/\/linitiative.ca\/International\/wp-content\/uploads\/sites\/23\/2020\/04\/olaf-agrisulture-1.jpg\" data-orig-size=\"500,333\" data-comments-opened=\"0\" data-image-meta=\"{&quot;aperture&quot;:&quot;0&quot;,&quot;credit&quot;:&quot;&quot;,&quot;camera&quot;:&quot;&quot;,&quot;caption&quot;:&quot;&quot;,&quot;created_timestamp&quot;:&quot;0&quot;,&quot;copyright&quot;:&quot;&quot;,&quot;focal_length&quot;:&quot;0&quot;,&quot;iso&quot;:&quot;0&quot;,&quot;shutter_speed&quot;:&quot;0&quot;,&quot;title&quot;:&quot;&quot;,&quot;orientation&quot;:&quot;0&quot;}\" data-image-title=\"olaf agrisulture\" data-image-description=\"\" data-medium-file=\"https:\/\/ecomatin.net\/wp-content\/uploads\/2020\/04\/olaf-agrisulture-300x200.jpg\" data-large-file=\"https:\/\/linitiative.ca\/International\/wp-content\/uploads\/sites\/23\/2020\/04\/olaf-agrisulture-1.jpg\"\/> olaf agriculture<\/div>\n<div class=\"entry-content entry clearfix\" readability=\"60.7997440819\">\n<p>De mani\u00e8re g\u00e9n\u00e9rale, l\u2019activit\u00e9 \u00e9conomique camerounaise au troisi\u00e8me trimestre 2019 a \u00e9t\u00e9 marqu\u00e9e par une croissance r\u00e9elle du PIB de 3,8 % par rapport \u00e0 la m\u00eame p\u00e9riode en 2018. Selon l\u2019Institut Nationale de la Statistique(INS), cette \u00e9volution r\u00e9sulte du dynamisme des activit\u00e9s dans tous les trois secteurs.\u00a0 Si le secteur primaire reste le moins performant, avec une contribution de 0,6 point au PIB, force est de constater qu\u2019il conna\u00eet n\u00e9anmoins une nette progression de 0,1 point par rapport au trimestre pr\u00e9c\u00e9dent. Cette \u00e9volution est en grande partie due \u00e0 la bonne tenue des activit\u00e9s dans les branches de l\u2019agriculture industrielle et d\u2019exportation qui croissent de 5,6%. La performance du secteur primaire est \u00e9galement port\u00e9e par les activit\u00e9s de l\u2019\u00e9levage, la p\u00eache et la chasse qui connaissent une hausse de 5,8% en d\u00e9pit du ralentissement du rythme de l\u2019activit\u00e9 dans ses branches.\u00a0 La branche sylviculture dont la contribution \u00e0 la croissance s\u2019\u00e9tablit \u00e0 0,1 point, renoue avec la croissance (3,1 %) apr\u00e8s un repli enregistr\u00e9 au trimestre pr\u00e9c\u00e9dent. A contrario, l\u2019on enregistre une perte de vitesse dans l\u2019agriculture vivri\u00e8re, qui progresse de 2,6% contre 5,0% par rapport \u00e0 la m\u00eame p\u00e9riode en 2018. Le principal levier de l\u2019activit\u00e9 \u00e9conomique dans le secteur primaire conna\u00eet quant \u00e0 lui un tel ralentissement \u00e0 cause des tensions inflationnistes sur les prix des produits vivriers. Une inflation qui a persist\u00e9 dans le pays tout au long de l\u2019ann\u00e9e \u00e0 cause du durcissement des conditions de sortie de devises, ainsi que l\u2019ins\u00e9curit\u00e9 persistante dans certaines r\u00e9gions. A la fin d\u2019ann\u00e9e 2019, l\u2019INS annon\u00e7ait d\u00e9j\u00e0 une inflation de 2,7%. Dans la r\u00e9gion de l\u2019Extr\u00eame-Nord en particulier, indiquait l\u2019INS, du fait des inondations ayant occasionn\u00e9 les pertes de cultures, de centaines de t\u00eates de b\u00e9tail et des surfaces de p\u00e2turage, les march\u00e9s ont \u00e9t\u00e9 de moins en moins approvisionn\u00e9s (ma\u00efs, riz, mil, sorgho), oignons, viande de b\u0153uf, etc. A cela vient s\u2019ajouter la crise s\u00e9cessionniste dans les r\u00e9gions anglophones du pays qui a fait perdre 845 milliards \u00e0 l\u2019\u00e9conomie nationale et plus de 16000 emplois. Les premiers touch\u00e9s sont les entreprises agro-industrielles telles que CDC, Pamol qui sont pratiquement \u00e0 l\u2019arr\u00eat. \u00ab En raison de la nature de leurs activit\u00e9s qui s\u2019\u00e9talent sur des hectares, ces derni\u00e8res se retrouvent quasiment d\u00e9munies face aux attaques et sont dans l\u2019impossibilit\u00e9 de sauvegarder leurs actifs, surtout le mat\u00e9riel v\u00e9g\u00e9tal \u00bb Pr\u00e9cisait le Groupement Inter-patronal du Cameroun en 2019 dans son tableau de bord de l\u2019\u00e9conomie camerounaise.\u00a0<\/p>\n<div class=\"awac-wrapper awac widget posts-list-widget-13\">\n<h4 class=\"widget-title\">Recent Posts<\/h4>\n<\/div>\n<\/div>\n<\/div>\n<div readability=\"31.5\">\n<div class=\"container-wrapper subscribe-widget widget-inner-wrap subscribe-widget-content\" id=\"post-newsletter\" readability=\"33\">\n<h4>With Product You Purchase<\/h4>\n<h3>Subscribe to our mailing list to get the new updates!<\/h3>\n<p>Lorem ipsum dolor sit amet, consectetur.<\/p>\n<\/div>\n<\/div>\n<p>Auteur: EcoMatin<br \/>\n<a href=\"https:\/\/ecomatin.net\/croissance-lagriculture-camerounaise-maintient-le-cap\/\">Cliquez ici pour lire l&rsquo;article depuis sa source.<\/a><\/p>\n","protected":false},"excerpt":{"rendered":"<p>olaf agriculture De mani\u00e8re g\u00e9n\u00e9rale, l\u2019activit\u00e9 \u00e9conomique camerounaise au troisi\u00e8me trimestre 2019 a \u00e9t\u00e9 marqu\u00e9e par une croissance r\u00e9elle du PIB de 3,8 % par rapport \u00e0 la m\u00eame p\u00e9riode en 2018. Selon l\u2019Institut Nationale de la Statistique(INS), cette \u00e9volution r\u00e9sulte du dynamisme des activit\u00e9s dans tous les trois secteurs.\u00a0 Si le secteur primaire reste [&hellip;]<\/p>\n","protected":false},"author":1969,"featured_media":81890,"comment_status":"closed","ping_status":"closed","sticky":false,"template":"","format":"standard","meta":{"fifu_image_url":"","fifu_image_alt":"","footnotes":""},"categories":[82,78],"tags":[],"class_list":["post-81889","post","type-post","status-publish","format-standard","has-post-thumbnail","hentry","category-cameroun","category-economie"],"_links":{"self":[{"href":"https:\/\/linitiative.ca\/International\/wp-json\/wp\/v2\/posts\/81889","targetHints":{"allow":["GET"]}}],"collection":[{"href":"https:\/\/linitiative.ca\/International\/wp-json\/wp\/v2\/posts"}],"about":[{"href":"https:\/\/linitiative.ca\/International\/wp-json\/wp\/v2\/types\/post"}],"author":[{"embeddable":true,"href":"https:\/\/linitiative.ca\/International\/wp-json\/wp\/v2\/users\/1969"}],"replies":[{"embeddable":true,"href":"https:\/\/linitiative.ca\/International\/wp-json\/wp\/v2\/comments?post=81889"}],"version-history":[{"count":0,"href":"https:\/\/linitiative.ca\/International\/wp-json\/wp\/v2\/posts\/81889\/revisions"}],"wp:featuredmedia":[{"embeddable":true,"href":"https:\/\/linitiative.ca\/International\/wp-json\/"}],"wp:attachment":[{"href":"https:\/\/linitiative.ca\/International\/wp-json\/wp\/v2\/media?parent=81889"}],"wp:term":[{"taxonomy":"category","embeddable":true,"href":"https:\/\/linitiative.ca\/International\/wp-json\/wp\/v2\/categories?post=81889"},{"taxonomy":"post_tag","embeddable":true,"href":"https:\/\/linitiative.ca\/International\/wp-json\/wp\/v2\/tags?post=81889"}],"curies":[{"name":"wp","href":"https:\/\/api.w.org\/{rel}","templated":true}]}}