{"id":81892,"date":"2020-04-10T13:21:58","date_gmt":"2020-04-10T17:21:58","guid":{"rendered":"https:\/\/linitiative.ca\/International\/covid-19-la-cicam-se-lance-dans-la-production-des-masques\/"},"modified":"2020-04-10T13:21:58","modified_gmt":"2020-04-10T17:21:58","slug":"covid-19-la-cicam-se-lance-dans-la-production-des-masques","status":"publish","type":"post","link":"https:\/\/linitiative.ca\/International\/covid-19-la-cicam-se-lance-dans-la-production-des-masques\/","title":{"rendered":"Covid-19 : la Cicam se lance dans la production des masques"},"content":{"rendered":"<div id=\"the-post\">\n<div class=\"featured-area featured-area-inner\"><img loading=\"lazy\" decoding=\"async\" width=\"780\" height=\"470\" src=\"https:\/\/linitiative.ca\/International\/wp-content\/uploads\/sites\/23\/2020\/04\/cache-nez-Cicam-780x470-1.jpg\" class=\"attachment-jannah-image-post size-jannah-image-post wp-post-image\" alt=\"cache-nez cicam\" srcset=\"https:\/\/linitiative.ca\/International\/wp-content\/uploads\/sites\/23\/2020\/04\/cache-nez-Cicam-780x470-1.jpg 780w, https:\/\/ecomatin.net\/wp-content\/uploads\/2020\/04\/cache-nez-Cicam-300x180.jpg 300w\" sizes=\"auto, (max-width: 780px) 100vw, 780px\" data-attachment-id=\"14955\" data-permalink=\"https:\/\/ecomatin.net\/covid-19-la-cicam-se-lance-dans-la-production-des-masques\/virus-outbreak-kenya\/\" data-orig-file=\"https:\/\/ecomatin.net\/wp-content\/uploads\/2020\/04\/cache-nez-Cicam.jpg\" data-orig-size=\"1000,600\" data-comments-opened=\"0\" data-image-meta=\"{&quot;aperture&quot;:&quot;2.8&quot;,&quot;credit&quot;:&quot;AP&quot;,&quot;camera&quot;:&quot;NIKON D3S&quot;,&quot;caption&quot;:&quot;A worker sews surgical-type face masks to be used to curb transmission of the new coronavirus, at the New Dawn company in Kikuyu, north of Nairobi, in Kenya Saturday, April 4, 2020. The masks will be distributed by the Kenyan government to hospitals and also those commuting on public transport. (AP Photo\/John Muchucha)&quot;,&quot;created_timestamp&quot;:&quot;1585992750&quot;,&quot;copyright&quot;:&quot;Copyright 2020 The Associated Press. All rights reserved.&quot;,&quot;focal_length&quot;:&quot;14&quot;,&quot;iso&quot;:&quot;800&quot;,&quot;shutter_speed&quot;:&quot;0.004&quot;,&quot;title&quot;:&quot;Virus Outbreak Kenya&quot;,&quot;orientation&quot;:&quot;1&quot;}\" data-image-title=\"cache-nez cicam\" data-image-description=\"\" data-medium-file=\"https:\/\/ecomatin.net\/wp-content\/uploads\/2020\/04\/cache-nez-Cicam-300x180.jpg\" data-large-file=\"https:\/\/ecomatin.net\/wp-content\/uploads\/2020\/04\/cache-nez-Cicam.jpg\"\/> cache nez<\/div>\n<div class=\"entry-content entry clearfix\" readability=\"48.4626940411\">\n<p>La Cotonni\u00e8re industrielle du Cameroun (Cicam) va produire 15 millions de masques st\u00e9rilis\u00e9s par mois pour prot\u00e9ger les populations du coronavirus.\u00a0Les co\u00fbts de ces masques, a-t-on appris, seront relativement bas pour permettre au maximum de personnes de s\u2019en procurer.\u00a0Les acteurs majeurs de la fili\u00e8re textile l\u2019ont assur\u00e9 au ministre des Mines,\u00a0de l\u2019Industrie et du D\u00e9veloppement technologique, Gabriel Dodo Ndoke.\u00a0Pour se convaincre de la capacit\u00e9 de production de ce mat\u00e9riel, le membre du gouvernement a visit\u00e9 les installations de la Cicam \u00e0 Douala, le 8 avril 2020.<\/p>\n<p>Gabriel Dodo Ndoke s\u2019est dit satisfait. \u00ab\u00a0Je suis heureux de constater que le processus se passe bien. Le directeur g\u00e9n\u00e9ral de la Cicam a mobilis\u00e9 autour de lui \u00e0 ma demande tous les professionnels du secteur. A terme, nous devons attendre 15 millions de masques par mois et cette capacit\u00e9 de production devrait aller croissant\u00a0\u00bb, a affirm\u00e9 le Minmidt.<\/p>\n<p>A en croire ce dernier, la Cicam devrait commencer la production du premier stock de ces masques la semaine prochaine. D\u2019ores et d\u00e9j\u00e0, ses partenaires, \u00e0 l\u2019instar d\u2019Ecotec, sont mobilis\u00e9s depuis deux semaines pour r\u00e9pondre \u00e0 la demande croissante de ces \u00e9quipements de protection. L\u2019entreprise, a-t-on appris, produit 5000 pi\u00e8ces par jour, au moment o\u00f9 le port du masque devient quasiment obligatoire.\u00a0Cette action apparait comme la contribution des acteurs majeurs de la fili\u00e8re textile au c\u00f4t\u00e9 du gouvernement dans la lutte contre le Covid-19.<\/p>\n<div class=\"awac-wrapper awac widget posts-list-widget-13\">\n<h4 class=\"widget-title\">Recent Posts<\/h4>\n<\/div>\n<\/div>\n<\/div>\n<div readability=\"31.5\">\n<div class=\"container-wrapper subscribe-widget widget-inner-wrap subscribe-widget-content\" id=\"post-newsletter\" readability=\"33\">\n<h4>With Product You Purchase<\/h4>\n<h3>Subscribe to our mailing list to get the new updates!<\/h3>\n<p>Lorem ipsum dolor sit amet, consectetur.<\/p>\n<\/div>\n<\/div>\n<p>Auteur: EcoMatin<br \/>\n<a href=\"https:\/\/ecomatin.net\/covid-19-la-cicam-se-lance-dans-la-production-des-masques\/\">Cliquez ici pour lire l&rsquo;article depuis sa source.<\/a><\/p>\n","protected":false},"excerpt":{"rendered":"<p>cache nez La Cotonni\u00e8re industrielle du Cameroun (Cicam) va produire 15 millions de masques st\u00e9rilis\u00e9s par mois pour prot\u00e9ger les populations du coronavirus.\u00a0Les co\u00fbts de ces masques, a-t-on appris, seront relativement bas pour permettre au maximum de personnes de s\u2019en procurer.\u00a0Les acteurs majeurs de la fili\u00e8re textile l\u2019ont assur\u00e9 au ministre des Mines,\u00a0de l\u2019Industrie et [&hellip;]<\/p>\n","protected":false},"author":1969,"featured_media":81893,"comment_status":"closed","ping_status":"closed","sticky":false,"template":"","format":"standard","meta":{"fifu_image_url":"","fifu_image_alt":"","footnotes":""},"categories":[82,78],"tags":[],"class_list":["post-81892","post","type-post","status-publish","format-standard","has-post-thumbnail","hentry","category-cameroun","category-economie"],"_links":{"self":[{"href":"https:\/\/linitiative.ca\/International\/wp-json\/wp\/v2\/posts\/81892","targetHints":{"allow":["GET"]}}],"collection":[{"href":"https:\/\/linitiative.ca\/International\/wp-json\/wp\/v2\/posts"}],"about":[{"href":"https:\/\/linitiative.ca\/International\/wp-json\/wp\/v2\/types\/post"}],"author":[{"embeddable":true,"href":"https:\/\/linitiative.ca\/International\/wp-json\/wp\/v2\/users\/1969"}],"replies":[{"embeddable":true,"href":"https:\/\/linitiative.ca\/International\/wp-json\/wp\/v2\/comments?post=81892"}],"version-history":[{"count":0,"href":"https:\/\/linitiative.ca\/International\/wp-json\/wp\/v2\/posts\/81892\/revisions"}],"wp:featuredmedia":[{"embeddable":true,"href":"https:\/\/linitiative.ca\/International\/wp-json\/"}],"wp:attachment":[{"href":"https:\/\/linitiative.ca\/International\/wp-json\/wp\/v2\/media?parent=81892"}],"wp:term":[{"taxonomy":"category","embeddable":true,"href":"https:\/\/linitiative.ca\/International\/wp-json\/wp\/v2\/categories?post=81892"},{"taxonomy":"post_tag","embeddable":true,"href":"https:\/\/linitiative.ca\/International\/wp-json\/wp\/v2\/tags?post=81892"}],"curies":[{"name":"wp","href":"https:\/\/api.w.org\/{rel}","templated":true}]}}