{"id":81898,"date":"2020-04-11T08:33:33","date_gmt":"2020-04-11T12:33:33","guid":{"rendered":"https:\/\/linitiative.ca\/International\/luniversite-mohammed-vi-polytechnique-met-sa-plateforme-digitale-a-disposition-des-eleves-de-classes-prepa\/"},"modified":"2020-04-11T08:33:33","modified_gmt":"2020-04-11T12:33:33","slug":"luniversite-mohammed-vi-polytechnique-met-sa-plateforme-digitale-a-disposition-des-eleves-de-classes-prepa","status":"publish","type":"post","link":"https:\/\/linitiative.ca\/International\/luniversite-mohammed-vi-polytechnique-met-sa-plateforme-digitale-a-disposition-des-eleves-de-classes-prepa\/","title":{"rendered":"L\u2019Universit\u00e9 Mohammed VI Polytechnique met sa plateforme digitale \u00e0 disposition des \u00e9l\u00e8ves de classes pr\u00e9pa"},"content":{"rendered":"<header>\n<\/header>\n<div class=\"entry-content clearfix\" readability=\"60.2491207503\"><img decoding=\"async\" class=\"post_layout_5_img\" src=\"http:\/\/aujourdhui.ma\/wp-content\/uploads\/2020\/04\/UM6P-Universit\u00e9-Mohammed-VI-Polytechnique-Classes-Pr\u00e9paratoires.jpg?x29840\" alt=\"L&#x2019;Universit&#xE9; Mohammed VI Polytechnique met sa plateforme digitale &#xE0; disposition des &#xE9;l&#xE8;ves de classes pr&#xE9;pa\"\/><\/p>\n<p><span class=\"c6\"><strong>L\u2019Universit\u00e9 Mohammed VI Polytechnique (UM6P) a mis en ligne sa plateforme \u00e9ducative <span class=\"c5\"><a class=\"c4\" href=\"http:\/\/www.prepadigitale.com\">www.prepadigitale.com<\/a><\/span>, donnant libre acc\u00e8s aux \u00e9l\u00e8ves des Classes Pr\u00e9paratoires aux Grandes \u00c9coles (CPGE), afin d\u2019approfondir leur connaissance \u00e0 distance.<\/strong><\/span><span id=\"more-341065\"\/><\/p>\n<p>Dans un communiqu\u00e9 conjoint publi\u00e9 le samedi 11 avril, le minist\u00e8re de l\u2019\u00e9ducation nationale et l\u2019UM6P indiquent: \u00abCe lancement s\u2019inscrit dans la lign\u00e9e des mesures de soutien aux \u00e9l\u00e8ves des CPGE, \u00e0 la suite de la d\u00e9cision de suspension des cours en pr\u00e9sentiel, visant \u00e0 prot\u00e9ger la sant\u00e9 des \u00e9l\u00e8ves, des cadres p\u00e9dagogiques et administratifs et l\u2019ensemble des citoyens, et afin de lutter contre la propagation du Covid-19 \u00bb. Plus de 400 cours y sont disponibles actuellement. A noter que les ressources num\u00e9riques mises en ligne ont \u00e9t\u00e9 pr\u00e9par\u00e9es en collaboration entre l\u2019UM6P, le Lyc\u00e9e d\u2019Excellence de Benguerir et le minist\u00e8re de l\u2019\u00c9ducation Nationale.<\/p>\n<p>Cette plateforme riche en contenu permettra aux \u00e9l\u00e8ves de rester concentr\u00e9s sur leurs cours ainsi que sur leur pr\u00e9paration aux divers concours. Elle sera enrichie au fur et \u00e0 mesure par de nouveaux cours.Afin de pouvoir acc\u00e9der \u00e0 la plateforme, plus de 9000 \u00e9tudiants et professeurs des classes pr\u00e9paratoires \u00e0 l\u2019\u00e9chelle nationale ont re\u00e7u un email avec les informations de connexion n\u00e9cessaires.<\/p>\n<p>Cette initiative vient renforcer l\u2019ensemble des actions entreprises dans le cadre de la convention cadre sign\u00e9e le 6 septembre 2019, entre le Minist\u00e8re de l\u2019\u00c9ducation Nationale, de la Formation Professionnelle, de l\u2019Enseignement Sup\u00e9rieur et de la Recherche Scientifique \u2013 D\u00e9partement de l\u2019Education Nationale et la Fondation OCP.<\/p>\n<\/div>\n<p>Auteur: ALM<br \/>\n<a href=\"http:\/\/aujourdhui.ma\/emploi\/formation\/luniversite-mohammed-vi-polytechnique-met-sa-plateforme-digitale-a-disposition-des-eleves-de-classes-prepa\">Cliquez ici pour lire l&rsquo;article depuis sa source.<\/a><\/p>\n","protected":false},"excerpt":{"rendered":"<p>L\u2019Universit\u00e9 Mohammed VI Polytechnique (UM6P) a mis en ligne sa plateforme \u00e9ducative www.prepadigitale.com, donnant libre acc\u00e8s aux \u00e9l\u00e8ves des Classes Pr\u00e9paratoires aux Grandes \u00c9coles (CPGE), afin d\u2019approfondir leur connaissance \u00e0 distance. Dans un communiqu\u00e9 conjoint publi\u00e9 le samedi 11 avril, le minist\u00e8re de l\u2019\u00e9ducation nationale et l\u2019UM6P indiquent: \u00abCe lancement s\u2019inscrit dans la lign\u00e9e des [&hellip;]<\/p>\n","protected":false},"author":1759,"featured_media":0,"comment_status":"closed","ping_status":"closed","sticky":false,"template":"","format":"standard","meta":{"fifu_image_url":"","fifu_image_alt":"","footnotes":""},"categories":[73,54],"tags":[],"class_list":["post-81898","post","type-post","status-publish","format-standard","hentry","category-actualite","category-maroc"],"_links":{"self":[{"href":"https:\/\/linitiative.ca\/International\/wp-json\/wp\/v2\/posts\/81898","targetHints":{"allow":["GET"]}}],"collection":[{"href":"https:\/\/linitiative.ca\/International\/wp-json\/wp\/v2\/posts"}],"about":[{"href":"https:\/\/linitiative.ca\/International\/wp-json\/wp\/v2\/types\/post"}],"author":[{"embeddable":true,"href":"https:\/\/linitiative.ca\/International\/wp-json\/wp\/v2\/users\/1759"}],"replies":[{"embeddable":true,"href":"https:\/\/linitiative.ca\/International\/wp-json\/wp\/v2\/comments?post=81898"}],"version-history":[{"count":0,"href":"https:\/\/linitiative.ca\/International\/wp-json\/wp\/v2\/posts\/81898\/revisions"}],"wp:attachment":[{"href":"https:\/\/linitiative.ca\/International\/wp-json\/wp\/v2\/media?parent=81898"}],"wp:term":[{"taxonomy":"category","embeddable":true,"href":"https:\/\/linitiative.ca\/International\/wp-json\/wp\/v2\/categories?post=81898"},{"taxonomy":"post_tag","embeddable":true,"href":"https:\/\/linitiative.ca\/International\/wp-json\/wp\/v2\/tags?post=81898"}],"curies":[{"name":"wp","href":"https:\/\/api.w.org\/{rel}","templated":true}]}}