{"id":81899,"date":"2020-04-11T09:19:34","date_gmt":"2020-04-11T13:19:34","guid":{"rendered":"https:\/\/linitiative.ca\/International\/le-management-des-situations-de-crise-anticiper-les-risques-et-gerer-les-crises-de-laurent-combalbert\/"},"modified":"2020-04-11T09:19:34","modified_gmt":"2020-04-11T13:19:34","slug":"le-management-des-situations-de-crise-anticiper-les-risques-et-gerer-les-crises-de-laurent-combalbert","status":"publish","type":"post","link":"https:\/\/linitiative.ca\/International\/le-management-des-situations-de-crise-anticiper-les-risques-et-gerer-les-crises-de-laurent-combalbert\/","title":{"rendered":"Le management des situations de crise: anticiper les risques et g\u00e9rer les crises,  de Laurent Combalbert"},"content":{"rendered":"<header>\n<div class=\"entry-post-meta\">\n<div class=\"author-link\">Publi\u00e9 par <a itemprop=\"author\" itemscope=\"\" itemtype=\"https:\/\/schema.org\/Person\" href=\"http:\/\/aujourdhui.ma\/profile\/kaid\" rel=\"author\"><span itemprop=\"name\">ALM<\/span><\/a><\/div>\n<p>Date\u00a0:<time content=\"2020-04-11T14:19:34+00:00\" class=\"entry-date updated\" datetime=\"2020-04-11T14:19:34+00:00\">avril 11, 2020<\/time><\/p>\n<div class=\"entry-cat\">dans:<a href=\"http:\/\/aujourdhui.ma\/category\/emploi\" rel=\"category tag\">Emploi<\/a><\/div>\n<p>2Vues<\/p>\n<\/div>\n<\/header>\n<div class=\"entry-content clearfix\" readability=\"42\"><img decoding=\"async\" class=\"post_layout_5_img\" src=\"http:\/\/aujourdhui.ma\/wp-content\/uploads\/2020\/04\/Le-management-des-situations-de-crise.jpg?x29840\" alt=\"Le management des situations de crise: anticiper les risques et g&#xE9;rer les crises, de Laurent Combalbert\"\/><\/p>\n<p><span class=\"c4\"><strong>En ces temps de confinement o\u00f9 l\u2019\u00e9conomie mondiale tourne au ralenti dans de multiples secteurs, l\u2019ouvrage de Laurent Combalbert sera utile aux managers pour g\u00e9rer cette situation et d\u00e9passer cette crise.<\/strong><\/span><span id=\"more-340401\"\/><\/p>\n<p>L\u2019auteur propose une m\u00e9thodologie simple permettant de guider les chefs d\u2019entreprise dans la mise en \u0153uvre des processus de gestion de crise. Les questions sont nombreuses: comment cartographier les menaces et identifier les signaux pr\u00e9curseurs? Quelle organisation mettre en place pour g\u00e9rer les situations d\u2019instabilit\u00e9 et conduire les crises ? Comment g\u00e9rer le stress et s\u00e9curiser la prise de d\u00e9cision ? Comment d\u00e9briefer les situations v\u00e9cues et capitaliser pour l\u2019avenir?<br \/>Le questionnement est l\u00e9gitime. L\u2019auteur s\u2019appuiera \u00e9galement sur l\u2019exp\u00e9rience terrain hors du commun pour d\u00e9crire chaque \u00e9tape d\u2019exemples de situations v\u00e9cues. Fonctionnements et dysfonctionnements psychologiques constat\u00e9s lors de situations difficiles seront \u00e9galement analys\u00e9s. Il insistera sur la partie d\u00e9briefing pour pr\u00e9parer l\u2019avenir.<\/p>\n<p><strong>Ed. Collection Formation<\/strong><br \/><strong>Permanente (11\/01\/2018)<\/strong><\/p>\n<\/div>\n<p>Auteur: ALM<br \/>\n<a href=\"http:\/\/aujourdhui.ma\/emploi\/le-management-des-situations-de-crise-anticiper-les-risques-et-gerer-les-crises-de-laurent-combalbert\">Cliquez ici pour lire l&rsquo;article depuis sa source.<\/a><\/p>\n","protected":false},"excerpt":{"rendered":"<p>Publi\u00e9 par ALM Date\u00a0:avril 11, 2020 dans:Emploi 2Vues En ces temps de confinement o\u00f9 l\u2019\u00e9conomie mondiale tourne au ralenti dans de multiples secteurs, l\u2019ouvrage de Laurent Combalbert sera utile aux managers pour g\u00e9rer cette situation et d\u00e9passer cette crise. L\u2019auteur propose une m\u00e9thodologie simple permettant de guider les chefs d\u2019entreprise dans la mise en \u0153uvre [&hellip;]<\/p>\n","protected":false},"author":1759,"featured_media":0,"comment_status":"closed","ping_status":"closed","sticky":false,"template":"","format":"standard","meta":{"fifu_image_url":"","fifu_image_alt":"","footnotes":""},"categories":[73,54],"tags":[],"class_list":["post-81899","post","type-post","status-publish","format-standard","hentry","category-actualite","category-maroc"],"_links":{"self":[{"href":"https:\/\/linitiative.ca\/International\/wp-json\/wp\/v2\/posts\/81899","targetHints":{"allow":["GET"]}}],"collection":[{"href":"https:\/\/linitiative.ca\/International\/wp-json\/wp\/v2\/posts"}],"about":[{"href":"https:\/\/linitiative.ca\/International\/wp-json\/wp\/v2\/types\/post"}],"author":[{"embeddable":true,"href":"https:\/\/linitiative.ca\/International\/wp-json\/wp\/v2\/users\/1759"}],"replies":[{"embeddable":true,"href":"https:\/\/linitiative.ca\/International\/wp-json\/wp\/v2\/comments?post=81899"}],"version-history":[{"count":0,"href":"https:\/\/linitiative.ca\/International\/wp-json\/wp\/v2\/posts\/81899\/revisions"}],"wp:attachment":[{"href":"https:\/\/linitiative.ca\/International\/wp-json\/wp\/v2\/media?parent=81899"}],"wp:term":[{"taxonomy":"category","embeddable":true,"href":"https:\/\/linitiative.ca\/International\/wp-json\/wp\/v2\/categories?post=81899"},{"taxonomy":"post_tag","embeddable":true,"href":"https:\/\/linitiative.ca\/International\/wp-json\/wp\/v2\/tags?post=81899"}],"curies":[{"name":"wp","href":"https:\/\/api.w.org\/{rel}","templated":true}]}}