{"id":81902,"date":"2020-04-10T13:45:26","date_gmt":"2020-04-10T17:45:26","guid":{"rendered":"https:\/\/linitiative.ca\/International\/lablaq-le-deplafonnement-des-emprunts-exterieurs-doit-revetir-un-aspect-exceptionnel\/"},"modified":"2020-04-10T13:45:26","modified_gmt":"2020-04-10T17:45:26","slug":"lablaq-le-deplafonnement-des-emprunts-exterieurs-doit-revetir-un-aspect-exceptionnel","status":"publish","type":"post","link":"https:\/\/linitiative.ca\/International\/lablaq-le-deplafonnement-des-emprunts-exterieurs-doit-revetir-un-aspect-exceptionnel\/","title":{"rendered":"Lablaq: Le d\u00e9plafonnement des emprunts ext\u00e9rieurs doit rev\u00eatir un aspect exceptionnel"},"content":{"rendered":"<div>\n<p style=\"color:#1806e5\" class=\"has-text-color\"><strong>Tout en exprimant leur soutien au &nbsp;projet de d&eacute;cret-loi n&deg; 2.20.320 se rapportant au d&eacute;passement du seuil des emprunts ext&eacute;rieurs, adopt&eacute; par le Parlement en cette p&eacute;riode exceptionnelle pour faire face &agrave; la pand&eacute;mie du Coronavirus, les d&eacute;put&eacute;s du Parti du progr&egrave;s et du socialisme aspirent &agrave; ce que cette mesure soit &eacute;galement exceptionnelle, a soulign&eacute; la d&eacute;put&eacute;e Aicha Lablak, pr&eacute;sidente du GPPS.<\/strong><\/p>\n<p>Dans une intervention,<br \/>\npr&eacute;sent&eacute;e via la technique vid&eacute;o &agrave; distance, lors de la r&eacute;union du mardi 7<br \/>\navril de la commission des finances et du d&eacute;veloppement &eacute;conomique, la d&eacute;put&eacute;e a<br \/>\nfait savoir que cette mesure doit toutefois rev&ecirc;tir un aspect exceptionnel. Cette<br \/>\nop&eacute;ration doit en effet &ecirc;tre d&eacute;di&eacute;e aux besoins de base et exceptionnels et aux<br \/>\npriorit&eacute;s li&eacute;es aux dispositions relatives &agrave; la gestion de la crise.<\/p>\n<p>Elle doit &eacute;viter dans tous<br \/>\nles cas de prendre en otage le pr&eacute;sent et le futur du pays, a-t-elle expliqu&eacute;.<\/p>\n<p>Outre cette mesure, le<br \/>\nMaroc se doit de compter en premier lieu sur ses propres capacit&eacute;s pour faire<br \/>\nface &agrave; la pand&eacute;mie, a-t-elle dit, appelant &agrave; l&rsquo;intensification de la campagne<br \/>\nnationale de solidarit&eacute; avec la participation de toutes les couches sociales et<br \/>\nen particulier des milieux ais&eacute;s au fonds sp&eacute;cial d&eacute;di&eacute; &agrave; la gestion de la<br \/>\npand&eacute;mie.<\/p>\n<p>Elle n&rsquo;a pas manqu&eacute; aussi<br \/>\nde r&eacute;affirmer la mobilisation des parlementaires du PPS derri&egrave;re Sa Majest&eacute; le<br \/>\nRoi dans le cadre de cet &eacute;lan national de solidarit&eacute; et de coh&eacute;sion pour faire<br \/>\nface &agrave; la crise.<\/p>\n<p>Elle a rappel&eacute; aussi la<br \/>\nn&eacute;cessit&eacute; de soutenir les entreprises pour pouvoir pr&eacute;server les postes<br \/>\nd&rsquo;emploi, d&rsquo;&oelig;uvrer pour faire b&eacute;n&eacute;ficier les travailleurs affect&eacute;s de leurs<br \/>\nindemnit&eacute;s pour perte d&rsquo;emploi, sans oublier les familles pauvres dont la vie<br \/>\nd&eacute;pend du secteur informel et ce dans le but aussi de faciliter et de s&rsquo;assurer<br \/>\nde leur implication dans les mesures pr&eacute;ventives prises dans le cadre de l&rsquo;&eacute;tat<br \/>\nd&rsquo;urgence sanitaire et du confinement social.<\/p>\n<p style=\"text-align:right\"><strong>M&rsquo;Barek Tafsi<\/strong><\/p>\n<p>L&rsquo;article <a rel=\"nofollow\" href=\"http:\/\/albayane.press.ma\/lablaq-le-deplafonnement-des-emprunts-exterieurs-doit-revetir-un-aspect-exceptionnel.html\">Lablaq: Le d&eacute;plafonnement des emprunts ext&eacute;rieurs doit rev&ecirc;tir un aspect exceptionnel<\/a> est apparu en premier sur <a rel=\"nofollow\" href=\"http:\/\/albayane.press.ma\/\">ALBAYANE<\/a>.<\/p>\n<\/div>\n<p>Auteur: M&rsquo;hammed rahal<br \/>\n<a href=\"http:\/\/albayane.press.ma\/lablaq-le-deplafonnement-des-emprunts-exterieurs-doit-revetir-un-aspect-exceptionnel.html\">Cliquez ici pour lire l&rsquo;article depuis sa source.<\/a><\/p>\n","protected":false},"excerpt":{"rendered":"<p>Tout en exprimant leur soutien au &nbsp;projet de d&eacute;cret-loi n&deg; 2.20.320 se rapportant au d&eacute;passement du seuil des emprunts ext&eacute;rieurs, adopt&eacute; par le Parlement en cette p&eacute;riode exceptionnelle pour faire face &agrave; la pand&eacute;mie du Coronavirus, les d&eacute;put&eacute;s du Parti du progr&egrave;s et du socialisme aspirent &agrave; ce que cette mesure soit &eacute;galement exceptionnelle, a [&hellip;]<\/p>\n","protected":false},"author":1760,"featured_media":0,"comment_status":"closed","ping_status":"closed","sticky":false,"template":"","format":"standard","meta":{"fifu_image_url":"","fifu_image_alt":"","footnotes":""},"categories":[73,54],"tags":[],"class_list":["post-81902","post","type-post","status-publish","format-standard","hentry","category-actualite","category-maroc"],"_links":{"self":[{"href":"https:\/\/linitiative.ca\/International\/wp-json\/wp\/v2\/posts\/81902","targetHints":{"allow":["GET"]}}],"collection":[{"href":"https:\/\/linitiative.ca\/International\/wp-json\/wp\/v2\/posts"}],"about":[{"href":"https:\/\/linitiative.ca\/International\/wp-json\/wp\/v2\/types\/post"}],"author":[{"embeddable":true,"href":"https:\/\/linitiative.ca\/International\/wp-json\/wp\/v2\/users\/1760"}],"replies":[{"embeddable":true,"href":"https:\/\/linitiative.ca\/International\/wp-json\/wp\/v2\/comments?post=81902"}],"version-history":[{"count":0,"href":"https:\/\/linitiative.ca\/International\/wp-json\/wp\/v2\/posts\/81902\/revisions"}],"wp:attachment":[{"href":"https:\/\/linitiative.ca\/International\/wp-json\/wp\/v2\/media?parent=81902"}],"wp:term":[{"taxonomy":"category","embeddable":true,"href":"https:\/\/linitiative.ca\/International\/wp-json\/wp\/v2\/categories?post=81902"},{"taxonomy":"post_tag","embeddable":true,"href":"https:\/\/linitiative.ca\/International\/wp-json\/wp\/v2\/tags?post=81902"}],"curies":[{"name":"wp","href":"https:\/\/api.w.org\/{rel}","templated":true}]}}