{"id":81907,"date":"2020-04-11T09:05:25","date_gmt":"2020-04-11T13:05:25","guid":{"rendered":"https:\/\/linitiative.ca\/International\/marches-municipaux-de-la-capitale-ouverture-de-7h-a-14h\/"},"modified":"2020-04-11T09:05:25","modified_gmt":"2020-04-11T13:05:25","slug":"marches-municipaux-de-la-capitale-ouverture-de-7h-a-14h","status":"publish","type":"post","link":"https:\/\/linitiative.ca\/International\/marches-municipaux-de-la-capitale-ouverture-de-7h-a-14h\/","title":{"rendered":"March\u00e9s municipaux de la capitale :  Ouverture de 7h \u00e0 14h"},"content":{"rendered":"<p>A partir de demain samedi, les march\u00e9s municipaux quotidiens seront ouverts de 7h00 du matin jusqu\u2019\u00e0 14h00 pour permettre aux citoyens de s\u2019approvisionner en divers produits alimentaires \u00bb, annonce la municipalit\u00e9 de Tunis dans un communiqu\u00e9.<\/p>\n<p>La municipalit\u00e9 invite tous les commer\u00e7ants \u00e0 coordonner avec les services municipaux et de s\u00e9curit\u00e9, pour assurer le respect des consignes sanitaires et de distanciation sociale, en vue de pr\u00e9venir la propagation de la pand\u00e9mie de covid-19.<\/p>\n<p>\u00ab Toute infraction pourrait entrainer la fermeture des commerces \u00bb, avertit la municipalit\u00e9 dans le m\u00eame communiqu\u00e9.<\/p>\n<div class=\"wp-post-author-wrap wp-post-author-shortcode left\">\n<h3 class=\"awpa-title\"\/>\n<div class=\"wp-post-author\">\n<div class=\"awpa-img awpa-author-block square\"><a href=\"http:\/\/lexpertjournal.net\/fr\/?author=5\"><img loading=\"lazy\" decoding=\"async\" alt=\"\" src=\"http:\/\/0.gravatar.com\/avatar\/97f8e10a1c1125ba104a76514ee07b16?s=150&amp;d=mm&amp;r=g\" srcset=\"http:\/\/0.gravatar.com\/avatar\/97f8e10a1c1125ba104a76514ee07b16?s=300&amp;d=mm&amp;r=g 2x\" class=\"avatar avatar-150 photo\" height=\"150\" width=\"150\"\/><\/a><\/div>\n<\/div>\n<\/div>\n<aside class=\"mashsb-container mashsb-main mashsb-stretched\">\n<\/aside>\n<p>Auteur: L&rsquo;expert<br \/>\n<a href=\"http:\/\/lexpertjournal.net\/fr\/?p=13800\">Cliquez ici pour lire l&rsquo;article depuis sa source.<\/a><\/p>\n","protected":false},"excerpt":{"rendered":"<p>A partir de demain samedi, les march\u00e9s municipaux quotidiens seront ouverts de 7h00 du matin jusqu\u2019\u00e0 14h00 pour permettre aux citoyens de s\u2019approvisionner en divers produits alimentaires \u00bb, annonce la municipalit\u00e9 de Tunis dans un communiqu\u00e9. La municipalit\u00e9 invite tous les commer\u00e7ants \u00e0 coordonner avec les services municipaux et de s\u00e9curit\u00e9, pour assurer le respect [&hellip;]<\/p>\n","protected":false},"author":1775,"featured_media":0,"comment_status":"closed","ping_status":"closed","sticky":false,"template":"","format":"standard","meta":{"fifu_image_url":"","fifu_image_alt":"","footnotes":""},"categories":[78,55],"tags":[],"class_list":["post-81907","post","type-post","status-publish","format-standard","hentry","category-economie","category-tunisie"],"_links":{"self":[{"href":"https:\/\/linitiative.ca\/International\/wp-json\/wp\/v2\/posts\/81907","targetHints":{"allow":["GET"]}}],"collection":[{"href":"https:\/\/linitiative.ca\/International\/wp-json\/wp\/v2\/posts"}],"about":[{"href":"https:\/\/linitiative.ca\/International\/wp-json\/wp\/v2\/types\/post"}],"author":[{"embeddable":true,"href":"https:\/\/linitiative.ca\/International\/wp-json\/wp\/v2\/users\/1775"}],"replies":[{"embeddable":true,"href":"https:\/\/linitiative.ca\/International\/wp-json\/wp\/v2\/comments?post=81907"}],"version-history":[{"count":0,"href":"https:\/\/linitiative.ca\/International\/wp-json\/wp\/v2\/posts\/81907\/revisions"}],"wp:attachment":[{"href":"https:\/\/linitiative.ca\/International\/wp-json\/wp\/v2\/media?parent=81907"}],"wp:term":[{"taxonomy":"category","embeddable":true,"href":"https:\/\/linitiative.ca\/International\/wp-json\/wp\/v2\/categories?post=81907"},{"taxonomy":"post_tag","embeddable":true,"href":"https:\/\/linitiative.ca\/International\/wp-json\/wp\/v2\/tags?post=81907"}],"curies":[{"name":"wp","href":"https:\/\/api.w.org\/{rel}","templated":true}]}}