{"id":81908,"date":"2020-04-11T09:07:54","date_gmt":"2020-04-11T13:07:54","guid":{"rendered":"https:\/\/linitiative.ca\/International\/instance-nationale-de-lutte-contre-le-coronavirus-rapatriements-et-centre-dhebergement-a-lexamen\/"},"modified":"2020-04-11T09:07:54","modified_gmt":"2020-04-11T13:07:54","slug":"instance-nationale-de-lutte-contre-le-coronavirus-rapatriements-et-centre-dhebergement-a-lexamen","status":"publish","type":"post","link":"https:\/\/linitiative.ca\/International\/instance-nationale-de-lutte-contre-le-coronavirus-rapatriements-et-centre-dhebergement-a-lexamen\/","title":{"rendered":"Instance nationale de lutte contre le coronavirus : Rapatriements et centre d\u2019h\u00e9bergement \u00e0 l\u2019examen"},"content":{"rendered":"<p>Le Chef du gouvernement, Ely\u00e8s Fakhfakh, a pr\u00e9sid\u00e9, vendredi soir, \u00e0 Dar Dhiafa \u00e0 Carthage, la r\u00e9union p\u00e9riodique de l\u2019Instance nationale de lutte contre le coronavirus.<\/p>\n<p>Ont pris part \u00e0 cette rencontre, organis\u00e9e gr\u00e2ce \u00e0 la technique de vid\u00e9o conf\u00e9rence, des membres de l\u2019Instance, ainsi que des gouverneurs.<\/p>\n<p>A cette occasion, les participants ont mis l\u2019accent sur l\u2019\u00e9volution de la situation \u00e9pid\u00e9miologique dans diverses r\u00e9gions du pays ainsi que sur le degr\u00e9 du respect des consignes du confinement g\u00e9n\u00e9ral et de l\u2019auto-isolement obligatoire \u00bb, indique un communiqu\u00e9 de la pr\u00e9sidence du gouvernement.<\/p>\n<p>Un expos\u00e9 a \u00e9t\u00e9 pr\u00e9sent\u00e9 sur les derniers d\u00e9veloppements concernant le rapatriement des Tunisiens bloqu\u00e9s \u00e0 l\u2019\u00e9tranger ainsi que sur les pr\u00e9paratifs engag\u00e9s en vue d\u2019am\u00e9nager les centres qui vont les accueillir.<\/p>\n<p>Au cours de cette rencontre, l\u2019accent a \u00e9t\u00e9 \u00e9galement mis sur le niveau d\u2019approvisionnement du march\u00e9 en produits de base et en quantit\u00e9s suffisantes, le contr\u00f4le des prix et des circuits de distribution et la lutte contre la sp\u00e9culation, apprend-on de m\u00eame source.<\/p>\n<div class=\"wp-post-author-wrap wp-post-author-shortcode left\">\n<h3 class=\"awpa-title\"\/>\n<div class=\"wp-post-author\">\n<div class=\"awpa-img awpa-author-block square\"><a href=\"http:\/\/lexpertjournal.net\/fr\/?author=5\"><img loading=\"lazy\" decoding=\"async\" alt=\"\" src=\"http:\/\/0.gravatar.com\/avatar\/97f8e10a1c1125ba104a76514ee07b16?s=150&amp;d=mm&amp;r=g\" srcset=\"http:\/\/0.gravatar.com\/avatar\/97f8e10a1c1125ba104a76514ee07b16?s=300&amp;d=mm&amp;r=g 2x\" class=\"avatar avatar-150 photo\" height=\"150\" width=\"150\"\/><\/a><\/div>\n<\/div>\n<\/div>\n<aside class=\"mashsb-container mashsb-main mashsb-stretched\">\n<\/aside>\n<p>Auteur: L&rsquo;expert<br \/>\n<a href=\"http:\/\/lexpertjournal.net\/fr\/?p=13803\">Cliquez ici pour lire l&rsquo;article depuis sa source.<\/a><\/p>\n","protected":false},"excerpt":{"rendered":"<p>Le Chef du gouvernement, Ely\u00e8s Fakhfakh, a pr\u00e9sid\u00e9, vendredi soir, \u00e0 Dar Dhiafa \u00e0 Carthage, la r\u00e9union p\u00e9riodique de l\u2019Instance nationale de lutte contre le coronavirus. Ont pris part \u00e0 cette rencontre, organis\u00e9e gr\u00e2ce \u00e0 la technique de vid\u00e9o conf\u00e9rence, des membres de l\u2019Instance, ainsi que des gouverneurs. A cette occasion, les participants ont mis [&hellip;]<\/p>\n","protected":false},"author":1775,"featured_media":0,"comment_status":"closed","ping_status":"closed","sticky":false,"template":"","format":"standard","meta":{"fifu_image_url":"","fifu_image_alt":"","footnotes":""},"categories":[78,55],"tags":[],"class_list":["post-81908","post","type-post","status-publish","format-standard","hentry","category-economie","category-tunisie"],"_links":{"self":[{"href":"https:\/\/linitiative.ca\/International\/wp-json\/wp\/v2\/posts\/81908","targetHints":{"allow":["GET"]}}],"collection":[{"href":"https:\/\/linitiative.ca\/International\/wp-json\/wp\/v2\/posts"}],"about":[{"href":"https:\/\/linitiative.ca\/International\/wp-json\/wp\/v2\/types\/post"}],"author":[{"embeddable":true,"href":"https:\/\/linitiative.ca\/International\/wp-json\/wp\/v2\/users\/1775"}],"replies":[{"embeddable":true,"href":"https:\/\/linitiative.ca\/International\/wp-json\/wp\/v2\/comments?post=81908"}],"version-history":[{"count":0,"href":"https:\/\/linitiative.ca\/International\/wp-json\/wp\/v2\/posts\/81908\/revisions"}],"wp:attachment":[{"href":"https:\/\/linitiative.ca\/International\/wp-json\/wp\/v2\/media?parent=81908"}],"wp:term":[{"taxonomy":"category","embeddable":true,"href":"https:\/\/linitiative.ca\/International\/wp-json\/wp\/v2\/categories?post=81908"},{"taxonomy":"post_tag","embeddable":true,"href":"https:\/\/linitiative.ca\/International\/wp-json\/wp\/v2\/tags?post=81908"}],"curies":[{"name":"wp","href":"https:\/\/api.w.org\/{rel}","templated":true}]}}