{"id":81911,"date":"2020-04-11T09:15:14","date_gmt":"2020-04-11T13:15:14","guid":{"rendered":"https:\/\/linitiative.ca\/International\/rapatriement-4-mille-tunisiens-a-letranger-concernes\/"},"modified":"2020-04-11T09:15:14","modified_gmt":"2020-04-11T13:15:14","slug":"rapatriement-4-mille-tunisiens-a-letranger-concernes","status":"publish","type":"post","link":"https:\/\/linitiative.ca\/International\/rapatriement-4-mille-tunisiens-a-letranger-concernes\/","title":{"rendered":"Rapatriement :  4 mille Tunisiens \u00e0 l\u2019\u00e9tranger concern\u00e9s"},"content":{"rendered":"<p>Le ministre d\u2019Etat charg\u00e9 du transport et de la logistique Mohamed Anouar Maarouf a d\u00e9clar\u00e9 vendredi que le nombre des vols de rapatriement des Tunisiens qui se trouvent toujours bloqu\u00e9s \u00e0 l\u2019\u00e9tranger sera augment\u00e9 durant les deux prochaines semaines.<\/p>\n<p>Une liste nominative de quatre mille personnes a \u00e9t\u00e9 \u00e9tablie \u00e0 cet effet, a-t-il ajout\u00e9.<\/p>\n<p>Les efforts seront accentu\u00e9s pour le rapatriement des Tunisiens des diff\u00e9rents pays africains, la Libye en particulier a assur\u00e9 le ministre.<\/p>\n<p>Il s\u2019exprimait leur d\u2019une conf\u00e9rence de presse conjointe au si\u00e8ge du minist\u00e8re des Affaires \u00e9trang\u00e8res tenue \u00e0 l\u2019issue d\u2019une r\u00e9union avec les ministres de l\u2019Int\u00e9rieur, de la Sant\u00e9, du Tourisme et de l\u2019Enseignement sup\u00e9rieur et de la Recherche scientifique.<\/p>\n<p>Maarouf a tenu \u00e0 pr\u00e9ciser que dans l\u2019op\u00e9ration de rapatriement, la Tunisie tient compte des d\u00e9cisions prises par les pays d\u2019accueil, s\u2019agissant de la situation des Tunisiens arriv\u00e9s en fin de contrat et du sort des \u00e9tudiants face \u00e0 l\u2019incertitude sur le parach\u00e8vement de l\u2019ann\u00e9e universitaire.<\/p>\n<p>Pour le ministre, les probl\u00e9matiques li\u00e9es au rapatriement des Tunisiens sont nombreuses mais restent principalement logistiques. Il a \u00e9voqu\u00e9 les autorisations devant \u00eatre d\u00e9livr\u00e9es par les a\u00e9roports des pays d\u2019accueil et la dur\u00e9e des vols.<\/p>\n<p>Le ministre a m\u00eame confi\u00e9 que dans certains cas, il arrive qu\u2019apr\u00e8s l\u2019envoi d\u2019un avion pour les rapatrier, certains Tunisiens se<\/p>\n<p>d\u00e9sistent \u00e0 la derni\u00e8re minute parce qu\u2019ils refusent d\u2019observer l\u2019isolement sanitaire impos\u00e9 en Tunisie.<\/p>\n<p>Et de conclure que chaque jour, la Tunisie fait face \u00e0 plusieurs probl\u00e9matiques en rapport avec la gestion de la crise sanitaire que vit le pays.<\/p>\n<p>Il a rappel\u00e9 la cr\u00e9ation d\u2019une commission nationale pr\u00e9sid\u00e9e par le pr\u00e9sident de la R\u00e9publique et qui se r\u00e9unit trois fois par semaines.<\/p>\n<p>Le ministre a cit\u00e9, dans le m\u00eame contexte, la commission d\u2019experts cr\u00e9\u00e9e au sein du minist\u00e8re de la Sant\u00e9 ainsi que la commission charg\u00e9 du rapatriement et de l\u2019isolement sanitaire obligatoire.<\/p>\n<p>Il a appel\u00e9 les membres de la communaut\u00e9 tunisienne \u00e9tablie \u00e0 l\u2019\u00e9tranger \u00e0 tenir compte des moyens dont dispose le pays et de la conjoncture difficile que vit le monde entier.<\/p>\n<div class=\"wp-post-author-wrap wp-post-author-shortcode left\">\n<h3 class=\"awpa-title\"\/>\n<div class=\"wp-post-author\">\n<div class=\"awpa-img awpa-author-block square\"><a href=\"http:\/\/lexpertjournal.net\/fr\/?author=5\"><img loading=\"lazy\" decoding=\"async\" alt=\"\" src=\"http:\/\/0.gravatar.com\/avatar\/97f8e10a1c1125ba104a76514ee07b16?s=150&amp;d=mm&amp;r=g\" srcset=\"http:\/\/0.gravatar.com\/avatar\/97f8e10a1c1125ba104a76514ee07b16?s=300&amp;d=mm&amp;r=g 2x\" class=\"avatar avatar-150 photo\" height=\"150\" width=\"150\"\/><\/a><\/div>\n<\/div>\n<\/div>\n<aside class=\"mashsb-container mashsb-main mashsb-stretched\">\n<\/aside>\n<p>Auteur: L&rsquo;expert<br \/>\n<a href=\"http:\/\/lexpertjournal.net\/fr\/?p=13811\">Cliquez ici pour lire l&rsquo;article depuis sa source.<\/a><\/p>\n","protected":false},"excerpt":{"rendered":"<p>Le ministre d\u2019Etat charg\u00e9 du transport et de la logistique Mohamed Anouar Maarouf a d\u00e9clar\u00e9 vendredi que le nombre des vols de rapatriement des Tunisiens qui se trouvent toujours bloqu\u00e9s \u00e0 l\u2019\u00e9tranger sera augment\u00e9 durant les deux prochaines semaines. Une liste nominative de quatre mille personnes a \u00e9t\u00e9 \u00e9tablie \u00e0 cet effet, a-t-il ajout\u00e9. Les [&hellip;]<\/p>\n","protected":false},"author":1775,"featured_media":0,"comment_status":"closed","ping_status":"closed","sticky":false,"template":"","format":"standard","meta":{"fifu_image_url":"","fifu_image_alt":"","footnotes":""},"categories":[78,55],"tags":[],"class_list":["post-81911","post","type-post","status-publish","format-standard","hentry","category-economie","category-tunisie"],"_links":{"self":[{"href":"https:\/\/linitiative.ca\/International\/wp-json\/wp\/v2\/posts\/81911","targetHints":{"allow":["GET"]}}],"collection":[{"href":"https:\/\/linitiative.ca\/International\/wp-json\/wp\/v2\/posts"}],"about":[{"href":"https:\/\/linitiative.ca\/International\/wp-json\/wp\/v2\/types\/post"}],"author":[{"embeddable":true,"href":"https:\/\/linitiative.ca\/International\/wp-json\/wp\/v2\/users\/1775"}],"replies":[{"embeddable":true,"href":"https:\/\/linitiative.ca\/International\/wp-json\/wp\/v2\/comments?post=81911"}],"version-history":[{"count":0,"href":"https:\/\/linitiative.ca\/International\/wp-json\/wp\/v2\/posts\/81911\/revisions"}],"wp:attachment":[{"href":"https:\/\/linitiative.ca\/International\/wp-json\/wp\/v2\/media?parent=81911"}],"wp:term":[{"taxonomy":"category","embeddable":true,"href":"https:\/\/linitiative.ca\/International\/wp-json\/wp\/v2\/categories?post=81911"},{"taxonomy":"post_tag","embeddable":true,"href":"https:\/\/linitiative.ca\/International\/wp-json\/wp\/v2\/tags?post=81911"}],"curies":[{"name":"wp","href":"https:\/\/api.w.org\/{rel}","templated":true}]}}