{"id":81912,"date":"2020-04-11T13:00:23","date_gmt":"2020-04-11T17:00:23","guid":{"rendered":"https:\/\/linitiative.ca\/International\/oran-le-mamo-et-ses-grandes-ambitions\/"},"modified":"2020-04-11T13:00:23","modified_gmt":"2020-04-11T17:00:23","slug":"oran-le-mamo-et-ses-grandes-ambitions","status":"publish","type":"post","link":"https:\/\/linitiative.ca\/International\/oran-le-mamo-et-ses-grandes-ambitions\/","title":{"rendered":"Oran: le MAMO et ses grandes ambitions"},"content":{"rendered":"<div readability=\"36\">\n<p><strong>ORAN &#8211; Le mus\u00e9e des arts modernes d\u2019Oran (MAMO), trois ann\u00e9es apr\u00e8s son inauguration, tente de se frayer une bonne place dans le paysage culturel de la capitale de l\u2019Ouest du pays en d\u00e9pit de l\u2019absence d\u2019un budget qui lui est propre et n\u00e9cessaire \u00e0 ses activit\u00e9s.<\/strong><\/p>\n<\/div>\n<div readability=\"116.006419663\">\n<p>Le 21 mars 2017, le MAMO se distingue par un emplacement strat\u00e9gique, situ\u00e9 au c\u0153ur m\u00eame de la ville d\u2019Oran, dans les anciens et spacieux locaux des ex-Galeries alg\u00e9riennes. Il s\u2019agit du premier \u00e9tablissement mus\u00e9al de la r\u00e9gion Ouest du pays d\u00e9di\u00e9 aux arts modernes et contemporains. Il est situ\u00e9 \u00e0 quelques encablures du Th\u00e9\u00e2tre r\u00e9gional, de la c\u00e9l\u00e8bre place du 1er novembre, jouxtant l\u2019h\u00f4tel de ville et ses deux imperturbables lions en bronze et du quartier populaire de Sidi El Houari, m\u00e9moire mill\u00e9naire de la ville.<\/p>\n<blockquote readability=\"8\">\n<p><em><strong>Les activit\u00e9s du MAMO se veulent une vitrine de la production artistique moderne et contemporaine des cr\u00e9ateurs nationaux et \u00e9trangers. Ceux-ci viennent exposer leurs \u0153uvres dans ces lieux ouverts \u00e0 tous les courants et tendances artistiques et rencontrer un public connaisseur et friand d\u2019\u00e9changes fructueux et enrichissants.<\/strong><\/em><\/p>\n<\/blockquote>\n<hr\/>\n<h3>Lire aussi:\u00a0<a href=\"http:\/\/www.aps.dz\/culture\/101086-oran-don-de-11-toiles-d-artistes-algeriens-celebres-au-musee-d-art-moderne\" target=\"_blank\" rel=\"noopener noreferrer\">Oran: don de 11 toiles d&rsquo;artistes alg\u00e9riens c\u00e9l\u00e8bres au MAMO<\/a><\/h3>\n<hr\/>\n<p>Les activit\u00e9s du mus\u00e9e s\u2019\u00e9tendent sur trois niveaux qui ont accueilli des expositions individuelles ou collectives, des activit\u00e9s marquant des dates et des \u00e9v\u00e9nements-phares \u00e0 dimensions nationales et culturelles comme les c\u00e9l\u00e9brations de l\u2019ann\u00e9e amazighe \u00ab\u00a0Yennayer\u00a0\u00bb, le mois du patrimoine, les journ\u00e9es mondiales de la femme, de l\u2019enfant et bien d\u2019autres comm\u00e9morations ayant drain\u00e9 le grand public, en plus des expositions mises sur pied avec diff\u00e9rents partenaires, comme le bureau local de l\u2019union des arts culturels (UNAC) ou encore le centre culturel espagnol \u00ab\u00a0Cervantes\u00a0\u00bb, comme le rappelle la responsable de l\u2019\u00e9tablissement, Khadidja Benhaoua.<\/p>\n<p>Le mus\u00e9e a \u00e9galement organis\u00e9 d\u2019importants \u00e9v\u00e9nements dont la 4\u00e8me \u00e9dition de la biennale m\u00e9diterran\u00e9enne des arts modernes ou la 7\u00e8me \u00e9dition du festival national des arts plastiques. Autant de rendez-vous ayant marqu\u00e9 la sc\u00e8ne artistique et culturelle locale.<\/p>\n<p class=\"c30\"><strong>Un p\u00f4le de rayonnement<\/strong><\/p>\n<p>En d\u00e9pit de ces \u00ab\u00a0succ\u00e8s\u00a0\u00bb \u00e0 inscrire au palmar\u00e8s du mus\u00e9e, Khadjida Benhaoua estime que le v\u00e9ritable challenge pour l\u2019\u00e9quipe qu\u2019elle dirige est celui d\u2019inculquer la culture mus\u00e9ale dans l\u2019esprit et les habitudes de la jeune g\u00e9n\u00e9ration et de renforcer le rayonnement culturel de son \u00e9tablissement par la mise sur pied d\u2019ateliers d\u00e9di\u00e9s aux diff\u00e9rentes expressions artistiques, chaque samedi et mardi, au profit des enfants \u00e2g\u00e9s de moins de 15 ans, sous la supervision de cr\u00e9ateurs de renom.<\/p>\n<p>Le responsable du MAMO a cit\u00e9, dans ce contexte, les ateliers d\u2019arts visuels, organis\u00e9s l\u2019\u00e9t\u00e9 dernier, et qui ont connu un succ\u00e8s retentissant aupr\u00e8s du jeune public.<\/p>\n<blockquote readability=\"10\">\n<p><em><strong>Dans ce contexte, la plasticienne oranaise Fouzia Menouar n\u2019a pas manqu\u00e9 de f\u00e9liciter les responsables du MAMO pour les efforts qu\u2019ils d\u00e9ploient pour la promotion de l\u2019art dans cette r\u00e9gion du pays. \u00ab\u00a0Le MAMO a offert aux artistes un espace pour exposer leurs \u0153uvres et se faire conna\u00eetre du large public. Le mus\u00e9e est devenu un lieu incontournable en d\u00e9pit de ses moyens financiers modestes et de certaines insuffisances sur le plan de l\u2019exposition des \u0153uvres\u00a0\u00bb, a-t-elle confi\u00e9 \u00e0 l\u2019APS.<\/strong><\/em><\/p>\n<\/blockquote>\n<hr\/>\n<h3>Lire aussi:\u00a0<a href=\"http:\/\/www.aps.dz\/culture\/99790-musee-ahmed-zabana-d-oran-hausse-du-nombre-de-visiteurs-etrangers-en-2019\" target=\"_blank\" rel=\"noopener noreferrer\">Mus\u00e9e Ahmed Zabana d\u2019Oran : hausse du nombre de visiteurs \u00e9trangers en 2019<\/a><\/h3>\n<hr\/>\n<p>Le MAMO a \u00e9t\u00e9 cr\u00e9\u00e9 en vertu du d\u00e9cret minist\u00e9riel 62-19 du mois de f\u00e9vrier 2019, mais il reste rattach\u00e9 sur le plan financier au Mus\u00e9e national \u00ab\u00a0Ahmed Zabana\u00a0\u00bb de la m\u00eame ville. Le budget qui lui est allou\u00e9 permet tout juste au MAMO de faire face aux charges salariales de son personnel et au financement de certaines activit\u00e9s, comme le pr\u00e9cise Bouchra Salhi, directrice du mus\u00e9e Ahmed Zabana.<\/p>\n<p>Le minist\u00e8re de la Culture a proc\u00e9d\u00e9 au lancement d\u2019une op\u00e9ration d\u2019\u00e9quipement du MAMO en confiant cette mission \u00e0 l\u2019Agence nationale pour la r\u00e9alisation de grands projets culturels (ARPC). Celle-ci a lanc\u00e9 un appel d\u2019offres national pour le choix d\u2019une entreprise devant r\u00e9aliser une \u00e9tude pour l\u2019\u00e9quipement du MAMO.<\/p>\n<p class=\"c30\"><strong>De grandes ambitions<\/strong><\/p>\n<p>Dans le but d\u2019aligner le mus\u00e9e aux normes internationales en vigueur dans de tels \u00e9tablissements culturels \u00e0 travers le monde, plusieurs actions sont envisag\u00e9es comme la modernisation de l\u2019\u00e9clairage, la pose de rayons d\u2019exposition, la cr\u00e9ation d\u2019une biblioth\u00e8que, de boutiques d\u2019art, d\u2019une caf\u00e9t\u00e9ria et autres \u00e9quipements. Ces propositions ont \u00e9t\u00e9 faites par les artistiques eux-m\u00eames et des visiteurs habitu\u00e9s aux lieux, a pr\u00e9cis\u00e9 Bouchra Salhi.<\/p>\n<blockquote readability=\"11\">\n<p><em><strong>De son c\u00f4t\u00e9, Khadidja Benhaoua a estim\u00e9 que l\u2019op\u00e9ration d\u2019\u00e9quipement du mus\u00e9e est \u00ab\u00a0tr\u00e8s importante\u00a0\u00bb car, \u00ab\u00a0elle permettra au MAMO d\u2019acqu\u00e9rir une dimension internationale et de se mettre au diapason des grands \u00e9tablissements au moment o\u00f9 Oran s\u2019appr\u00eate \u00e0 abriter un \u00e9v\u00e9nement r\u00e9gional, la 19\u00e8me \u00e9dition des jeux m\u00e9diterran\u00e9ens\u00a0\u00bb.<\/strong><\/em><\/p>\n<\/blockquote>\n<hr\/>\n<h3>Lire aussi:\u00a0<a href=\"http:\/\/www.aps.dz\/culture\/95109-25-artistes-peintres-mediterraneens-exposent-au-musee-des-arts-modernes-d-oran\" target=\"_blank\" rel=\"noopener noreferrer\">25 artistes peintres m\u00e9diterran\u00e9ens exposent au mus\u00e9e des arts modernes d\u2019Oran<\/a><\/h3>\n<hr\/>\n<p>\u00ab\u00a0Nous \u00e9laborons actuellement une base de donn\u00e9es concernant les artistes peintres et les cr\u00e9ateurs artistiques, ce qui nous permettra, \u00e0 l\u2019avenir, d\u2019organiser des expositions et des \u00e9v\u00e9nements culturels dans les meilleures conditions\u00a0\u00bb, a ajout\u00e9 la m\u00eame responsable.<\/p>\n<p>Dans le but de constituer un fonds d\u2019\u0153uvres propres au MAMO, onze artistes alg\u00e9riens ont fait don de plusieurs tableaux. Ces toiles s\u2019ajoutent aux 42 \u0153uvres expos\u00e9es en permanence au MAMO et provenant du mus\u00e9e Ahmed Zabana.<\/p>\n<\/div>\n<p>Auteur:<br \/>\n<a href=\"http:\/\/www.aps.dz\/culture\/103921-oran-le-mamo-et-ses-grandes-ambitions\">Cliquez ici pour lire l&rsquo;article depuis sa source.<\/a><\/p>\n","protected":false},"excerpt":{"rendered":"<p>ORAN &#8211; Le mus\u00e9e des arts modernes d\u2019Oran (MAMO), trois ann\u00e9es apr\u00e8s son inauguration, tente de se frayer une bonne place dans le paysage culturel de la capitale de l\u2019Ouest du pays en d\u00e9pit de l\u2019absence d\u2019un budget qui lui est propre et n\u00e9cessaire \u00e0 ses activit\u00e9s. Le 21 mars 2017, le MAMO se distingue [&hellip;]<\/p>\n","protected":false},"author":1790,"featured_media":0,"comment_status":"closed","ping_status":"closed","sticky":false,"template":"","format":"standard","meta":{"fifu_image_url":"","fifu_image_alt":"","footnotes":""},"categories":[53,79],"tags":[],"class_list":["post-81912","post","type-post","status-publish","format-standard","hentry","category-algerie","category-culture"],"_links":{"self":[{"href":"https:\/\/linitiative.ca\/International\/wp-json\/wp\/v2\/posts\/81912","targetHints":{"allow":["GET"]}}],"collection":[{"href":"https:\/\/linitiative.ca\/International\/wp-json\/wp\/v2\/posts"}],"about":[{"href":"https:\/\/linitiative.ca\/International\/wp-json\/wp\/v2\/types\/post"}],"author":[{"embeddable":true,"href":"https:\/\/linitiative.ca\/International\/wp-json\/wp\/v2\/users\/1790"}],"replies":[{"embeddable":true,"href":"https:\/\/linitiative.ca\/International\/wp-json\/wp\/v2\/comments?post=81912"}],"version-history":[{"count":0,"href":"https:\/\/linitiative.ca\/International\/wp-json\/wp\/v2\/posts\/81912\/revisions"}],"wp:attachment":[{"href":"https:\/\/linitiative.ca\/International\/wp-json\/wp\/v2\/media?parent=81912"}],"wp:term":[{"taxonomy":"category","embeddable":true,"href":"https:\/\/linitiative.ca\/International\/wp-json\/wp\/v2\/categories?post=81912"},{"taxonomy":"post_tag","embeddable":true,"href":"https:\/\/linitiative.ca\/International\/wp-json\/wp\/v2\/tags?post=81912"}],"curies":[{"name":"wp","href":"https:\/\/api.w.org\/{rel}","templated":true}]}}