{"id":81913,"date":"2020-04-11T03:00:00","date_gmt":"2020-04-11T07:00:00","guid":{"rendered":"https:\/\/linitiative.ca\/International\/report-des-declarations-et-suspension-des-cotisations\/"},"modified":"2020-04-11T03:00:00","modified_gmt":"2020-04-11T07:00:00","slug":"report-des-declarations-et-suspension-des-cotisations","status":"publish","type":"post","link":"https:\/\/linitiative.ca\/International\/report-des-declarations-et-suspension-des-cotisations\/","title":{"rendered":"Report des d\u00e9clarations et suspension des cotisations"},"content":{"rendered":"<div id=\"originalText\" readability=\"40\">\n<p>Le conseil\u00a0 national\u00a0 de\u00a0la\u00a0Chambre nationale\u00a0 des\u00a0 commissaires\u00a0 aux comptes (CNCC)\u00a0 a\u00a0 saisi\u00a0 les\u00a0 commissaires\u00a0 aux\u00a0 comptes\u00a0 pour\u00a0 les\u00a0 \u00a0informer\u00a0 qu\u2019une demande officielle a \u00e9t\u00e9 adress\u00e9e \u00e0 la Caisse nationale des assurances sociales (Cnas) et au minist\u00e8re du Travail pour reporter les d\u00e9clarations et la suspension temporaire du\u00a0 payement\u00a0 des\u00a0 cotisations\u00a0 sociales\u00a0 patronales\u00a0 et\u00a0 ouvri\u00e8res.<\/p>\n<p>Selon\u00a0 la note d\u2019information du conseil national de la CNCC, cette mesure\u00a0 est motiv\u00e9e\u00a0 par\u00a0 la\u00a0 situation que\u00a0 traverse actuellement\u00a0 le\u00a0 pays\u00a0 et\u00a0 le confinement g\u00e9n\u00e9ral des populations.<\/p>\n<\/div>\n<div id=\"text_core\" readability=\"40\">\n<p>Le conseil\u00a0 national\u00a0 de\u00a0la\u00a0Chambre nationale\u00a0 des\u00a0 commissaires\u00a0 aux comptes (CNCC)\u00a0 a\u00a0 saisi\u00a0 les\u00a0 commissaires\u00a0 aux\u00a0 comptes\u00a0 pour\u00a0 les\u00a0 \u00a0informer\u00a0 qu\u2019une demande officielle a \u00e9t\u00e9 adress\u00e9e \u00e0 la Caisse nationale des assurances sociales (Cnas) et au minist\u00e8re du Travail pour reporter les d\u00e9clarations et la suspension temporaire du\u00a0 payement\u00a0 des\u00a0 cotisations\u00a0 sociales\u00a0 patronales\u00a0 et\u00a0 ouvri\u00e8res.<\/p>\n<p>Selon\u00a0 la note d\u2019information du conseil national de la CNCC, cette mesure\u00a0 est motiv\u00e9e\u00a0 par\u00a0 la\u00a0 situation que\u00a0 traverse actuellement\u00a0 le\u00a0 pays\u00a0 et\u00a0 le confinement g\u00e9n\u00e9ral des populations.<\/p>\n<\/div>\n<p>Auteur:<br \/>\n<a href=\"https:\/\/www.liberte-algerie.com\/radar\/report-des-declarations-et-suspension-des-cotisations-337272\">Cliquez ici pour lire l&rsquo;article depuis sa source.<\/a><\/p>\n","protected":false},"excerpt":{"rendered":"<p>Le conseil\u00a0 national\u00a0 de\u00a0la\u00a0Chambre nationale\u00a0 des\u00a0 commissaires\u00a0 aux comptes (CNCC)\u00a0 a\u00a0 saisi\u00a0 les\u00a0 commissaires\u00a0 aux\u00a0 comptes\u00a0 pour\u00a0 les\u00a0 \u00a0informer\u00a0 qu\u2019une demande officielle a \u00e9t\u00e9 adress\u00e9e \u00e0 la Caisse nationale des assurances sociales (Cnas) et au minist\u00e8re du Travail pour reporter les d\u00e9clarations et la suspension temporaire du\u00a0 payement\u00a0 des\u00a0 cotisations\u00a0 sociales\u00a0 patronales\u00a0 et\u00a0 ouvri\u00e8res. Selon\u00a0 [&hellip;]<\/p>\n","protected":false},"author":1742,"featured_media":0,"comment_status":"closed","ping_status":"closed","sticky":false,"template":"","format":"standard","meta":{"fifu_image_url":"","fifu_image_alt":"","footnotes":""},"categories":[73,53],"tags":[],"class_list":["post-81913","post","type-post","status-publish","format-standard","hentry","category-actualite","category-algerie"],"_links":{"self":[{"href":"https:\/\/linitiative.ca\/International\/wp-json\/wp\/v2\/posts\/81913","targetHints":{"allow":["GET"]}}],"collection":[{"href":"https:\/\/linitiative.ca\/International\/wp-json\/wp\/v2\/posts"}],"about":[{"href":"https:\/\/linitiative.ca\/International\/wp-json\/wp\/v2\/types\/post"}],"author":[{"embeddable":true,"href":"https:\/\/linitiative.ca\/International\/wp-json\/wp\/v2\/users\/1742"}],"replies":[{"embeddable":true,"href":"https:\/\/linitiative.ca\/International\/wp-json\/wp\/v2\/comments?post=81913"}],"version-history":[{"count":0,"href":"https:\/\/linitiative.ca\/International\/wp-json\/wp\/v2\/posts\/81913\/revisions"}],"wp:attachment":[{"href":"https:\/\/linitiative.ca\/International\/wp-json\/wp\/v2\/media?parent=81913"}],"wp:term":[{"taxonomy":"category","embeddable":true,"href":"https:\/\/linitiative.ca\/International\/wp-json\/wp\/v2\/categories?post=81913"},{"taxonomy":"post_tag","embeddable":true,"href":"https:\/\/linitiative.ca\/International\/wp-json\/wp\/v2\/tags?post=81913"}],"curies":[{"name":"wp","href":"https:\/\/api.w.org\/{rel}","templated":true}]}}