{"id":81914,"date":"2020-04-11T09:33:00","date_gmt":"2020-04-11T13:33:00","guid":{"rendered":"https:\/\/linitiative.ca\/International\/environ-1000-passagers-attendus-a-partir-daujourdhui-a-alger\/"},"modified":"2020-04-11T09:33:00","modified_gmt":"2020-04-11T13:33:00","slug":"environ-1000-passagers-attendus-a-partir-daujourdhui-a-alger","status":"publish","type":"post","link":"https:\/\/linitiative.ca\/International\/environ-1000-passagers-attendus-a-partir-daujourdhui-a-alger\/","title":{"rendered":"Environ 1000 passagers attendus \u00e0 partir d&rsquo;aujourd&rsquo;hui \u00e0 Alger"},"content":{"rendered":"<div id=\"originalText\" readability=\"65.9848812095\">\n<p>Environ 1000 ressortissants Alg\u00e9riens bloqu\u00e9s aux Emirats Arabes Unis seront rapatri\u00e9s, \u00e0 partir de ce samedi, depuis l\u2019a\u00e9roport de Duba\u00ef\u00a0\u00e0 destination de l\u2019Alg\u00e9rie, a appris la r\u00e9daction Web de Libert\u00e9, aupr\u00e8s de sources s\u00fbres. Le premier avion\u00a0devrait atterrir vers 20h, \u00e0 l&rsquo;a\u00e9roport d&rsquo;Alger, Houari Boumedienne.\u00a0<\/p>\n<p>Le P-DG de la Soci\u00e9t\u00e9 de Gestion des Services et Infrastructures A\u00e9roportuaires d&rsquo;Alger (SGSIA), Tahar Allache, avait indiqu\u00e9, vendredi, sur les ondes de la radio Cha\u00eene III, que quatre vols sont programm\u00e9s pour effectuer l\u2019op\u00e9ration de rapatriement, qui sera assur\u00e9e par deux avions de la compagnie nationale Air Alg\u00e9rie, et deux autres avions de la Compagnie Emirates Airlines.\u00a0<\/p>\n<p>Dans un communiqu\u00e9 publi\u00e9 hier sur sa page Facebook, l\u2019ambassade d\u2019Alg\u00e9rie \u00e0 Duba\u00ef avait indiqu\u00e9 que les deux vols d\u2019Air Alg\u00e9rie sont programm\u00e9s, respectivement, \u00e0 9h45 et 10h45, tandis que le troisi\u00e8me vol de la compagnie Fly Emirates est pr\u00e9vu \u00e0 8h45.<\/p>\n<p>Concernant le quatri\u00e8me vol, la m\u00eame source a pr\u00e9cis\u00e9 qu&rsquo;il est programm\u00e9 pour\u00a0 dimanche, \u00e0 8h45, et sera effectu\u00e9 par\u00a0 la compagnie \u00e9miratie.<\/p>\n<blockquote class=\"twitter-tweet\" readability=\"4.60273972603\">\n<p dir=\"ltr\" lang=\"fr\"><a href=\"https:\/\/twitter.com\/hashtag\/AirAlgerie?src=hash&amp;ref_src=twsrc%5Etfw\">#AirAlgerie<\/a><br \/>Air Alg\u00e9rie a lanc\u00e9 ce samedi l\u2019op\u00e9ration de rapatriement de ses ressortissants bloqu\u00e9s aux Emirats Arabes Unis <a href=\"https:\/\/t.co\/z4pIEsnwyL\">pic.twitter.com\/z4pIEsnwyL<\/a><\/p>\n<p>\u2014 Air Alg\u00e9rie M\u00e9dias Officiel (@medias_air) <a href=\"https:\/\/twitter.com\/medias_air\/status\/1248920509531795457?ref_src=twsrc%5Etfw\">April 11, 2020<\/a><\/p><\/blockquote>\n<p class=\"c6\">\u00a0<\/p>\n<p class=\"c6\"><strong>S. Benmalek<\/strong><\/p>\n<\/div>\n<div id=\"text_core\" readability=\"65.9848812095\">\n<p>Environ 1000 ressortissants Alg\u00e9riens bloqu\u00e9s aux Emirats Arabes Unis seront rapatri\u00e9s, \u00e0 partir de ce samedi, depuis l\u2019a\u00e9roport de Duba\u00ef\u00a0\u00e0 destination de l\u2019Alg\u00e9rie, a appris la r\u00e9daction Web de Libert\u00e9, aupr\u00e8s de sources s\u00fbres. Le premier avion\u00a0devrait atterrir vers 20h, \u00e0 l&rsquo;a\u00e9roport d&rsquo;Alger, Houari Boumedienne.\u00a0<\/p>\n<p>Le P-DG de la Soci\u00e9t\u00e9 de Gestion des Services et Infrastructures A\u00e9roportuaires d&rsquo;Alger (SGSIA), Tahar Allache, avait indiqu\u00e9, vendredi, sur les ondes de la radio Cha\u00eene III, que quatre vols sont programm\u00e9s pour effectuer l\u2019op\u00e9ration de rapatriement, qui sera assur\u00e9e par deux avions de la compagnie nationale Air Alg\u00e9rie, et deux autres avions de la Compagnie Emirates Airlines.\u00a0<\/p>\n<p>Dans un communiqu\u00e9 publi\u00e9 hier sur sa page Facebook, l\u2019ambassade d\u2019Alg\u00e9rie \u00e0 Duba\u00ef avait indiqu\u00e9 que les deux vols d\u2019Air Alg\u00e9rie sont programm\u00e9s, respectivement, \u00e0 9h45 et 10h45, tandis que le troisi\u00e8me vol de la compagnie Fly Emirates est pr\u00e9vu \u00e0 8h45.<\/p>\n<p>Concernant le quatri\u00e8me vol, la m\u00eame source a pr\u00e9cis\u00e9 qu&rsquo;il est programm\u00e9 pour\u00a0 dimanche, \u00e0 8h45, et sera effectu\u00e9 par\u00a0 la compagnie \u00e9miratie.<\/p>\n<blockquote class=\"twitter-tweet\" readability=\"4.60273972603\">\n<p dir=\"ltr\" lang=\"fr\"><a href=\"https:\/\/twitter.com\/hashtag\/AirAlgerie?src=hash&amp;ref_src=twsrc%5Etfw\">#AirAlgerie<\/a><br \/>Air Alg\u00e9rie a lanc\u00e9 ce samedi l\u2019op\u00e9ration de rapatriement de ses ressortissants bloqu\u00e9s aux Emirats Arabes Unis <a href=\"https:\/\/t.co\/z4pIEsnwyL\">pic.twitter.com\/z4pIEsnwyL<\/a><\/p>\n<p>\u2014 Air Alg\u00e9rie M\u00e9dias Officiel (@medias_air) <a href=\"https:\/\/twitter.com\/medias_air\/status\/1248920509531795457?ref_src=twsrc%5Etfw\">April 11, 2020<\/a><\/p><\/blockquote>\n<p class=\"c6\">\u00a0<\/p>\n<p class=\"c6\"><strong>S. Benmalek<\/strong><\/p>\n<\/div>\n<p>Auteur:<br \/>\n<a href=\"https:\/\/www.liberte-algerie.com\/actualite\/environ-1000-passagers-attendus-a-partir-daujourdhui-a-alger-337312\">Cliquez ici pour lire l&rsquo;article depuis sa source.<\/a><\/p>\n","protected":false},"excerpt":{"rendered":"<p>Environ 1000 ressortissants Alg\u00e9riens bloqu\u00e9s aux Emirats Arabes Unis seront rapatri\u00e9s, \u00e0 partir de ce samedi, depuis l\u2019a\u00e9roport de Duba\u00ef\u00a0\u00e0 destination de l\u2019Alg\u00e9rie, a appris la r\u00e9daction Web de Libert\u00e9, aupr\u00e8s de sources s\u00fbres. Le premier avion\u00a0devrait atterrir vers 20h, \u00e0 l&rsquo;a\u00e9roport d&rsquo;Alger, Houari Boumedienne.\u00a0 Le P-DG de la Soci\u00e9t\u00e9 de Gestion des Services et [&hellip;]<\/p>\n","protected":false},"author":1742,"featured_media":0,"comment_status":"closed","ping_status":"closed","sticky":false,"template":"","format":"standard","meta":{"fifu_image_url":"","fifu_image_alt":"","footnotes":""},"categories":[73,53],"tags":[],"class_list":["post-81914","post","type-post","status-publish","format-standard","hentry","category-actualite","category-algerie"],"_links":{"self":[{"href":"https:\/\/linitiative.ca\/International\/wp-json\/wp\/v2\/posts\/81914","targetHints":{"allow":["GET"]}}],"collection":[{"href":"https:\/\/linitiative.ca\/International\/wp-json\/wp\/v2\/posts"}],"about":[{"href":"https:\/\/linitiative.ca\/International\/wp-json\/wp\/v2\/types\/post"}],"author":[{"embeddable":true,"href":"https:\/\/linitiative.ca\/International\/wp-json\/wp\/v2\/users\/1742"}],"replies":[{"embeddable":true,"href":"https:\/\/linitiative.ca\/International\/wp-json\/wp\/v2\/comments?post=81914"}],"version-history":[{"count":0,"href":"https:\/\/linitiative.ca\/International\/wp-json\/wp\/v2\/posts\/81914\/revisions"}],"wp:attachment":[{"href":"https:\/\/linitiative.ca\/International\/wp-json\/wp\/v2\/media?parent=81914"}],"wp:term":[{"taxonomy":"category","embeddable":true,"href":"https:\/\/linitiative.ca\/International\/wp-json\/wp\/v2\/categories?post=81914"},{"taxonomy":"post_tag","embeddable":true,"href":"https:\/\/linitiative.ca\/International\/wp-json\/wp\/v2\/tags?post=81914"}],"curies":[{"name":"wp","href":"https:\/\/api.w.org\/{rel}","templated":true}]}}