{"id":81915,"date":"2020-04-11T12:25:00","date_gmt":"2020-04-11T16:25:00","guid":{"rendered":"https:\/\/linitiative.ca\/International\/64-nouveaux-cas-confirmes-en-algerie\/"},"modified":"2020-04-11T12:25:00","modified_gmt":"2020-04-11T16:25:00","slug":"64-nouveaux-cas-confirmes-en-algerie","status":"publish","type":"post","link":"https:\/\/linitiative.ca\/International\/64-nouveaux-cas-confirmes-en-algerie\/","title":{"rendered":"64 nouveaux cas confirm\u00e9s en Alg\u00e9rie"},"content":{"rendered":"<div id=\"originalText\" readability=\"41\">\n<p class=\"c6\">Soixante-quatre\u00a0nouveaux cas confirm\u00e9s de\u00a0coronavirus (Covid-19) ont \u00e9t\u00e9 enregistr\u00e9s en Alg\u00e9rie durant les derni\u00e8res\u00a024 heures portant ainsi le nombre de cas confirm\u00e9s \u00e0 1825, alors que 19\u00a0nouveaux d\u00e9c\u00e8s ont \u00e9t\u00e9 enregistr\u00e9s entre le 27 mars et le 11 avril courant,\u00a0dont 7 cas lors des derni\u00e8res 48 heures, portant le nombre de d\u00e9c\u00e8s \u00e0 275,\u00a0a indiqu\u00e9 samedi le porte-parole du Comit\u00e9 scientifique de suivi de\u00a0l&rsquo;\u00e9volution de la pand\u00e9mie du Coronavirus, Djamel Fourar, lors du point de\u00a0presse quotidien consacr\u00e9 \u00e0 l&rsquo;\u00e9volution de la pand\u00e9mie.<\/p>\n<p class=\"c7\"><strong>APS<\/strong><\/p>\n<\/div>\n<div id=\"text_core\" readability=\"41\">\n<p class=\"c6\">Soixante-quatre\u00a0nouveaux cas confirm\u00e9s de\u00a0coronavirus (Covid-19) ont \u00e9t\u00e9 enregistr\u00e9s en Alg\u00e9rie durant les derni\u00e8res\u00a024 heures portant ainsi le nombre de cas confirm\u00e9s \u00e0 1825, alors que 19\u00a0nouveaux d\u00e9c\u00e8s ont \u00e9t\u00e9 enregistr\u00e9s entre le 27 mars et le 11 avril courant,\u00a0dont 7 cas lors des derni\u00e8res 48 heures, portant le nombre de d\u00e9c\u00e8s \u00e0 275,\u00a0a indiqu\u00e9 samedi le porte-parole du Comit\u00e9 scientifique de suivi de\u00a0l&rsquo;\u00e9volution de la pand\u00e9mie du Coronavirus, Djamel Fourar, lors du point de\u00a0presse quotidien consacr\u00e9 \u00e0 l&rsquo;\u00e9volution de la pand\u00e9mie.<\/p>\n<p class=\"c7\"><strong>APS<\/strong><\/p>\n<\/div>\n<p>Auteur:<br \/>\n<a href=\"https:\/\/www.liberte-algerie.com\/actualite\/64-nouveaux-cas-confirmes-en-algerie-337313\">Cliquez ici pour lire l&rsquo;article depuis sa source.<\/a><\/p>\n","protected":false},"excerpt":{"rendered":"<p>Soixante-quatre\u00a0nouveaux cas confirm\u00e9s de\u00a0coronavirus (Covid-19) ont \u00e9t\u00e9 enregistr\u00e9s en Alg\u00e9rie durant les derni\u00e8res\u00a024 heures portant ainsi le nombre de cas confirm\u00e9s \u00e0 1825, alors que 19\u00a0nouveaux d\u00e9c\u00e8s ont \u00e9t\u00e9 enregistr\u00e9s entre le 27 mars et le 11 avril courant,\u00a0dont 7 cas lors des derni\u00e8res 48 heures, portant le nombre de d\u00e9c\u00e8s \u00e0 275,\u00a0a indiqu\u00e9 samedi [&hellip;]<\/p>\n","protected":false},"author":1742,"featured_media":0,"comment_status":"closed","ping_status":"closed","sticky":false,"template":"","format":"standard","meta":{"fifu_image_url":"","fifu_image_alt":"","footnotes":""},"categories":[73,53],"tags":[],"class_list":["post-81915","post","type-post","status-publish","format-standard","hentry","category-actualite","category-algerie"],"_links":{"self":[{"href":"https:\/\/linitiative.ca\/International\/wp-json\/wp\/v2\/posts\/81915","targetHints":{"allow":["GET"]}}],"collection":[{"href":"https:\/\/linitiative.ca\/International\/wp-json\/wp\/v2\/posts"}],"about":[{"href":"https:\/\/linitiative.ca\/International\/wp-json\/wp\/v2\/types\/post"}],"author":[{"embeddable":true,"href":"https:\/\/linitiative.ca\/International\/wp-json\/wp\/v2\/users\/1742"}],"replies":[{"embeddable":true,"href":"https:\/\/linitiative.ca\/International\/wp-json\/wp\/v2\/comments?post=81915"}],"version-history":[{"count":0,"href":"https:\/\/linitiative.ca\/International\/wp-json\/wp\/v2\/posts\/81915\/revisions"}],"wp:attachment":[{"href":"https:\/\/linitiative.ca\/International\/wp-json\/wp\/v2\/media?parent=81915"}],"wp:term":[{"taxonomy":"category","embeddable":true,"href":"https:\/\/linitiative.ca\/International\/wp-json\/wp\/v2\/categories?post=81915"},{"taxonomy":"post_tag","embeddable":true,"href":"https:\/\/linitiative.ca\/International\/wp-json\/wp\/v2\/tags?post=81915"}],"curies":[{"name":"wp","href":"https:\/\/api.w.org\/{rel}","templated":true}]}}