{"id":81918,"date":"2020-04-10T19:32:00","date_gmt":"2020-04-10T23:32:00","guid":{"rendered":"https:\/\/linitiative.ca\/International\/les-efforts-saccelerent-pour-lamelioration-des-services-de-sante\/"},"modified":"2020-04-10T19:32:00","modified_gmt":"2020-04-10T23:32:00","slug":"les-efforts-saccelerent-pour-lamelioration-des-services-de-sante","status":"publish","type":"post","link":"https:\/\/linitiative.ca\/International\/les-efforts-saccelerent-pour-lamelioration-des-services-de-sante\/","title":{"rendered":"Les efforts s\u2019acc\u00e9l\u00e8rent pour l\u2019am\u00e9lioration des services de sant\u00e9"},"content":{"rendered":"<p><strong><em>LE TEMPS &#8211; Un malheur ne vient, jamais seul, et au manques de moyens pour lutter contre la propagation du Covid-19, s\u2019ajoutent l\u2019Etat de v\u00e9tust\u00e9 des \u00e9tablissements hospitaliers, la marginalisation des r\u00e9gions int\u00e9rieures, dans les programmes du gouvernement, ainsi que l\u2019inexistence de m\u00e9decins sp\u00e9cialistes dans ces r\u00e9gions d\u00e9sh\u00e9rit\u00e9es. Et maintenant on a recours aux solutions de raccommodages, afin de pallier un tant soit peu les insuffisances, pour passer, peut-\u00eatre, par la suite, \u00e0 des programmes efficients pour corriger efficacement les lacunes.<\/em><\/strong><\/p>\n<p>L&rsquo;examen de la situation g\u00e9n\u00e9rale dans le pays et l&rsquo;\u00e9valuation de l&rsquo;\u00e9volution de la pand\u00e9mie COVID-19, a \u00e9t\u00e9 au centre d&rsquo;une r\u00e9union tenue hier en pr\u00e9sence du ministre de la Sant\u00e9 Abdellatif El Mekki avec les directeurs g\u00e9n\u00e9raux et les directeurs \u00e0 la direction centrale.<\/p>\n<p>La r\u00e9union a permis \u00e9galement d&rsquo;\u00e9voquer diff\u00e9rents dossiers relatifs \u00e0 la poursuite de l&rsquo;ex\u00e9cution des programmes nationaux de la sant\u00e9 et l&rsquo;acc\u00e9l\u00e9ration de l&rsquo;ach\u00e8vement des projets programm\u00e9s.<\/p>\n<p>Il s&rsquo;agit aussi de l&rsquo;examen des moyens permettant d&rsquo;assurer une meilleure ma\u00eetrise de la gestion des ressources humaines et mat\u00e9rielles afin de promouvoir le secteur de la sant\u00e9 et am\u00e9liorer les prestations de soins accord\u00e9es aux citoyens dans les diff\u00e9rentes structures hospitali\u00e8res.<\/p>\n<p><strong>83 patients hospitalis\u00e9s<\/strong><\/p>\n<p>Entretemps, le nombre de patients hospitalis\u00e9s s&rsquo;\u00e9l\u00e8ve \u00e0 83 parmi 643 cas confirm\u00e9s, enregistr\u00e9s en Tunisie jusqu&rsquo;\u00e0 la date du 8 avril courant, selon le bulletin de veille sanitaire publi\u00e9 hier sur la page Facebook du minist\u00e8re de la sant\u00e9.<\/p>\n<p>Selon ce bulletin, 25 personnes atteintes du coronavirus ont gu\u00e9ri alors que le nombre de d\u00e9c\u00e8s s&rsquo;\u00e9l\u00e8ve \u00e0 25 cas, selon des statistiques \u00e9labor\u00e9es par le minist\u00e8re de la sant\u00e9 qui ont \u00e9galement mentionn\u00e9 que les cas d&rsquo;atteintes se r\u00e9partissent entre 201 cas import\u00e9s (49 pc de femmes et 51 pc d&rsquo;hommes) et 428 cas locaux de contamination ainsi que 14 cas en cours d&rsquo;investigation.<\/p>\n<p>59 cas de contamination ont \u00e9t\u00e9 enregistr\u00e9s aupr\u00e8s du personnel m\u00e9dical dont 8 cas import\u00e9s et 51 cas locaux.<\/p>\n<p>Les r\u00e9gions c\u00f4ti\u00e8res sont les plus touch\u00e9s par le coronavirus (11 gouvernorats) avec 518 cas soit un taux de 79,8 pc, alors qu&rsquo;aucun cas n&rsquo;a \u00e9t\u00e9 enregistr\u00e9 jusqu&rsquo;\u00e0 pr\u00e9sent dans les gouvernorats de Siliana et Jendouba depuis l&rsquo;apparition, en mars dernier de la pand\u00e9mie en Tunisie.<\/p>\n<p>Un total de 9570 pr\u00e9l\u00e8vements sont parvenus aux laboratoires de virologie et analys\u00e9s (cas suspects et contacts \u00e9troits des cas confirm\u00e9s). L&rsquo;\u00e2ge moyen des personnes atteintes est de 45 ans et un cas d&rsquo;atteinte a \u00e9t\u00e9 enregistr\u00e9 chez un nourrisson de 4 mois et une personne \u00e2g\u00e9e de 87 ans.<\/p>\n<p><strong>Six lits de plus pour le CAMU<\/strong><\/p>\n<p>Par ailleurs, pour examiner les possibilit\u00e9s de pallier aux carences, le ministre de la Sant\u00e9, Abdellatif Mekki s&rsquo;est rendu, hier, au CAMU o\u00f9 il a pris connaissance des pr\u00e9paratifs en cours pour prendre en charge les patients contamin\u00e9s par le \u00ab\u00a0Covid-19\u00a0\u00bb.<\/p>\n<p>Le directeur g\u00e9n\u00e9ral du centre d&rsquo;assistance m\u00e9dicale urgente et de r\u00e9animation de Tunis (CAMU), Nabil Ben Saleh, a annonc\u00e9 que le centre vient d&rsquo;\u00eatre dot\u00e9 de 6 lits de r\u00e9animation destin\u00e9s aux patients contamin\u00e9s par le \u00ab\u00a0Covid-19\u00a0\u00bb qui requi\u00e8rent des soins de r\u00e9animation.<\/p>\n<p>Il a ajout\u00e9 que cette initiative s&rsquo;inscrit dans le cadre de la strat\u00e9gie \u00e9labor\u00e9e par le centre pour combattre le Coronavirus. Elle consiste \u00e0 recevoir les malades et \u00e0 les trier en fonction des affections, pr\u00e9cisant que les patients infect\u00e9s par le coronavirus sont plac\u00e9s en quarantaine.<\/p>\n<p>Il a ajout\u00e9 que les patients dont l&rsquo;\u00e9tat de sant\u00e9 est critique sont dirig\u00e9s vers le service de r\u00e9animation. Les autres malades sont plac\u00e9s dans un endroit isol\u00e9 pour \u00eatre transf\u00e9r\u00e9s, ensuite, vers l&rsquo;un des h\u00f4pitaux suivants : La Rabta, Charles Nicolle et Abderrahmane Mami \u00e0 l&rsquo;Ariana ou vers le Centre de traumatologie et des grands br\u00fbl\u00e9s de Ben Arous.<\/p>\n<p>Ben Saleh a fait savoir que depuis la mise en place de cette strat\u00e9gie il y a 10 jours, le centre n&rsquo;a pas re\u00e7u de patients contamin\u00e9s.<\/p>\n<p>Auteur: letemps1<br \/>\n<a href=\"http:\/\/www.letemps.com.tn\/article\/112678\/les-efforts-s%E2%80%99acc%C3%A9l%C3%A8rent-pour-l%E2%80%99am%C3%A9lioration-des-services-de-sant%C3%A9\">Cliquez ici pour lire l&rsquo;article depuis sa source.<\/a><\/p>\n","protected":false},"excerpt":{"rendered":"<p>LE TEMPS &#8211; Un malheur ne vient, jamais seul, et au manques de moyens pour lutter contre la propagation du Covid-19, s\u2019ajoutent l\u2019Etat de v\u00e9tust\u00e9 des \u00e9tablissements hospitaliers, la marginalisation des r\u00e9gions int\u00e9rieures, dans les programmes du gouvernement, ainsi que l\u2019inexistence de m\u00e9decins sp\u00e9cialistes dans ces r\u00e9gions d\u00e9sh\u00e9rit\u00e9es. Et maintenant on a recours aux solutions [&hellip;]<\/p>\n","protected":false},"author":1773,"featured_media":0,"comment_status":"closed","ping_status":"closed","sticky":false,"template":"","format":"standard","meta":{"fifu_image_url":"","fifu_image_alt":"","footnotes":""},"categories":[73,55],"tags":[],"class_list":["post-81918","post","type-post","status-publish","format-standard","hentry","category-actualite","category-tunisie"],"_links":{"self":[{"href":"https:\/\/linitiative.ca\/International\/wp-json\/wp\/v2\/posts\/81918","targetHints":{"allow":["GET"]}}],"collection":[{"href":"https:\/\/linitiative.ca\/International\/wp-json\/wp\/v2\/posts"}],"about":[{"href":"https:\/\/linitiative.ca\/International\/wp-json\/wp\/v2\/types\/post"}],"author":[{"embeddable":true,"href":"https:\/\/linitiative.ca\/International\/wp-json\/wp\/v2\/users\/1773"}],"replies":[{"embeddable":true,"href":"https:\/\/linitiative.ca\/International\/wp-json\/wp\/v2\/comments?post=81918"}],"version-history":[{"count":0,"href":"https:\/\/linitiative.ca\/International\/wp-json\/wp\/v2\/posts\/81918\/revisions"}],"wp:attachment":[{"href":"https:\/\/linitiative.ca\/International\/wp-json\/wp\/v2\/media?parent=81918"}],"wp:term":[{"taxonomy":"category","embeddable":true,"href":"https:\/\/linitiative.ca\/International\/wp-json\/wp\/v2\/categories?post=81918"},{"taxonomy":"post_tag","embeddable":true,"href":"https:\/\/linitiative.ca\/International\/wp-json\/wp\/v2\/tags?post=81918"}],"curies":[{"name":"wp","href":"https:\/\/api.w.org\/{rel}","templated":true}]}}