{"id":81919,"date":"2020-04-10T19:32:00","date_gmt":"2020-04-10T23:32:00","guid":{"rendered":"https:\/\/linitiative.ca\/International\/aides-financieres-meme-a-ceux-qui-ne-beneficient-pas-de-bourses\/"},"modified":"2020-04-10T19:32:00","modified_gmt":"2020-04-10T23:32:00","slug":"aides-financieres-meme-a-ceux-qui-ne-beneficient-pas-de-bourses","status":"publish","type":"post","link":"https:\/\/linitiative.ca\/International\/aides-financieres-meme-a-ceux-qui-ne-beneficient-pas-de-bourses\/","title":{"rendered":"Aides financi\u00e8res m\u00eame \u00e0 ceux qui ne b\u00e9n\u00e9ficient pas de bourses"},"content":{"rendered":"<p><strong><em>LE TEMPS &#8211; Il semble que les \u00e9tudiants tunisiens \u00e0 l\u2019\u00e9tranger n\u2019ont pas b\u00e9n\u00e9fici\u00e9 des m\u00eames chances de rapatriement, depuis le d\u00e9but de la crise du Covid-19, avec un millier parmi eux qui sont bloqu\u00e9s dans les pays de r\u00e9sidence. Et, vu la situation dans de nombreux pays europ\u00e9ens, il est urgent qui soient rapatri\u00e9s, avec le minist\u00e8re de l\u2019Enseignement sup\u00e9rieur qui cherche \u00e0 trouver des solutions, pour que cela se fasse dans les meilleurs d\u00e9lais. En m\u00eame temps, certains ne cherchent pas \u00e0 regagner le pays, surtout que la Tunisie compte plus de 20 mille \u00e9tudiants \u00e0 l\u2019\u00e9tranger.<\/em><\/strong><\/p>\n<p>\u00ab\u00a0Le minist\u00e8re de l&rsquo;enseignement sup\u00e9rieur s&#8217;emploie \u00e0 rapatrier mille \u00e9tudiants tunisiens bloqu\u00e9s \u00e0 l&rsquo;\u00e9tranger au cours des prochains jours apr\u00e8s l&rsquo;appel \u00e0 l&rsquo;aide lanc\u00e9 par ces \u00e9tudiants\u00a0\u00bb, a indiqu\u00e9 le ministre, Slim Choura.<\/p>\n<p>\u00ab\u00a0La cellule de crise relevant de la pr\u00e9sidence du gouvernement et la commission cr\u00e9\u00e9e au sein du minist\u00e8re de l&rsquo;enseignement sup\u00e9rieur prendront les mesures n\u00e9cessaires pour la localisation g\u00e9ographique de ces \u00e9tudiants, afin de les rapatrier dans les meilleurs d\u00e9lais\u00a0\u00bb, a annonc\u00e9 le ministre, lors d&rsquo;un point de presse tenu, \u00e0 l&rsquo;issu d&rsquo;une r\u00e9union minist\u00e9rielle au si\u00e8ge du minist\u00e8re des affaires \u00e9trang\u00e8res consacr\u00e9e \u00e0 l&rsquo;examen de la situation des Tunisiens bloqu\u00e9s \u00e0 l&rsquo;\u00e9tranger.<\/p>\n<p>Il a affirm\u00e9 que le nombre des \u00e9tudiants \u00e0 l&rsquo;\u00e9tranger est de plus de 20 mille repartis sur plusieurs pays dans le monde, dont la plupart r\u00e9sident dans les pays de l&rsquo;Europe.<\/p>\n<p>\u00ab\u00a0Les demandes de rapatriement ne sont pas \u00e9lev\u00e9es par rapport au nombre total des \u00e9tudiants poursuivant leurs \u00e9tudes hors des fronti\u00e8res, a-t-il dit. , exprimant le souhait que cette \u00e9pid\u00e9mie mondiale soit endigu\u00e9e au plus vite.<\/p>\n<p>Il a fait savoir que la Tunisie est pr\u00eate \u00e0 tous les sc\u00e9narios pour rapatrier les \u00e9tudiants \u00e0 l&rsquo;\u00e9tranger surtout que l&rsquo;ann\u00e9e universitaire touche \u00e0 sa fin, signalant que le minist\u00e8re a mis au point une strat\u00e9gie visant \u00e0 garantir l&rsquo;avenir de ces \u00e9tudiants selon l&rsquo;\u00e9volution de la situation li\u00e9e \u00e0 la lutte contre la pand\u00e9mie.<\/p>\n<p>Choura a soulign\u00e9 que le minist\u00e8re est dispos\u00e9 a communiquer \u00e0 distance avec tous les \u00e9tudiants bloqu\u00e9s \u00e0 l&rsquo;\u00e9tranger \u00e0 travers la mission universitaire \u00e0 Paris (France) et \u00e0 Montr\u00e9al (Canada) pour les \u00e9tudiants de l&rsquo;Am\u00e9rique du nord et du sud, ajoutant que la coordination avec le minist\u00e8re est assur\u00e9e avec les missions diplomatiques de la Tunisie \u00e0 travers tous les pays du monde.<\/p>\n<p>\u00ab\u00a0Le minist\u00e8re de l&rsquo;enseignement fournira une aide financi\u00e8re \u00e0 tous les \u00e9tudiants qui ne b\u00e9n\u00e9ficient pas de bourses et aussi aux \u00e9tudiants r\u00e9sidant \u00e0 l&rsquo;\u00e9tranger pour une courte p\u00e9riode\u00a0\u00bb a ajout\u00e9 le ministre, rappelant que les missions diplomatiques avaient soutenus financi\u00e8rement un grand nombre d&rsquo;\u00e9tudiants, alors que d&rsquo;autres ont \u00e9t\u00e9 pris en charge par des familles tunisiennes.<\/p>\n<p>Auteur: letemps1<br \/>\n<a href=\"http:\/\/www.letemps.com.tn\/article\/112679\/aides-financi%C3%A8res-m%C3%AAme-%C3%A0-ceux-qui-ne-b%C3%A9n%C3%A9ficient-pas-de-bourses\">Cliquez ici pour lire l&rsquo;article depuis sa source.<\/a><\/p>\n","protected":false},"excerpt":{"rendered":"<p>LE TEMPS &#8211; Il semble que les \u00e9tudiants tunisiens \u00e0 l\u2019\u00e9tranger n\u2019ont pas b\u00e9n\u00e9fici\u00e9 des m\u00eames chances de rapatriement, depuis le d\u00e9but de la crise du Covid-19, avec un millier parmi eux qui sont bloqu\u00e9s dans les pays de r\u00e9sidence. Et, vu la situation dans de nombreux pays europ\u00e9ens, il est urgent qui soient rapatri\u00e9s, [&hellip;]<\/p>\n","protected":false},"author":1773,"featured_media":0,"comment_status":"closed","ping_status":"closed","sticky":false,"template":"","format":"standard","meta":{"fifu_image_url":"","fifu_image_alt":"","footnotes":""},"categories":[73,55],"tags":[],"class_list":["post-81919","post","type-post","status-publish","format-standard","hentry","category-actualite","category-tunisie"],"_links":{"self":[{"href":"https:\/\/linitiative.ca\/International\/wp-json\/wp\/v2\/posts\/81919","targetHints":{"allow":["GET"]}}],"collection":[{"href":"https:\/\/linitiative.ca\/International\/wp-json\/wp\/v2\/posts"}],"about":[{"href":"https:\/\/linitiative.ca\/International\/wp-json\/wp\/v2\/types\/post"}],"author":[{"embeddable":true,"href":"https:\/\/linitiative.ca\/International\/wp-json\/wp\/v2\/users\/1773"}],"replies":[{"embeddable":true,"href":"https:\/\/linitiative.ca\/International\/wp-json\/wp\/v2\/comments?post=81919"}],"version-history":[{"count":0,"href":"https:\/\/linitiative.ca\/International\/wp-json\/wp\/v2\/posts\/81919\/revisions"}],"wp:attachment":[{"href":"https:\/\/linitiative.ca\/International\/wp-json\/wp\/v2\/media?parent=81919"}],"wp:term":[{"taxonomy":"category","embeddable":true,"href":"https:\/\/linitiative.ca\/International\/wp-json\/wp\/v2\/categories?post=81919"},{"taxonomy":"post_tag","embeddable":true,"href":"https:\/\/linitiative.ca\/International\/wp-json\/wp\/v2\/tags?post=81919"}],"curies":[{"name":"wp","href":"https:\/\/api.w.org\/{rel}","templated":true}]}}