{"id":81925,"date":"2020-04-11T15:10:27","date_gmt":"2020-04-11T19:10:27","guid":{"rendered":"https:\/\/linitiative.ca\/International\/pros-fares-dans-le-viseur-de-la-fiorentina\/"},"modified":"2020-04-11T15:10:27","modified_gmt":"2020-04-11T19:10:27","slug":"pros-fares-dans-le-viseur-de-la-fiorentina","status":"publish","type":"post","link":"https:\/\/linitiative.ca\/International\/pros-fares-dans-le-viseur-de-la-fiorentina\/","title":{"rendered":"Pros : Fares dans le viseur de la Fiorentina"},"content":{"rendered":"<div readability=\"32\">\n<p>Auteur : <span>Riad O.<\/span> <span class=\"time\">samedi 11 avril 2020 14:09<\/span><\/p>\n<\/div>\n<div id=\"post_core\" readability=\"39\">\n<p>Le d\u00e9fenseur Alg\u00e9rien de SPAL, Mohamed Fares figurerait dans la liste des joueurs susceptibles de rejoindre la Fiorentina cet \u00e9t\u00e9. A en croire la presse italienne, les responsables de la Viola seraient tr\u00e8s int\u00e9ress\u00e9s par le recrutement du joueur de l\u2019EN. Il faut dire que Fiorentina ne serait pas le seul club de la S\u00e9rie A int\u00e9ress\u00e9 par le recrutement de Fares puisque la Lazio Rome et le Npaoli seraient aussi sur cette piste.<\/p>\n<p><strong>Publi\u00e9 dans :<\/strong> <span>Fiorentina<\/span> <span>Fares<\/span><\/p>\n<\/div>\n<p>Auteur:<br \/>\n<a href=\"http:\/\/www.lebuteur.com\/article\/detail?titre=fares-dans-le-viseur-de-la-fiorentina&#038;id=95590&#038;utm_source=feedburner&#038;utm_medium=feed&#038;utm_campaign=Feed%3A+GalerieFArtciles+%28Les+derniers+articles++-+lebuteur.com%29\">Cliquez ici pour lire l&rsquo;article depuis sa source.<\/a><\/p>\n","protected":false},"excerpt":{"rendered":"<p>Auteur : Riad O. samedi 11 avril 2020 14:09 Le d\u00e9fenseur Alg\u00e9rien de SPAL, Mohamed Fares figurerait dans la liste des joueurs susceptibles de rejoindre la Fiorentina cet \u00e9t\u00e9. A en croire la presse italienne, les responsables de la Viola seraient tr\u00e8s int\u00e9ress\u00e9s par le recrutement du joueur de l\u2019EN. Il faut dire que Fiorentina [&hellip;]<\/p>\n","protected":false},"author":1738,"featured_media":81926,"comment_status":"closed","ping_status":"closed","sticky":false,"template":"","format":"standard","meta":{"fifu_image_url":"","fifu_image_alt":"","footnotes":""},"categories":[53,75],"tags":[],"class_list":["post-81925","post","type-post","status-publish","format-standard","has-post-thumbnail","hentry","category-algerie","category-sport"],"_links":{"self":[{"href":"https:\/\/linitiative.ca\/International\/wp-json\/wp\/v2\/posts\/81925","targetHints":{"allow":["GET"]}}],"collection":[{"href":"https:\/\/linitiative.ca\/International\/wp-json\/wp\/v2\/posts"}],"about":[{"href":"https:\/\/linitiative.ca\/International\/wp-json\/wp\/v2\/types\/post"}],"author":[{"embeddable":true,"href":"https:\/\/linitiative.ca\/International\/wp-json\/wp\/v2\/users\/1738"}],"replies":[{"embeddable":true,"href":"https:\/\/linitiative.ca\/International\/wp-json\/wp\/v2\/comments?post=81925"}],"version-history":[{"count":0,"href":"https:\/\/linitiative.ca\/International\/wp-json\/wp\/v2\/posts\/81925\/revisions"}],"wp:featuredmedia":[{"embeddable":true,"href":"https:\/\/linitiative.ca\/International\/wp-json\/"}],"wp:attachment":[{"href":"https:\/\/linitiative.ca\/International\/wp-json\/wp\/v2\/media?parent=81925"}],"wp:term":[{"taxonomy":"category","embeddable":true,"href":"https:\/\/linitiative.ca\/International\/wp-json\/wp\/v2\/categories?post=81925"},{"taxonomy":"post_tag","embeddable":true,"href":"https:\/\/linitiative.ca\/International\/wp-json\/wp\/v2\/tags?post=81925"}],"curies":[{"name":"wp","href":"https:\/\/api.w.org\/{rel}","templated":true}]}}