{"id":81929,"date":"2020-04-11T15:10:30","date_gmt":"2020-04-11T19:10:30","guid":{"rendered":"https:\/\/linitiative.ca\/International\/pros-bennacer-le-meilleur-moment-de-ma-carriere-cest-la-coupe-dafrique-des-nations\/"},"modified":"2020-04-11T15:10:30","modified_gmt":"2020-04-11T19:10:30","slug":"pros-bennacer-le-meilleur-moment-de-ma-carriere-cest-la-coupe-dafrique-des-nations","status":"publish","type":"post","link":"https:\/\/linitiative.ca\/International\/pros-bennacer-le-meilleur-moment-de-ma-carriere-cest-la-coupe-dafrique-des-nations\/","title":{"rendered":"Pros : Bennacer : \u00ab\u00a0Le meilleur moment de ma carri\u00e8re c&rsquo;est la Coupe d&rsquo;Afrique des Nations\u00a0\u00bb"},"content":{"rendered":"<div readability=\"32\">\n<p>Auteur : <span class=\"time\">samedi 11 avril 2020 18:44<\/span><\/p>\n<\/div>\n<div id=\"post_core\" readability=\"70\">\n<p>L&rsquo;international alg\u00e9rien a d&rsquo;abord exprim\u00e9 toute sa fiert\u00e9 de porter le maillot du Milan AC. Il est \u00e9galement revenu sur le titre de Champion d&rsquo;Afrique remport\u00e9 cet \u00e9t\u00e9 en Egypte :<\/p>\n<p>\u00ab\u00a0Porter le maillot du Milan AC est quelque chose d&rsquo;incroyable. Sur la manche, il y a tous les titres de Ligue des Champions remport\u00e9s. C&rsquo;est impressionnant.<\/p>\n<p>Etant jeune, j&rsquo;ai toujours \u00e9volu\u00e9 au poste de N\u00b010. Mais quand j&rsquo;\u00e9tais plus petit, j&rsquo;ai aussi jou\u00e9 en tant qu&rsquo;arri\u00e8re gauche.<\/p>\n<p>Le meilleur moment de ma carri\u00e8re c&rsquo;est lorsque j&rsquo;ai remport\u00e9 la Coupe d&rsquo;Afrique des Nations. Je suis \u00e9galement impatient de marquer un but au San Siro. J&rsquo;irai sans doute le c\u00e9l\u00e9brer avec la Curva Sud.<\/p>\n<p>Ce qui m&rsquo;a fait aimer le Milan AC ? Absolument tout : l&rsquo;\u00e9quipe, le club, les joueurs d&rsquo;autrefois, les joueurs qui \u00e9voluent maintenant. Toutes ces choses ont fait que je tombe amoureux de ce club.<\/p>\n<p>La Coupe d&rsquo;Afrique c&rsquo;\u00e9tait quelque chose de fantastique. A notre retour en Alg\u00e9rie, c&rsquo;\u00e9tait la premi\u00e8re fois que je voyais autant de ferveur. C&rsquo;\u00e9tait vraiment incroyable.\u00a0\u00bb<\/p>\n<p>L&rsquo;ex-joueur d&rsquo;Empoli a \u00e9galement d\u00e9sign\u00e9 son onze de r\u00eave, compos\u00e9 principalement de joueurs ayant \u00e9volu\u00e9 au Milan AC et au FC Barcelone.<\/p>\n<p><strong>Le onze de r\u00eave de Bennacer :<\/strong> Dida &#8211; Roberto Carlos, Maldini, Nesta, Cafu &#8211; Pirlo, Iniesta, Xavi &#8211; Messi, Ronaldinho, Ronaldo<\/p>\n<p><strong>Publi\u00e9 dans :<\/strong> <span>BENNACER<\/span><\/p>\n<\/div>\n<p>Auteur:<br \/>\n<a href=\"http:\/\/www.lebuteur.com\/article\/detail?titre=bennacer-le-meilleur-moment-de-ma-carriere-cest-la-coupe-dafrique-des-nations&#038;id=95592&#038;utm_source=feedburner&#038;utm_medium=feed&#038;utm_campaign=Feed%3A+GalerieFArtciles+%28Les+derniers+articles++-+lebuteur.com%29\">Cliquez ici pour lire l&rsquo;article depuis sa source.<\/a><\/p>\n","protected":false},"excerpt":{"rendered":"<p>Auteur : samedi 11 avril 2020 18:44 L&rsquo;international alg\u00e9rien a d&rsquo;abord exprim\u00e9 toute sa fiert\u00e9 de porter le maillot du Milan AC. Il est \u00e9galement revenu sur le titre de Champion d&rsquo;Afrique remport\u00e9 cet \u00e9t\u00e9 en Egypte : \u00ab\u00a0Porter le maillot du Milan AC est quelque chose d&rsquo;incroyable. Sur la manche, il y a tous [&hellip;]<\/p>\n","protected":false},"author":1738,"featured_media":81930,"comment_status":"closed","ping_status":"closed","sticky":false,"template":"","format":"standard","meta":{"fifu_image_url":"","fifu_image_alt":"","footnotes":""},"categories":[53,75],"tags":[],"class_list":["post-81929","post","type-post","status-publish","format-standard","has-post-thumbnail","hentry","category-algerie","category-sport"],"_links":{"self":[{"href":"https:\/\/linitiative.ca\/International\/wp-json\/wp\/v2\/posts\/81929","targetHints":{"allow":["GET"]}}],"collection":[{"href":"https:\/\/linitiative.ca\/International\/wp-json\/wp\/v2\/posts"}],"about":[{"href":"https:\/\/linitiative.ca\/International\/wp-json\/wp\/v2\/types\/post"}],"author":[{"embeddable":true,"href":"https:\/\/linitiative.ca\/International\/wp-json\/wp\/v2\/users\/1738"}],"replies":[{"embeddable":true,"href":"https:\/\/linitiative.ca\/International\/wp-json\/wp\/v2\/comments?post=81929"}],"version-history":[{"count":0,"href":"https:\/\/linitiative.ca\/International\/wp-json\/wp\/v2\/posts\/81929\/revisions"}],"wp:featuredmedia":[{"embeddable":true,"href":"https:\/\/linitiative.ca\/International\/wp-json\/"}],"wp:attachment":[{"href":"https:\/\/linitiative.ca\/International\/wp-json\/wp\/v2\/media?parent=81929"}],"wp:term":[{"taxonomy":"category","embeddable":true,"href":"https:\/\/linitiative.ca\/International\/wp-json\/wp\/v2\/categories?post=81929"},{"taxonomy":"post_tag","embeddable":true,"href":"https:\/\/linitiative.ca\/International\/wp-json\/wp\/v2\/tags?post=81929"}],"curies":[{"name":"wp","href":"https:\/\/api.w.org\/{rel}","templated":true}]}}