{"id":81931,"date":"2020-04-11T15:10:32","date_gmt":"2020-04-11T19:10:32","guid":{"rendered":"https:\/\/linitiative.ca\/International\/international-real-deux-pistes-de-choix-pour-james-rodriguez\/"},"modified":"2020-04-11T15:10:32","modified_gmt":"2020-04-11T19:10:32","slug":"international-real-deux-pistes-de-choix-pour-james-rodriguez","status":"publish","type":"post","link":"https:\/\/linitiative.ca\/International\/international-real-deux-pistes-de-choix-pour-james-rodriguez\/","title":{"rendered":"International : Real : Deux pistes de choix pour James Rodriguez"},"content":{"rendered":"<div readability=\"32\">\n<p>Auteur : <span class=\"time\">samedi 11 avril 2020 20:01<\/span><\/p>\n<\/div>\n<div id=\"post_core\" readability=\"48\">\n<p>A en croire les informations du quotidien AS, Jorge Mendes est en train de n\u00e9gocier avec la Juventus et Manchester United pour un \u00e9ventuel transfert de son client James Rodriguez lors du prochain mercato.<\/p>\n<p>Alors qu\u2019il \u00e9tait revenu dans la capitale espagnole en 2019, l\u2019international colombien n\u2019a toujours pas r\u00e9ussi \u00e0 gagner la confiance de Zinedine Zidane comme l&rsquo;indique Goal. C\u2019est pourquoi le Real Madrid cherche toujours \u00e0 s\u2019en s\u00e9parer.<\/p>\n<p>Pour les Merengue, il serait vital de vendre soit James Rodriguez soit Gareth Bale d\u00e8s que le march\u00e9 des transferts s\u2019ouvrira. Et vu que l\u2019ailier gallois n\u2019a aucune intention de partir, l\u2019ex-Mon\u00e9gasque est le plus \u00e0 m\u00eame \u00e0 bouger.<\/p>\n<p><strong>Publi\u00e9 dans :<\/strong> <span>real madrid<\/span><\/p>\n<\/div>\n<p>Auteur:<br \/>\n<a href=\"http:\/\/www.lebuteur.com\/article\/detail?titre=real-deux-pistes-de-choix-pour-james-rodriguez&#038;id=95593&#038;utm_source=feedburner&#038;utm_medium=feed&#038;utm_campaign=Feed%3A+GalerieFArtciles+%28Les+derniers+articles++-+lebuteur.com%29\">Cliquez ici pour lire l&rsquo;article depuis sa source.<\/a><\/p>\n","protected":false},"excerpt":{"rendered":"<p>Auteur : samedi 11 avril 2020 20:01 A en croire les informations du quotidien AS, Jorge Mendes est en train de n\u00e9gocier avec la Juventus et Manchester United pour un \u00e9ventuel transfert de son client James Rodriguez lors du prochain mercato. Alors qu\u2019il \u00e9tait revenu dans la capitale espagnole en 2019, l\u2019international colombien n\u2019a toujours [&hellip;]<\/p>\n","protected":false},"author":1738,"featured_media":81932,"comment_status":"closed","ping_status":"closed","sticky":false,"template":"","format":"standard","meta":{"fifu_image_url":"","fifu_image_alt":"","footnotes":""},"categories":[53,75],"tags":[],"class_list":["post-81931","post","type-post","status-publish","format-standard","has-post-thumbnail","hentry","category-algerie","category-sport"],"_links":{"self":[{"href":"https:\/\/linitiative.ca\/International\/wp-json\/wp\/v2\/posts\/81931","targetHints":{"allow":["GET"]}}],"collection":[{"href":"https:\/\/linitiative.ca\/International\/wp-json\/wp\/v2\/posts"}],"about":[{"href":"https:\/\/linitiative.ca\/International\/wp-json\/wp\/v2\/types\/post"}],"author":[{"embeddable":true,"href":"https:\/\/linitiative.ca\/International\/wp-json\/wp\/v2\/users\/1738"}],"replies":[{"embeddable":true,"href":"https:\/\/linitiative.ca\/International\/wp-json\/wp\/v2\/comments?post=81931"}],"version-history":[{"count":0,"href":"https:\/\/linitiative.ca\/International\/wp-json\/wp\/v2\/posts\/81931\/revisions"}],"wp:featuredmedia":[{"embeddable":true,"href":"https:\/\/linitiative.ca\/International\/wp-json\/"}],"wp:attachment":[{"href":"https:\/\/linitiative.ca\/International\/wp-json\/wp\/v2\/media?parent=81931"}],"wp:term":[{"taxonomy":"category","embeddable":true,"href":"https:\/\/linitiative.ca\/International\/wp-json\/wp\/v2\/categories?post=81931"},{"taxonomy":"post_tag","embeddable":true,"href":"https:\/\/linitiative.ca\/International\/wp-json\/wp\/v2\/tags?post=81931"}],"curies":[{"name":"wp","href":"https:\/\/api.w.org\/{rel}","templated":true}]}}