{"id":81933,"date":"2020-04-11T15:15:24","date_gmt":"2020-04-11T19:15:24","guid":{"rendered":"https:\/\/linitiative.ca\/International\/structures-sanitaires-de-la-securite-sociale-a-la-disposition-du-secteur-de-la-sante\/"},"modified":"2020-04-11T15:15:24","modified_gmt":"2020-04-11T19:15:24","slug":"structures-sanitaires-de-la-securite-sociale-a-la-disposition-du-secteur-de-la-sante","status":"publish","type":"post","link":"https:\/\/linitiative.ca\/International\/structures-sanitaires-de-la-securite-sociale-a-la-disposition-du-secteur-de-la-sante\/","title":{"rendered":"Structures sanitaires de la S\u00e9curit\u00e9 sociale : \u00c0 la disposition du secteur de la Sant\u00e9"},"content":{"rendered":"<p>Dans le cadre de l\u2019action solidaire du gouvernement, notamment en cette conjoncture qui exige la coordination des efforts face au nouveau coronavirus, les 31 Centres de diagnostic, de d\u00e9pistage et de soins et les 4 Centres r\u00e9gionaux d\u2019imagerie m\u00e9dicale relevant de la CNAS seront mis \u00e0 la disposition du secteur de la Sant\u00e9, a d\u00e9clar\u00e9 le ministre, en marge d\u2019une visite, en compagnie du ministre de la Sant\u00e9, de la Population et de la R\u00e9forme hospitali\u00e8re, Abderrahmane Benbouzid, au Centre de diagnostic, de d\u00e9pistage et de soins d\u2019Hussein Dey.<\/p>\n<p>Quelque 1.000 m\u00e9decins et 131 assistantes sociales relevant de la CNAS et de la Caisse nationale de s\u00e9curit\u00e9 sociale des non-salari\u00e9s (CASNOS) seront \u00e9galement r\u00e9quisitionn\u00e9s pour aider les m\u00e9decins au niveau des h\u00f4pitaux et Centres de sant\u00e9, a ajout\u00e9 M. Acheuk Youcef. Par ailleurs, il a indiqu\u00e9 que son secteur mettait le service commun du guichet itin\u00e9rant CNAS\/CASNOS avec tous les moyens humains et techniques n\u00e9cessaires \u00e0 la disposition des autorit\u00e9s locales, dans le but de contribuer au recensement des familles d\u00e9munies, notamment dans les zones d\u2019ombre et les r\u00e9gions isol\u00e9es, pour leur apporter aide et assistance.<\/p>\n<p>Soulignant que ces mesures \u00abs&rsquo;inscrivent dans le cadre de l&rsquo;effort national\u00bb de lutte contre le COVID-19, il a estim\u00e9 que cette p\u00e9riode \u00abn\u00e9cessite la r\u00e9quisition de tous les moyens et la mobilisation de tous pour travailler la main dans la main afin de surmonter cette conjoncture exceptionnelle\u00bb.<\/p>\n<p>Le ministre a appel\u00e9 l&rsquo;ensemble des citoyens \u00e0 rester chez eux o\u00f9 leurs parviendront toutes les prestations et services \u00e0 distance, via le site web du minist\u00e8re du Travail ou les sites des organismes sous tutelle.<\/p>\n<p>En pr\u00e9vision de Ramadhan, M. Acheuk Youcef a fait savoir que la date de versement des pensions de retraite est pr\u00e9vue le 20 avril, pour ceux qui per\u00e7oivent habituellement leurs pensions le 22 de chaque mois, et le 22 avril, pour ceux qui les per\u00e7oivent entre le 24 et 26.<\/p>\n<p>De son c\u00f4t\u00e9, le ministre de la Sant\u00e9 a affirm\u00e9 que les mesures initi\u00e9es par le secteur du Travail en faveur de celui de la Sant\u00e9 viennent en application des instructions du pr\u00e9sident de la R\u00e9publique et dans le cadre de la solidarit\u00e9 du staff du gouvernement, \u00e0 travers la coordination des efforts et la mobilisation de tous les moyens humains et mat\u00e9riels pour la lutte contre la pand\u00e9mie COVID-19.\u00a0<\/p>\n<p>Auteur: elmoudjahid<br \/>\n<a href=\"http:\/\/www.elmoudjahid.com\/fr\/actualites\/151265\">Cliquez ici pour lire l&rsquo;article depuis sa source.<\/a><\/p>\n","protected":false},"excerpt":{"rendered":"<p>Dans le cadre de l\u2019action solidaire du gouvernement, notamment en cette conjoncture qui exige la coordination des efforts face au nouveau coronavirus, les 31 Centres de diagnostic, de d\u00e9pistage et de soins et les 4 Centres r\u00e9gionaux d\u2019imagerie m\u00e9dicale relevant de la CNAS seront mis \u00e0 la disposition du secteur de la Sant\u00e9, a d\u00e9clar\u00e9 [&hellip;]<\/p>\n","protected":false},"author":1744,"featured_media":0,"comment_status":"closed","ping_status":"closed","sticky":false,"template":"","format":"standard","meta":{"fifu_image_url":"","fifu_image_alt":"","footnotes":""},"categories":[73,53],"tags":[],"class_list":["post-81933","post","type-post","status-publish","format-standard","hentry","category-actualite","category-algerie"],"_links":{"self":[{"href":"https:\/\/linitiative.ca\/International\/wp-json\/wp\/v2\/posts\/81933","targetHints":{"allow":["GET"]}}],"collection":[{"href":"https:\/\/linitiative.ca\/International\/wp-json\/wp\/v2\/posts"}],"about":[{"href":"https:\/\/linitiative.ca\/International\/wp-json\/wp\/v2\/types\/post"}],"author":[{"embeddable":true,"href":"https:\/\/linitiative.ca\/International\/wp-json\/wp\/v2\/users\/1744"}],"replies":[{"embeddable":true,"href":"https:\/\/linitiative.ca\/International\/wp-json\/wp\/v2\/comments?post=81933"}],"version-history":[{"count":0,"href":"https:\/\/linitiative.ca\/International\/wp-json\/wp\/v2\/posts\/81933\/revisions"}],"wp:attachment":[{"href":"https:\/\/linitiative.ca\/International\/wp-json\/wp\/v2\/media?parent=81933"}],"wp:term":[{"taxonomy":"category","embeddable":true,"href":"https:\/\/linitiative.ca\/International\/wp-json\/wp\/v2\/categories?post=81933"},{"taxonomy":"post_tag","embeddable":true,"href":"https:\/\/linitiative.ca\/International\/wp-json\/wp\/v2\/tags?post=81933"}],"curies":[{"name":"wp","href":"https:\/\/api.w.org\/{rel}","templated":true}]}}