{"id":81936,"date":"2020-04-11T15:15:31","date_gmt":"2020-04-11T19:15:31","guid":{"rendered":"https:\/\/linitiative.ca\/International\/reunion-du-conseil-de-securite-sur-le-sahara-occidental-la-russie-reaffirme-le-droit-du-peuple-sahraoui-a-lautodetermination\/"},"modified":"2020-04-11T15:15:31","modified_gmt":"2020-04-11T19:15:31","slug":"reunion-du-conseil-de-securite-sur-le-sahara-occidental-la-russie-reaffirme-le-droit-du-peuple-sahraoui-a-lautodetermination","status":"publish","type":"post","link":"https:\/\/linitiative.ca\/International\/reunion-du-conseil-de-securite-sur-le-sahara-occidental-la-russie-reaffirme-le-droit-du-peuple-sahraoui-a-lautodetermination\/","title":{"rendered":"R\u00e9union du conseil de s\u00e9curit\u00e9 sur le Sahara Occidental : La  Russie r\u00e9affirme le droit du peuple sahraoui \u00e0 l\u2019autod\u00e9termination"},"content":{"rendered":"<p>La mission russe aupr\u00e8s des Nations unies a soulign\u00e9, dans un tweet sur son compte officiel apr\u00e8s la r\u00e9union jeudi du Conseil de s\u00e9curit\u00e9 de l&rsquo;ONU sur le Sahara occidental, que toute solution \u00e0 ce conflit doit respecter le droit du peuple sahraoui \u00e0 l&rsquo;autod\u00e9termination et la Charte des Nations unies.<\/p>\n<p>La solution finale au conflit au Sahara occidental \u00abdevrait envisager l&rsquo;autod\u00e9termination du peuple du Sahara occidental sur la base des r\u00e9solutions du Conseil de s\u00e9curit\u00e9 des Nations unies dans le cadre des proc\u00e9dures qui doivent respecter les objectifs et les principes de la Charte de l&rsquo;ONU\u00bb, lit-on dans le tweet.<\/p>\n<p>Le Conseil de s\u00e9curit\u00e9 de l&rsquo;ONU a tenu jeudi une s\u00e9ance sur le Sahara occidental, sous la pr\u00e9sidence de la R\u00e9publique dominicaine, via vid\u00e9oconf\u00e9rence en raison des mesures adopt\u00e9es par le Conseil contre l&rsquo;\u00e9pid\u00e9mie de COVID-19. Le Front Polisario a regrett\u00e9 que le Conseil de s\u00e9curit\u00e9 n\u2019ait pas envoy\u00e9 un signal clair concernant son soutien uni au processus de paix dirig\u00e9 par l\u2019ONU sur le Sahara occidental, et r\u00e9affirm\u00e9 que le droit du peuple sahraoui \u00e0 l&rsquo;autod\u00e9termination et \u00e0 l&rsquo;ind\u00e9pendance est inali\u00e9nable et non n\u00e9gociable.<\/p>\n<p>\u00abLe Front Polisario regrette profond\u00e9ment que le Conseil de s\u00e9curit\u00e9 de l\u2019ONU n\u2019ait pas envoy\u00e9 aujourd&rsquo;hui un signal clair concernant son soutien uni au processus de paix dirig\u00e9 par l\u2019ONU sur le Sahara occidental\u00bb, a-t-il r\u00e9agi dans un communiqu\u00e9. Il indique que \u00ables consultations d\u2019aujourd\u2019hui sur la Mission des Nations unies pour l\u2019organisation d\u2019un r\u00e9f\u00e9rendum au Sahara occidental (MINURSO) ont offert au Conseil une nouvelle occasion de soutenir fermement le droit international et de relancer le processus politique au point mort\u00bb. \u00abAu lieu de cela, le Conseil a opt\u00e9 pour l&rsquo;inaction et n&rsquo;a produit aucune action ni r\u00e9sultat concret\u00bb, a regrett\u00e9 le Front Polisario dans son texte, \u00e0 l&rsquo;issue de la s\u00e9ance du Conseil de s\u00e9curit\u00e9. Depuis la d\u00e9mission de l&rsquo;ancien envoy\u00e9 personnel du Secr\u00e9taire g\u00e9n\u00e9ral pour le Sahara occidental, Horst Kohler, en mai 2019, souligne le Polisario, le Conseil de s\u00e9curit\u00e9 \u00abn&rsquo;a rien fait pour r\u00e9activer\u00bb le processus de paix dirig\u00e9 par l&rsquo;ONU ou emp\u00eacher le Maroc de saboter le processus. \u00abAu contraire, le Conseil de s\u00e9curit\u00e9 est rest\u00e9 aux c\u00f4t\u00e9s du Maroc, puissance occupante du Sahara occidental, engag\u00e9 effront\u00e9ment dans une s\u00e9rie d&rsquo;actions d\u00e9stabilisatrices et provocatrices, y compris l&rsquo;ouverture ill\u00e9gale de soi-disant \u00abconsulats\u00bb par des entit\u00e9s \u00e9trang\u00e8res dans les territoires occup\u00e9s du Sahara occidental\u00bb, a-t-il soutenu.<\/p>\n<div readability=\"29.5\">\n<p><strong>Appel de Pierre Galand aux autorit\u00e9s belges<\/strong><\/p>\n<p><strong>Intervenir aupr\u00e8s du Maroc pour la lib\u00e9ration des prisonniers sahraouis\u00a0<\/strong><\/p>\n<div readability=\"46\">\n<p>Le pr\u00e9sident du Comit\u00e9 belge de soutien au peuple sahraoui, Pierre Galand, a appel\u00e9 les autorit\u00e9s de son pays pour intervenir aupr\u00e8s du Maroc pour la lib\u00e9ration des prisonniers politiques sahraouis,\u00a0 Pierre Galand, \u00e9galement pr\u00e9sident de la Conf\u00e9rence europ\u00e9enne de soutien et de solidarit\u00e9 avec le peuple sahraoui (EUCOCO), dans une lettre adress\u00e9e vendredi au ministre des Affaires \u00e9trang\u00e8res et de la D\u00e9fense du Royaume de Belgique, Philippe Goffin, a appel\u00e9 \u00e0 la lib\u00e9ration imm\u00e9diate des prisonniers politiques sahraouis d\u00e9tenus en prison marocaines.<\/p>\n<p>\u00abNous vous demandons, Monsieur le Ministre, d&rsquo;interc\u00e9der aupr\u00e8s des autorit\u00e9s marocaines pour lib\u00e9rer sans d\u00e9lai les prisonniers sahraouis\u00bb, a soulign\u00e9 M. Galand dans la lettre.\u00a0<\/p>\n<p>Il a d\u00e9clar\u00e9 que \u00abtous les gouvernements du monde se battaient contre la pand\u00e9mie de Covid-19 et a rappel\u00e9 que les prisons sont des lieux \u00e0 haut risque o\u00f9 les d\u00e9tenus sont s\u00e9rieusement expos\u00e9s \u00e0 la contamination\u00bb.<\/p>\n<p>Le pr\u00e9sident d&rsquo;EUCOCO a rappel\u00e9 au ministre belge des Affaires \u00e9trang\u00e8res le message de Michelle Bachelet, Haut-commissaire des Nations Unies aux droits de l&rsquo;Homme, qui a d\u00e9clar\u00e9 que les gouvernements devraient imm\u00e9diatement lib\u00e9rer tous les d\u00e9tenus sans base l\u00e9gale suffisante.\u00a0<\/p>\n<p><strong>Campagne pour sauver la vie des prisonniers politiques sahraouis\u00a0<\/strong><\/p>\n<p>Par ailleurs, l\u2019organisation Les filles de la Saguia Elhamra et du rio de Oro\u00a0 va mener une campagne pour la lib\u00e9ration imm\u00e9diate des prisonniers politiques sahraouis des prisons marocaines en pleine propagation de la pand\u00e9mie du COVID-19, a rapport\u00e9 samedi l&rsquo;agence de presse sahraouie (SPS).\u00a0<\/p>\n<p>L\u2019organisation f\u00e9minine a exprim\u00e9 sa profonde inqui\u00e9tude face \u00e0 la situation \u00e9pouvantable qui affecte les prisonniers politiques sahraouis d\u00e9tenus ill\u00e9galement au Maroc dans des prisons en pleine propagation de la pand\u00e9mie du COVID-19.\u00a0<\/p>\n<\/div>\n<\/div>\n<p>Auteur: elmoudjahid<br \/>\n<a href=\"http:\/\/www.elmoudjahid.com\/fr\/actualites\/151268\">Cliquez ici pour lire l&rsquo;article depuis sa source.<\/a><\/p>\n","protected":false},"excerpt":{"rendered":"<p>La mission russe aupr\u00e8s des Nations unies a soulign\u00e9, dans un tweet sur son compte officiel apr\u00e8s la r\u00e9union jeudi du Conseil de s\u00e9curit\u00e9 de l&rsquo;ONU sur le Sahara occidental, que toute solution \u00e0 ce conflit doit respecter le droit du peuple sahraoui \u00e0 l&rsquo;autod\u00e9termination et la Charte des Nations unies. La solution finale au [&hellip;]<\/p>\n","protected":false},"author":1744,"featured_media":0,"comment_status":"closed","ping_status":"closed","sticky":false,"template":"","format":"standard","meta":{"fifu_image_url":"","fifu_image_alt":"","footnotes":""},"categories":[73,53],"tags":[],"class_list":["post-81936","post","type-post","status-publish","format-standard","hentry","category-actualite","category-algerie"],"_links":{"self":[{"href":"https:\/\/linitiative.ca\/International\/wp-json\/wp\/v2\/posts\/81936","targetHints":{"allow":["GET"]}}],"collection":[{"href":"https:\/\/linitiative.ca\/International\/wp-json\/wp\/v2\/posts"}],"about":[{"href":"https:\/\/linitiative.ca\/International\/wp-json\/wp\/v2\/types\/post"}],"author":[{"embeddable":true,"href":"https:\/\/linitiative.ca\/International\/wp-json\/wp\/v2\/users\/1744"}],"replies":[{"embeddable":true,"href":"https:\/\/linitiative.ca\/International\/wp-json\/wp\/v2\/comments?post=81936"}],"version-history":[{"count":0,"href":"https:\/\/linitiative.ca\/International\/wp-json\/wp\/v2\/posts\/81936\/revisions"}],"wp:attachment":[{"href":"https:\/\/linitiative.ca\/International\/wp-json\/wp\/v2\/media?parent=81936"}],"wp:term":[{"taxonomy":"category","embeddable":true,"href":"https:\/\/linitiative.ca\/International\/wp-json\/wp\/v2\/categories?post=81936"},{"taxonomy":"post_tag","embeddable":true,"href":"https:\/\/linitiative.ca\/International\/wp-json\/wp\/v2\/tags?post=81936"}],"curies":[{"name":"wp","href":"https:\/\/api.w.org\/{rel}","templated":true}]}}