{"id":81939,"date":"2020-04-11T11:48:00","date_gmt":"2020-04-11T15:48:00","guid":{"rendered":"https:\/\/linitiative.ca\/International\/paiement-des-cotisations-sociales-les-commissaires-aux-comptes-demandent-une-suspension-temporaire\/"},"modified":"2020-04-11T11:48:00","modified_gmt":"2020-04-11T15:48:00","slug":"paiement-des-cotisations-sociales-les-commissaires-aux-comptes-demandent-une-suspension-temporaire","status":"publish","type":"post","link":"https:\/\/linitiative.ca\/International\/paiement-des-cotisations-sociales-les-commissaires-aux-comptes-demandent-une-suspension-temporaire\/","title":{"rendered":"PAIEMENT DES COTISATIONS SOCIALES : Les commissaires aux comptes demandent une suspension \u2018\u2019temporaire\u2019\u2019"},"content":{"rendered":"<p><br id=\"sep_para_1\" class=\"sep_para access\"\/><\/p>\n<div id=\"para_1\" class=\"para_36430082 resize\">\n<div class=\"texte access firstletter\">Dans une lettre sign\u00e9e par son pr\u00e9sident du conseil national et adress\u00e9e au ministre du travail, de l\u2019emploi et de la s\u00e9curit\u00e9 sociale et au directeur g\u00e9n\u00e9rale de la CNAS, la chambre nationale des commissaires aux comptes sollicite ces deux instances \u00e0 l\u2019effet de suspendre temporairement le paiement des cotisations sociales. La lettre indique que la chambre a envoy\u00e9 une demande sollicitant l\u2019accompagnement des employeurs par le report l\u00e9gal des d\u00e9clarations et la suspension temporaire du payement des cotisations patronales et ouvri\u00e8res compte tenu de la situation que traverse actuellement le pays. \u00ab Il est port\u00e9 \u00e0 la connaissance des commissaires aux comptes inscrits au tableau, qu\u2019une demande officielle vient d\u2019\u00eatre adress\u00e9e par le Conseil National de la Chambre, \u00e0 la direction g\u00e9n\u00e9rale de la CNAS et au Minist\u00e8re du Travail, de\u00a0 l\u2019Emploi et de la S\u00e9curit\u00e9 Sociale, sollicitant l\u2019accompagnement des employeurs par le report l\u00e9gal des d\u00e9clarations et la suspension temporaire du payement des cotisations sociales patronales et ouvri\u00e8res compte tenu de la situation que traverse actuellement le pays et le confinement g\u00e9n\u00e9ral des populations de toutes les wilayas. Nous renouvelons nos recommandations de respecter l\u2019ensemble des mesures et consignes des autorit\u00e9s sanitaires d\u00e9cid\u00e9es par le gouvernement et de prendre soins de vous-m\u00eames, de vos familles, de vos collaborateurs et de vos relations professionnelles. \u00ab Nous exprimons notre soutien \u00e0 tous les professionnels et en particulier \u00e0 ceux de la wilaya de Blida qui sont en confinement total depuis plusieurs semaines esp\u00e9rant que cette pand\u00e9mie sera \u00c9radiqu\u00e9e dans les meilleurs d\u00e9lais possibles. \u00bb<\/div>\n<\/div>\n<p>Auteur: Ismain<br \/>\n<a href=\"https:\/\/www.reflexiondz.net\/PAIEMENT-DES-COTISATIONS-SOCIALES-Les-commissaires-aux-comptes-demandent-une-suspension-temporaire_a61916.html\">Cliquez ici pour lire l&rsquo;article depuis sa source.<\/a><\/p>\n","protected":false},"excerpt":{"rendered":"<p>Dans une lettre sign\u00e9e par son pr\u00e9sident du conseil national et adress\u00e9e au ministre du travail, de l\u2019emploi et de la s\u00e9curit\u00e9 sociale et au directeur g\u00e9n\u00e9rale de la CNAS, la chambre nationale des commissaires aux comptes sollicite ces deux instances \u00e0 l\u2019effet de suspendre temporairement le paiement des cotisations sociales. La lettre indique que [&hellip;]<\/p>\n","protected":false},"author":1740,"featured_media":0,"comment_status":"closed","ping_status":"closed","sticky":false,"template":"","format":"standard","meta":{"fifu_image_url":"","fifu_image_alt":"","footnotes":""},"categories":[53,76],"tags":[],"class_list":["post-81939","post","type-post","status-publish","format-standard","hentry","category-algerie","category-regions"],"_links":{"self":[{"href":"https:\/\/linitiative.ca\/International\/wp-json\/wp\/v2\/posts\/81939","targetHints":{"allow":["GET"]}}],"collection":[{"href":"https:\/\/linitiative.ca\/International\/wp-json\/wp\/v2\/posts"}],"about":[{"href":"https:\/\/linitiative.ca\/International\/wp-json\/wp\/v2\/types\/post"}],"author":[{"embeddable":true,"href":"https:\/\/linitiative.ca\/International\/wp-json\/wp\/v2\/users\/1740"}],"replies":[{"embeddable":true,"href":"https:\/\/linitiative.ca\/International\/wp-json\/wp\/v2\/comments?post=81939"}],"version-history":[{"count":0,"href":"https:\/\/linitiative.ca\/International\/wp-json\/wp\/v2\/posts\/81939\/revisions"}],"wp:attachment":[{"href":"https:\/\/linitiative.ca\/International\/wp-json\/wp\/v2\/media?parent=81939"}],"wp:term":[{"taxonomy":"category","embeddable":true,"href":"https:\/\/linitiative.ca\/International\/wp-json\/wp\/v2\/categories?post=81939"},{"taxonomy":"post_tag","embeddable":true,"href":"https:\/\/linitiative.ca\/International\/wp-json\/wp\/v2\/tags?post=81939"}],"curies":[{"name":"wp","href":"https:\/\/api.w.org\/{rel}","templated":true}]}}