{"id":81940,"date":"2020-04-11T11:48:00","date_gmt":"2020-04-11T15:48:00","guid":{"rendered":"https:\/\/linitiative.ca\/International\/presidence-de-la-republique-creation-de-commissions-chargees-de-preparer-lapres-covid-19\/"},"modified":"2020-04-11T11:48:00","modified_gmt":"2020-04-11T15:48:00","slug":"presidence-de-la-republique-creation-de-commissions-chargees-de-preparer-lapres-covid-19","status":"publish","type":"post","link":"https:\/\/linitiative.ca\/International\/presidence-de-la-republique-creation-de-commissions-chargees-de-preparer-lapres-covid-19\/","title":{"rendered":"PRESIDENCE DE LA REPUBLIQUE : Cr\u00e9ation de commissions charg\u00e9es de pr\u00e9parer l\u2019apr\u00e8s Covid-19"},"content":{"rendered":"<p><br id=\"sep_para_1\" class=\"sep_para access\"\/><\/p>\n<div id=\"para_1\" class=\"para_36430057 resize\">\n<div class=\"photo shadow left\"><a href=\"javascript:void(0)\" rel=\"https:\/\/www.reflexiondz.net\/photo\/art\/grande\/44717832-36430057.jpg?v=1586623461&amp;ibox\" title=\"PRESIDENCE DE LA REPUBLIQUE : Cr\u00e9ation de commissions charg\u00e9es de pr\u00e9parer l\u2019apr\u00e8s Covid-19\"><img decoding=\"async\" class=\"responsive c9\" src=\"https:\/\/www.reflexiondz.net\/photo\/art\/grande\/44717832-36430057.jpg?v=1586623461\" alt=\"PRESIDENCE DE LA REPUBLIQUE : Cr\u00e9ation de commissions charg\u00e9es de pr\u00e9parer l\u2019apr\u00e8s Covid-19\" title=\"PRESIDENCE DE LA REPUBLIQUE : Cr\u00e9ation de commissions charg\u00e9es de pr\u00e9parer l\u2019apr\u00e8s Covid-19\"\/><img decoding=\"async\" class=\"not-responsive\" src=\"https:\/\/www.reflexiondz.net\/photo\/art\/default\/44717832-36430057.jpg?v=1586623462\" alt=\"PRESIDENCE DE LA REPUBLIQUE : Cr\u00e9ation de commissions charg\u00e9es de pr\u00e9parer l\u2019apr\u00e8s Covid-19\" title=\"PRESIDENCE DE LA REPUBLIQUE : Cr\u00e9ation de commissions charg\u00e9es de pr\u00e9parer l\u2019apr\u00e8s Covid-19\"\/><\/a><\/div>\n<div class=\"texte access firstletter\">vEn effet,\u00a0 M. Bela\u00efd a indiqu\u00e9 que \u00ab l\u2019Alg\u00e9rie n\u2019a pas tard\u00e9 \u00e0 faire face \u00e0 la pand\u00e9mie du nouveau Coronavirus, mais a \u00e9t\u00e9 l\u2019un des premiers pays \u00e0 prendre des pr\u00e9cautions pour y faire face \u00bb, rappelant que \u00ab cette pand\u00e9mie qui est apparue en Chine le 8 d\u00e9cembre 2019 n\u2019a suscit\u00e9 l\u2019inqui\u00e9tude du monde que dans la seconde moiti\u00e9 de janvier 2020, y compris en Alg\u00e9rie, qui a b\u00e9n\u00e9fici\u00e9 des exp\u00e9riences d\u2019autres pays \u00bb.\u00a0 Concernant l\u2019impact de la pand\u00e9mie de Coronavirus sur l\u2019\u00e9conomie mondiale et ses r\u00e9percussions sur l\u2019\u00e9conomie nationale, M. Bela\u00efd a estim\u00e9 que le monde apr\u00e8s Coronavirus conna\u00eetrait plusieurs mutations et changements dans l\u2019\u00e9quilibre g\u00e9opolitique outre l\u2019entr\u00e9e dans une p\u00e9riode de stagnation \u00e9conomique pendant un certain temps \u00bb, expliquant que cette situation \u00ab n\u2019aura pas d\u2019impact majeur sur l\u2019\u00e9conomie nationale au cours de cette ann\u00e9e si les prix du p\u00e9trole continuent de remonter. \u00ab\u00a0 Dans ce cadre, il a annonc\u00e9 que le Pr\u00e9sident Tebboune avait ordonn\u00e9 la cr\u00e9ation de commissions sp\u00e9cialis\u00e9es compos\u00e9es d\u2019universitaires et d\u2019experts, dont la mission est d\u2019examiner la situation \u00e9conomique et la prospection pour la post-pand\u00e9mie de Covid-19\u2033, ajoutant nous nous pr\u00e9parons pour la post-pand\u00e9mie et il y a un plan pour construire l\u2019\u00e9conomie nationale sur la base du d\u00e9veloppement durable et de la rationalisation de la consommation \u00e9nerg\u00e9tique.<\/div>\n<\/div>\n<p>Auteur: Ismain<br \/>\n<a href=\"https:\/\/www.reflexiondz.net\/PRESIDENCE-DE-LA-REPUBLIQUE-Creation-de-commissions-chargees-de-preparer-l-apres-Covid-19_a61912.html\">Cliquez ici pour lire l&rsquo;article depuis sa source.<\/a><\/p>\n","protected":false},"excerpt":{"rendered":"<p>vEn effet,\u00a0 M. Bela\u00efd a indiqu\u00e9 que \u00ab l\u2019Alg\u00e9rie n\u2019a pas tard\u00e9 \u00e0 faire face \u00e0 la pand\u00e9mie du nouveau Coronavirus, mais a \u00e9t\u00e9 l\u2019un des premiers pays \u00e0 prendre des pr\u00e9cautions pour y faire face \u00bb, rappelant que \u00ab cette pand\u00e9mie qui est apparue en Chine le 8 d\u00e9cembre 2019 n\u2019a suscit\u00e9 l\u2019inqui\u00e9tude du [&hellip;]<\/p>\n","protected":false},"author":1740,"featured_media":0,"comment_status":"closed","ping_status":"closed","sticky":false,"template":"","format":"standard","meta":{"fifu_image_url":"","fifu_image_alt":"","footnotes":""},"categories":[53,76],"tags":[],"class_list":["post-81940","post","type-post","status-publish","format-standard","hentry","category-algerie","category-regions"],"_links":{"self":[{"href":"https:\/\/linitiative.ca\/International\/wp-json\/wp\/v2\/posts\/81940","targetHints":{"allow":["GET"]}}],"collection":[{"href":"https:\/\/linitiative.ca\/International\/wp-json\/wp\/v2\/posts"}],"about":[{"href":"https:\/\/linitiative.ca\/International\/wp-json\/wp\/v2\/types\/post"}],"author":[{"embeddable":true,"href":"https:\/\/linitiative.ca\/International\/wp-json\/wp\/v2\/users\/1740"}],"replies":[{"embeddable":true,"href":"https:\/\/linitiative.ca\/International\/wp-json\/wp\/v2\/comments?post=81940"}],"version-history":[{"count":0,"href":"https:\/\/linitiative.ca\/International\/wp-json\/wp\/v2\/posts\/81940\/revisions"}],"wp:attachment":[{"href":"https:\/\/linitiative.ca\/International\/wp-json\/wp\/v2\/media?parent=81940"}],"wp:term":[{"taxonomy":"category","embeddable":true,"href":"https:\/\/linitiative.ca\/International\/wp-json\/wp\/v2\/categories?post=81940"},{"taxonomy":"post_tag","embeddable":true,"href":"https:\/\/linitiative.ca\/International\/wp-json\/wp\/v2\/tags?post=81940"}],"curies":[{"name":"wp","href":"https:\/\/api.w.org\/{rel}","templated":true}]}}