{"id":81941,"date":"2020-04-11T11:48:00","date_gmt":"2020-04-11T15:48:00","guid":{"rendered":"https:\/\/linitiative.ca\/International\/le-coronavirus-pourrait-se-reactiver-chez-des-patients-gueris\/"},"modified":"2020-04-11T11:48:00","modified_gmt":"2020-04-11T15:48:00","slug":"le-coronavirus-pourrait-se-reactiver-chez-des-patients-gueris","status":"publish","type":"post","link":"https:\/\/linitiative.ca\/International\/le-coronavirus-pourrait-se-reactiver-chez-des-patients-gueris\/","title":{"rendered":"Le coronavirus pourrait se r\u00e9activer chez des patients gu\u00e9ris"},"content":{"rendered":"<p><br id=\"sep_para_1\" class=\"sep_para access\"\/><\/p>\n<div id=\"para_1\" class=\"para_36430039 resize\">\n<div class=\"texte access firstletter\">Des recherches r\u00e9alis\u00e9es en Cor\u00e9e du Sud montrent que le coronavirus se serait r\u00e9activ\u00e9 sur des patients qui \u00e9taient pourtant consid\u00e9r\u00e9s comme gu\u00e9ris. Le Covid-19 est un virus encore peu connu qui livre chaque jour de nouvelles informations. Alors que les scientifiques estiment qu\u2019un malade, une fois soign\u00e9, est immunis\u00e9 pendant une p\u00e9riode encore inconnue, la Cor\u00e9e du Sud aurait d\u00e9couvert que le virus pourrait se r\u00e9activer dans l\u2019organisme. Le Centre cor\u00e9en de contr\u00f4le et de pr\u00e9vention des maladies a fait savoir cette semaine que 51 patients qui avaient \u00e9t\u00e9 consid\u00e9r\u00e9s comme gu\u00e9ris ont de nouveau \u00e9t\u00e9 test\u00e9s positifs. S\u2019il est peu probable que les personnes en question aient \u00e9t\u00e9 r\u00e9infect\u00e9es, elles auraient en fait vu le virus ressurgir dans leur organisme. Des cas semblables mais rares avaient \u00e9t\u00e9 d\u00e9clar\u00e9s en Chine, l\u00e0 o\u00f9 la pand\u00e9mie a d\u00e9but\u00e9. Jeong Eun-kyeong, directrice g\u00e9n\u00e9rale Centre cor\u00e9en de contr\u00f4le et de pr\u00e9vention des maladies a cependant pr\u00e9cis\u00e9 qu\u2019il n\u2019\u00e9tait pas rare que des patients soient test\u00e9s positifs ou n\u00e9gatifs d\u2019un jour \u00e0 l\u2019autre, durant son traitement. Elle a annonc\u00e9 une \u00e9tude \u00e9pid\u00e9miologique afin d\u2019\u00e9claircir cette question.David Kelvin, professeur de microbiologie et d&rsquo;immunologie \u00e0 l&rsquo;Universit\u00e9 Dalhousie, a d\u00e9clar\u00e9 \u00e0 Global News que la r\u00e9infection est \u00abpeu probable\u00bb et qu&rsquo;il pourrait y avoir plusieurs explications possibles aux nouveaux cas, y compris que l&rsquo;individu n&rsquo;a jamais compl\u00e8tement \u00e9limin\u00e9 l&rsquo;infection ou l&rsquo;utilisation de kits de test d\u00e9fectueux. Anthony Fauci, directeur de l&rsquo;Institut national am\u00e9ricain des allergies et des maladies infectieuses, a d\u00e9clar\u00e9 au \u00abJournal of the American Medical Association\u00bb cette semaine qu&rsquo;une r\u00e9infection \u00e9tait peu probable. Celui qui appara\u00eet chaque soir aux c\u00f4t\u00e9s de Donald Trump pour faire un point sur la pand\u00e9mie a expliqu\u00e9 : \u00abSi une personne est infect\u00e9e par le coronavirus A, puis est r\u00e9infect\u00e9e avec un coronavirus, il peut s&rsquo;agir du coronavirus B. Mais pour l&rsquo;instant, nous ne pensons pas que cela mute au point d&rsquo;\u00eatre tr\u00e8s diff\u00e9rent.\u00bb<\/div>\n<\/div>\n<p>Auteur: R\u00e9flexion<br \/>\n<a href=\"https:\/\/www.reflexiondz.net\/Le-coronavirus-pourrait-se-reactiver-chez-des-patients-gueris_a61909.html\">Cliquez ici pour lire l&rsquo;article depuis sa source.<\/a><\/p>\n","protected":false},"excerpt":{"rendered":"<p>Des recherches r\u00e9alis\u00e9es en Cor\u00e9e du Sud montrent que le coronavirus se serait r\u00e9activ\u00e9 sur des patients qui \u00e9taient pourtant consid\u00e9r\u00e9s comme gu\u00e9ris. Le Covid-19 est un virus encore peu connu qui livre chaque jour de nouvelles informations. Alors que les scientifiques estiment qu\u2019un malade, une fois soign\u00e9, est immunis\u00e9 pendant une p\u00e9riode encore inconnue, [&hellip;]<\/p>\n","protected":false},"author":1740,"featured_media":0,"comment_status":"closed","ping_status":"closed","sticky":false,"template":"","format":"standard","meta":{"fifu_image_url":"","fifu_image_alt":"","footnotes":""},"categories":[53,76],"tags":[],"class_list":["post-81941","post","type-post","status-publish","format-standard","hentry","category-algerie","category-regions"],"_links":{"self":[{"href":"https:\/\/linitiative.ca\/International\/wp-json\/wp\/v2\/posts\/81941","targetHints":{"allow":["GET"]}}],"collection":[{"href":"https:\/\/linitiative.ca\/International\/wp-json\/wp\/v2\/posts"}],"about":[{"href":"https:\/\/linitiative.ca\/International\/wp-json\/wp\/v2\/types\/post"}],"author":[{"embeddable":true,"href":"https:\/\/linitiative.ca\/International\/wp-json\/wp\/v2\/users\/1740"}],"replies":[{"embeddable":true,"href":"https:\/\/linitiative.ca\/International\/wp-json\/wp\/v2\/comments?post=81941"}],"version-history":[{"count":0,"href":"https:\/\/linitiative.ca\/International\/wp-json\/wp\/v2\/posts\/81941\/revisions"}],"wp:attachment":[{"href":"https:\/\/linitiative.ca\/International\/wp-json\/wp\/v2\/media?parent=81941"}],"wp:term":[{"taxonomy":"category","embeddable":true,"href":"https:\/\/linitiative.ca\/International\/wp-json\/wp\/v2\/categories?post=81941"},{"taxonomy":"post_tag","embeddable":true,"href":"https:\/\/linitiative.ca\/International\/wp-json\/wp\/v2\/tags?post=81941"}],"curies":[{"name":"wp","href":"https:\/\/api.w.org\/{rel}","templated":true}]}}