{"id":81944,"date":"2020-04-10T18:58:15","date_gmt":"2020-04-10T22:58:15","guid":{"rendered":"https:\/\/linitiative.ca\/International\/lancien-journaliste-mohamed-baghdadi-succombe-au-covid-19\/"},"modified":"2020-04-10T18:58:15","modified_gmt":"2020-04-10T22:58:15","slug":"lancien-journaliste-mohamed-baghdadi-succombe-au-covid-19","status":"publish","type":"post","link":"https:\/\/linitiative.ca\/International\/lancien-journaliste-mohamed-baghdadi-succombe-au-covid-19\/","title":{"rendered":"L&rsquo;ancien journaliste Mohamed Baghdadi succombe au Covid-19"},"content":{"rendered":"<p><strong>L\u2019ancien journaliste au quotidien \u00ab\u00a0El Moudjahid\u00a0\u00bb, Mohamed Baghdadi est d\u00e9c\u00e9d\u00e9 mercredi soir \u00e0 Blida \u00e0 l\u2019\u00e2ge de 79 ans des suites du nouveau coronavirus (Covid-19), a annonc\u00e9 jeudi sa famille.<\/strong><\/p>\n<p>Actif dans plusieurs domaines, notamment la peinture et le th\u00e9\u00e2tre, le d\u00e9funt \u00e9tait aussi journaliste au quotidien \u00ab\u00a0El Moudjahid\u00a0\u00bb o\u00f9 il a \u00e9t\u00e9 \u00e0 la t\u00eate de la r\u00e9daction culturelle de 1970 \u00e0 1990, avant de prendre sa retraite.<\/p>\n<p>N\u00e9 en 1941, Mohamed Baghdadi, a entam\u00e9 son parcours en 1967 avec une premi\u00e8re exposition de ses tableaux. Ensuite, il a suivi une formation en th\u00e9\u00e2tre et particip\u00e9 \u00e0 plusieurs feuilletons alg\u00e9riens, tout en contribuant \u00e0 l\u2019\u00e9criture des sc\u00e9narios.<\/p>\n<p>Suite \u00e0 cette triste nouvelle, le ministre de la Communication, porte-parole du Gouvernement, Amar Belhimer a adress\u00e9 avant-hier, ses condol\u00e9ances \u00ab\u00a0les plus pein\u00e9es \u00a0\u00bb \u00e0 la famille de l\u2019ancien journaliste.<\/p>\n<blockquote readability=\"12\">\n<p><em><strong><span class=\"c5\">\u00ab\u00a0En cette douloureuse circonstance, le ministre de la Communication, porte-parole du Gouvernement, ainsi que l\u2019ensemble des cadres et des personnels du secteur adressent leurs condol\u00e9ances les plus attrist\u00e9es \u00e0 la famille du d\u00e9funt\u00a0\u00bb, a-t-il \u00e9crit dans un message \u00e0 la famille de feu Mohamed Baghdadi.<\/span><\/strong><\/em><\/p>\n<\/blockquote>\n<p>\u00ab\u00a0L\u2019Alg\u00e9rie perd en la personne de Mohamed Baghdadi une figure \u00e9m\u00e9rite de la presse nationale et du monde artistique\u00a0\u00bb, a-t-il affirm\u00e9, soulignant que le d\u00e9funt avait contribu\u00e9 \u00ab\u00a0tant avec sa plume qu\u2019\u00e0 l\u2019aide de sa palette, \u00e0 dessiner les plus belles pages du quotidien El Moudjahid des ann\u00e9es durant\u00a0\u00bb.<\/p>\n<blockquote readability=\"7\">\n<p><em><strong><span class=\"c5\">\u00ab\u00a0La Bonhomie et les comp\u00e9tences professionnelles du d\u00e9funt faisaient l\u2019unanimit\u00e9 tant au sein des r\u00e9dactions que sur la sc\u00e8ne de l\u2019art\u00a0\u00bb, a-t-il ajout\u00e9.<\/span><\/strong><\/em><\/p>\n<\/blockquote>\n<p>Actif dans plusieurs domaines, notamment la peinture et le th\u00e9\u00e2tre, le d\u00e9funt a exerc\u00e9 aussi en tant que journaliste au quotidien \u00ab\u00a0El Moudjahid\u00a0\u00bb o\u00f9 il a \u00e9t\u00e9 \u00e0 la t\u00eate de la r\u00e9daction culturelle de 1970 \u00e0 1990, avant de prendre sa retraite.<\/p>\n<p>Ainsi, la famille de la presse vit ses moments les plus tristes \u00e0 l\u2019\u00e8re du coronavirus, apr\u00e8s la perte de deux de ses membres le jour m\u00eame, de la m\u00eame \u00e9pid\u00e9mie l\u2019ancien journaliste Mohamed Beghdadi et le jeune photographe Firas Zaghez.<\/p>\n<p>Auteur: Boudjedri<br \/>\n<a href=\"http:\/\/www.jeune-independant.net\/L-ancien-journaliste-Mohamed.html\">Cliquez ici pour lire l&rsquo;article depuis sa source.<\/a><\/p>\n","protected":false},"excerpt":{"rendered":"<p>L\u2019ancien journaliste au quotidien \u00ab\u00a0El Moudjahid\u00a0\u00bb, Mohamed Baghdadi est d\u00e9c\u00e9d\u00e9 mercredi soir \u00e0 Blida \u00e0 l\u2019\u00e2ge de 79 ans des suites du nouveau coronavirus (Covid-19), a annonc\u00e9 jeudi sa famille. Actif dans plusieurs domaines, notamment la peinture et le th\u00e9\u00e2tre, le d\u00e9funt \u00e9tait aussi journaliste au quotidien \u00ab\u00a0El Moudjahid\u00a0\u00bb o\u00f9 il a \u00e9t\u00e9 \u00e0 la [&hellip;]<\/p>\n","protected":false},"author":1737,"featured_media":0,"comment_status":"closed","ping_status":"closed","sticky":false,"template":"","format":"standard","meta":{"fifu_image_url":"","fifu_image_alt":"","footnotes":""},"categories":[73,53],"tags":[],"class_list":["post-81944","post","type-post","status-publish","format-standard","hentry","category-actualite","category-algerie"],"_links":{"self":[{"href":"https:\/\/linitiative.ca\/International\/wp-json\/wp\/v2\/posts\/81944","targetHints":{"allow":["GET"]}}],"collection":[{"href":"https:\/\/linitiative.ca\/International\/wp-json\/wp\/v2\/posts"}],"about":[{"href":"https:\/\/linitiative.ca\/International\/wp-json\/wp\/v2\/types\/post"}],"author":[{"embeddable":true,"href":"https:\/\/linitiative.ca\/International\/wp-json\/wp\/v2\/users\/1737"}],"replies":[{"embeddable":true,"href":"https:\/\/linitiative.ca\/International\/wp-json\/wp\/v2\/comments?post=81944"}],"version-history":[{"count":0,"href":"https:\/\/linitiative.ca\/International\/wp-json\/wp\/v2\/posts\/81944\/revisions"}],"wp:attachment":[{"href":"https:\/\/linitiative.ca\/International\/wp-json\/wp\/v2\/media?parent=81944"}],"wp:term":[{"taxonomy":"category","embeddable":true,"href":"https:\/\/linitiative.ca\/International\/wp-json\/wp\/v2\/categories?post=81944"},{"taxonomy":"post_tag","embeddable":true,"href":"https:\/\/linitiative.ca\/International\/wp-json\/wp\/v2\/tags?post=81944"}],"curies":[{"name":"wp","href":"https:\/\/api.w.org\/{rel}","templated":true}]}}