{"id":81952,"date":"2020-04-11T02:13:19","date_gmt":"2020-04-11T06:13:19","guid":{"rendered":"https:\/\/linitiative.ca\/International\/belaid-mohand-oussaid-porte-parole-de-la-presidence-lalgerie-na-pas-tarde-a-affronter-le-coronavirus\/"},"modified":"2020-04-11T02:13:19","modified_gmt":"2020-04-11T06:13:19","slug":"belaid-mohand-oussaid-porte-parole-de-la-presidence-lalgerie-na-pas-tarde-a-affronter-le-coronavirus","status":"publish","type":"post","link":"https:\/\/linitiative.ca\/International\/belaid-mohand-oussaid-porte-parole-de-la-presidence-lalgerie-na-pas-tarde-a-affronter-le-coronavirus\/","title":{"rendered":"Bela\u00efd Mohand Oussa\u00efd, porte-parole de la Pr\u00e9sidence : \u00abL\u2019Alg\u00e9rie n\u2019a pas tard\u00e9 \u00e0 affronter le coronavirus\u00bb"},"content":{"rendered":"<h4 class=\"title-14\"\/>\n<div class=\"featured_image\"><img loading=\"lazy\" decoding=\"async\" width=\"700\" height=\"350\" src=\"https:\/\/linitiative.ca\/International\/wp-content\/uploads\/sites\/23\/2020\/04\/said-col.jpg\" class=\"attachment-post-thumbnail size-post-thumbnail wp-post-image\" alt=\"\" srcset=\"https:\/\/linitiative.ca\/International\/wp-content\/uploads\/sites\/23\/2020\/04\/said-col.jpg 700w, https:\/\/www.elwatan.com\/wp-content\/uploads\/2020\/04\/said-col-300x150.jpg 300w\" sizes=\"auto, (max-width: 700px) 100vw, 700px\"\/><\/div>\n<p class=\"p4\"><span class=\"s3\"><strong>L<\/strong><\/span><span class=\"s4\">e ministre conseiller \u00e0 la Communication, porte-parole officiel de la pr\u00e9sidence de la R\u00e9publique, Bela\u00efd Mohand Oussa\u00efd, a affirm\u00e9, jeudi soir, que l\u2019Alg\u00e9rie <em>\u00abn\u2019a pas tard\u00e9 \u00e0 affronter le coronavirus\u00bb<\/em>, r\u00e9v\u00e9lant que le pr\u00e9sident de la R\u00e9publique, Abdelmadjid Tebboune, avait ordonn\u00e9 la cr\u00e9ation de commissions charg\u00e9es d\u2019examiner et de pr\u00e9parer l\u2019apr\u00e8s-Covid-19.<\/span><\/p>\n<p class=\"p4\"><span class=\"s4\">Invit\u00e9 de l\u2019\u00e9mission bimensuelle \u00abA c\u0153ur ouvert<em>\u00bb<\/em> (Bi Qualb Meftouh) diffus\u00e9e sur la T\u00e9l\u00e9vision publique (EPTV), M. Bela\u00efd a indiqu\u00e9 que <em>\u00abl\u2019Alg\u00e9rie n\u2019a pas tard\u00e9 \u00e0 faire face \u00e0 la pand\u00e9mie du nouveau coronavirus, elle a \u00e9t\u00e9 l\u2019un des premiers pays \u00e0 prendre des pr\u00e9cautions pour y faire face\u00bb<\/em>, rappelant que <em>\u00abcette pand\u00e9mie, qui est apparue en Chine le 8\u00a0d\u00e9cembre 2019, n\u2019a suscit\u00e9 l\u2019inqui\u00e9tude du monde que dans la seconde moiti\u00e9 de janvier 2020, y compris en Alg\u00e9rie, qui a b\u00e9n\u00e9fici\u00e9 des exp\u00e9riences d\u2019autres pays\u00bb.<\/em><\/span><\/p>\n<p class=\"p4\"><span class=\"s4\">Apr\u00e8s avoir soulign\u00e9 les efforts de l\u2019Etat dans la lutte contre la pand\u00e9mie d\u00e8s le d\u00e9but, <em>\u00aben rendant public, le 14 janvier, un communiqu\u00e9 appelant \u00e0 la vigilance et la prudence, puis la tenue, sous la pr\u00e9sidence du chef de l\u2019Etat, de deux r\u00e9unions du Conseil des ministres et deux autres du Haut-Conseil de s\u00e9curit\u00e9 en mars dernier\u00bb<\/em>, le ministre a d\u00e9clar\u00e9\u00a0: <em>\u00abOn ne devrait pas \u00eatre injuste \u00e0 l\u2019\u00e9gard des autres\u00bb<\/em> ni d\u00e9pr\u00e9cier ces efforts.<\/span><\/p>\n<p class=\"p4\"><span class=\"s4\">Le porte-parole officiel de la Pr\u00e9sidence a qualifi\u00e9 la situation de <em>\u00abdifficile\u00bb,<\/em> faisant savoir que <em>\u00able pr\u00e9sident Tebboune la suit quotidiennement et est conscient du poids de la responsabilit\u00e9\u00bb,<\/em> relevant qu\u2019aucun pays au monde ne ma\u00eetrise la situation \u00e0 100%, car la pand\u00e9mie a d\u00e9montr\u00e9 l\u2019incapacit\u00e9 de l\u2019homme et celle des plus importants laboratoires vu la nouveaut\u00e9 du virus et la confusion qu\u2019il a occasionn\u00e9e au d\u00e9but.<\/span><\/p>\n<p class=\"p4\"><span class=\"s4\">Concernant l\u2019impact de la pand\u00e9mie de coronavirus sur l\u2019\u00e9conomie mondiale et ses r\u00e9percussions sur l\u2019\u00e9conomie nationale, M. Bela\u00efd a estim\u00e9 que <em>\u00able monde apr\u00e8s le coronavirus conna\u00eetra plusieurs mutations et changements dans l\u2019\u00e9quilibre g\u00e9opolitique, outre l\u2019entr\u00e9e dans une p\u00e9riode de stagnation \u00e9conomique pendant un certain temps\u00bb,<\/em> expliquant que cette situation <em>\u00abn\u2019aura pas d\u2019impact majeur sur l\u2019\u00e9conomie nationale au cours de cette ann\u00e9e, si les prix du p\u00e9trole continuent de remonter\u00bb.<\/em><\/span><\/p>\n<p class=\"p4\"><span class=\"s4\">Dans ce cadre, il a annonc\u00e9 que le pr\u00e9sident Tebboune avait ordonn\u00e9 la cr\u00e9ation de commissions sp\u00e9cialis\u00e9es compos\u00e9es d\u2019universitaires et d\u2019experts, dont la mission est d\u2019examiner la situation \u00e9conomique pour la post-pand\u00e9mie de Covid-19, ajoutant\u00a0: <em>\u00abNous nous pr\u00e9parons pour la post-pand\u00e9mie et il y a un plan pour construire l\u2019\u00e9conomie nationale sur la base du d\u00e9veloppement durable et de la rationalisation de la consommation \u00e9nerg\u00e9tique.\u00bb<\/em><\/span><\/p>\n<p class=\"p4\"><span class=\"s4\">Appelant, \u00e0 cet \u00e9gard, \u00e0 profiter de cette crise <em>\u00abpour faire exploser les \u00e9nergies\u00bb<\/em> en s\u2019appuyant sur le <em>\u00abg\u00e9nie du peuple alg\u00e9rien qui sait lib\u00e9rer son potentiel en temps de crise\u00bb<\/em>, le ministre a mis en avant le r\u00f4le primordial des m\u00e9dias dans cette phase en vue d\u2019accompagner ces \u00e9nergies et les orienter vers l\u2019\u00e9dification de l\u2019Etat et non pas en brossant un tableau noir de la situation.<\/span><\/p>\n<p class=\"p4\"><span class=\"s4\">Le porte-parole officiel de la pr\u00e9sidence de la R\u00e9publique a soulign\u00e9, par la m\u00eame, la n\u00e9cessit\u00e9, pour les m\u00e9dias, de s\u2019adapter \u00e0 la nouvelle donne et de changer la mentalit\u00e9 consistant \u00e0 rechercher le scoop et le sensationnel aux d\u00e9pens des malheurs des citoyens, qualifiant cette situation d\u2019<em>\u00abinacceptable\u00bb<\/em>.<\/span><\/p>\n<p class=\"p4\"><span class=\"s4\">Il a critiqu\u00e9 certains m\u00e9dias qui versent dans <em>\u00abla dramatisation et l\u2019exag\u00e9ration au point de minimiser les efforts fournis par l\u2019Etat et les personnels de sant\u00e9, au moment o\u00f9 on est en situation de guerre psychologique\u00bb<\/em>, d\u00e9clarant \u00e0 ce propos\u00a0: <em>\u00abIl est vrai que nous avons des lacunes, qui n\u2019ont point pour origine le laxisme de l\u2019Etat, il s\u2019agit d\u2019une nouvelle pand\u00e9mie.\u00bb<\/em><\/span><\/p>\n<p class=\"p4\"><span class=\"s4\">R\u00e9pondant \u00e0 certaines voix qui \u00e9voquent <em>\u00abdes pressions sur les journalistes\u00bb,<\/em> M. Bela\u00efd a soulign\u00e9 que <em>\u00abla libert\u00e9 d\u2019expression est pr\u00e9serv\u00e9e par la Constitution tant qu\u2019elle est respectueuse des lois. Une fois sortie de ce cadre, elle est du ressort de la justice\u00bb<\/em>. <em>\u00abLa libert\u00e9 de la presse est un moyen pour construire la soci\u00e9t\u00e9 et non pas pour attenter aux fondements de l\u2019Etat\u00bb<\/em>, a-t-il dit.<\/span><\/p>\n<p class=\"p4\"><span class=\"s4\">R\u00e9it\u00e9rant la n\u00e9cessit\u00e9 de faire preuve de responsabilit\u00e9 dans l\u2019exercice de la libert\u00e9, il a qualifi\u00e9 d\u2019\u00ab<em>irrationnels\u00bb<\/em> les appels lanc\u00e9s pour faire sortir les citoyens dans la rue en pleine propagation de la pand\u00e9mie de Covid-19 au nom de la libert\u00e9 et de la d\u00e9mocratie.<\/span><\/p>\n<p class=\"p4\"><span class=\"s4\">Par ailleurs, le porte-parole officiel de la pr\u00e9sidence de la R\u00e9publique est revenu sur l\u2019<em>\u00abattaque\u00bb<\/em> ciblant l\u2019Alg\u00e9rie lanc\u00e9e par des <em>\u00abparties qui usent de tous les moyens pour s\u2019attaquer \u00e0 l\u2019Alg\u00e9rie en abordant, dans un pass\u00e9 r\u00e9cent le hirak populaire, la crise du Covid-19 actuellement et bien d\u2019autres choses \u00e0 l\u2019avenir\u00bb<\/em>, affirmant l\u2019existence de <em>\u00ablaboratoires \u00e9trangers ayant des comptes \u00e0 r\u00e9gler avec l\u2019Alg\u00e9rie, qui distillent de fausses informations\u00bb<\/em> sur les r\u00e9seaux sociaux. <span class=\"Apple-converted-space\">\u00a0 \u00a0 \u00a0\u00a0<\/span><\/span><\/p>\n<p><span class=\"post-views-label\">Post Views:<\/span> <span class=\"post-views-count\">3\u00a0081<\/span><\/p>\n<p><br class=\"c2\"\/><br class=\"c5\"\/><\/p>\n<p>Auteur: Anis Khecheba<br \/>\n<a href=\"https:\/\/www.elwatan.com\/edition\/actualite\/lalgerie-na-pas-tarde-a-affronter-le-coronavirus-11-04-2020\">Cliquez ici pour lire l&rsquo;article depuis sa source.<\/a><\/p>\n","protected":false},"excerpt":{"rendered":"<p>Le ministre conseiller \u00e0 la Communication, porte-parole officiel de la pr\u00e9sidence de la R\u00e9publique, Bela\u00efd Mohand Oussa\u00efd, a affirm\u00e9, jeudi soir, que l\u2019Alg\u00e9rie \u00abn\u2019a pas tard\u00e9 \u00e0 affronter le coronavirus\u00bb, r\u00e9v\u00e9lant que le pr\u00e9sident de la R\u00e9publique, Abdelmadjid Tebboune, avait ordonn\u00e9 la cr\u00e9ation de commissions charg\u00e9es d\u2019examiner et de pr\u00e9parer l\u2019apr\u00e8s-Covid-19. Invit\u00e9 de l\u2019\u00e9mission bimensuelle [&hellip;]<\/p>\n","protected":false},"author":1743,"featured_media":81953,"comment_status":"closed","ping_status":"closed","sticky":false,"template":"","format":"standard","meta":{"fifu_image_url":"","fifu_image_alt":"","footnotes":""},"categories":[73,53],"tags":[],"class_list":["post-81952","post","type-post","status-publish","format-standard","has-post-thumbnail","hentry","category-actualite","category-algerie"],"_links":{"self":[{"href":"https:\/\/linitiative.ca\/International\/wp-json\/wp\/v2\/posts\/81952","targetHints":{"allow":["GET"]}}],"collection":[{"href":"https:\/\/linitiative.ca\/International\/wp-json\/wp\/v2\/posts"}],"about":[{"href":"https:\/\/linitiative.ca\/International\/wp-json\/wp\/v2\/types\/post"}],"author":[{"embeddable":true,"href":"https:\/\/linitiative.ca\/International\/wp-json\/wp\/v2\/users\/1743"}],"replies":[{"embeddable":true,"href":"https:\/\/linitiative.ca\/International\/wp-json\/wp\/v2\/comments?post=81952"}],"version-history":[{"count":0,"href":"https:\/\/linitiative.ca\/International\/wp-json\/wp\/v2\/posts\/81952\/revisions"}],"wp:featuredmedia":[{"embeddable":true,"href":"https:\/\/linitiative.ca\/International\/wp-json\/"}],"wp:attachment":[{"href":"https:\/\/linitiative.ca\/International\/wp-json\/wp\/v2\/media?parent=81952"}],"wp:term":[{"taxonomy":"category","embeddable":true,"href":"https:\/\/linitiative.ca\/International\/wp-json\/wp\/v2\/categories?post=81952"},{"taxonomy":"post_tag","embeddable":true,"href":"https:\/\/linitiative.ca\/International\/wp-json\/wp\/v2\/tags?post=81952"}],"curies":[{"name":"wp","href":"https:\/\/api.w.org\/{rel}","templated":true}]}}