{"id":81959,"date":"2020-04-11T05:29:00","date_gmt":"2020-04-11T09:29:00","guid":{"rendered":"https:\/\/linitiative.ca\/International\/kais-saied-depeche-ce-matin-une-equipe-medicale-tunisienne-a-milan-video\/"},"modified":"2020-04-11T05:29:00","modified_gmt":"2020-04-11T09:29:00","slug":"kais-saied-depeche-ce-matin-une-equipe-medicale-tunisienne-a-milan-video","status":"publish","type":"post","link":"https:\/\/linitiative.ca\/International\/kais-saied-depeche-ce-matin-une-equipe-medicale-tunisienne-a-milan-video\/","title":{"rendered":"Kais Saied d\u00e9p\u00eache ce matin une \u00e9quipe m\u00e9dicale tunisienne \u00e0 Milan (Vid\u00e9o)"},"content":{"rendered":"<p>Un appareil militaire a d\u00e9coll\u00e9 t\u00f4t ce samedi matin de Tunis \u00e0 destination de l\u2019a\u00e9roport de Milan Malpensa avec \u00e0 son bord une \u00e9quipe m\u00e9dicale sp\u00e9cialis\u00e9e. Form\u00e9e de m\u00e9decins, de soignants et de techniciens, sept au total, l\u2019\u00e9quipe sera affect\u00e9e \u00e0 l\u2019espace m\u00e9dicalis\u00e9 am\u00e9nag\u00e9 dans locaux de la Foire de Milan pour la prise en charge des patients contamin\u00e9s par le Covid-19. Toute une logistique tunisienne avait \u00e9t\u00e9 engag\u00e9e pour assurer l\u2019envoi de cette mission sanitaire et son d\u00e9ploiement rapide.<\/p>\n<p class=\"c2\"><iframe loading=\"lazy\" src=\"https:\/\/www.youtube.com\/embed\/H02oN6hTfkw\" allow=\"accelerometer; autoplay; encrypted-media; gyroscope; picture-in-picture\" allowfullscreen=\"\" width=\"560\" height=\"315\" frameborder=\"0\">[embedded content]<\/iframe><\/p>\n<p>L\u2019avion est arriv\u00e9 \u00e0 Milan \u00e0 9H30 du matin, heure tunisienne. A l\u2019accueil se trouvaient de hautes personnalit\u00e9s italiennes, notamment le secr\u00e9taire d\u2019Etat \u00e0 la Coop\u00e9ration internationale et les autorit\u00e9s de la r\u00e9gion, ainsi que l&rsquo;ambassadeur de Tunisie \u00e0 Rome et le consul g\u00e9n\u00e9ral \u00e0 Milan.<\/p>\n<p class=\"c2\"><img loading=\"lazy\" decoding=\"async\" src=\"https:\/\/linitiative.ca\/International\/wp-content\/uploads\/sites\/23\/2020\/04\/WhatsApp2520Image25202020-04-112520at252013_11_13.jpg\" width=\"700\" height=\"525\" vspace=\"5\" hspace=\"5\" align=\"middle\" alt=\"\"\/><\/p>\n<p><span>\u00a0<\/span>Le choix de Milan, capitale de la Lombardie, la r\u00e9gion \u00e9conomiquement la plus importante\u00a0et qui a \u00e9t\u00e9 la premi\u00e8re touch\u00e9e par la propagation du virus et la plus affect\u00e9e n\u2019a pas \u00e9t\u00e9 fait au hasard. Il rel\u00e8ve d\u2019une d\u00e9cision judicieuse prise d\u2019un commun accord entre les deux parties.<\/p>\n<p class=\"c2\"><img loading=\"lazy\" decoding=\"async\" src=\"https:\/\/linitiative.ca\/International\/wp-content\/uploads\/sites\/23\/2020\/04\/WhatsApp2520Image25202020-04-112520at252013_11_13252028129.jpg\" width=\"700\" height=\"700\" vspace=\"5\" hspace=\"5\" align=\"middle\" alt=\"\"\/><\/p>\n<p>Ce geste tunisien, tr\u00e8s appr\u00e9ci\u00e9 par les autorit\u00e9s et le peuple italiens, concr\u00e9tise la proposition r\u00e9cemment faite par le pr\u00e9sident Saied \u00e0 son homologue Matarella, en solidarit\u00e9 face \u00e0 la pand\u00e9mie. Elle proc\u00e8de d\u2019une approche fond\u00e9e sur le choix de la coop\u00e9ration et de la solidarit\u00e9 pour lutter ensemble contre \u00e0 cette ravageuse pand\u00e9mie. Si nombre de pays ont envoy\u00e9 \u00e0 l\u2019Italie des masques et des \u00e9quipements, voire un soutien financier, la d\u00e9cision tunisienne de d\u00e9p\u00eacher des ressources rares et pr\u00e9cieuses que repr\u00e9sentent nos soignants qualifi\u00e9s, porte un message quant \u00e0 la richesse de nos comp\u00e9tences scientifiques et m\u00e9dicale.<br \/>\u00a0<\/p>\n<p>Auteur:<br \/>\n<a href=\"https:\/\/www.leaders.com.tn\/article\/29648-kais-saied-depeche-ce-matin-une-equipe-medicale-tunisienne-a-milan\">Cliquez ici pour lire l&rsquo;article depuis sa source.<\/a><\/p>\n","protected":false},"excerpt":{"rendered":"<p>Un appareil militaire a d\u00e9coll\u00e9 t\u00f4t ce samedi matin de Tunis \u00e0 destination de l\u2019a\u00e9roport de Milan Malpensa avec \u00e0 son bord une \u00e9quipe m\u00e9dicale sp\u00e9cialis\u00e9e. Form\u00e9e de m\u00e9decins, de soignants et de techniciens, sept au total, l\u2019\u00e9quipe sera affect\u00e9e \u00e0 l\u2019espace m\u00e9dicalis\u00e9 am\u00e9nag\u00e9 dans locaux de la Foire de Milan pour la prise en [&hellip;]<\/p>\n","protected":false},"author":1772,"featured_media":81960,"comment_status":"closed","ping_status":"closed","sticky":false,"template":"","format":"standard","meta":{"fifu_image_url":"","fifu_image_alt":"","footnotes":""},"categories":[73,55],"tags":[],"class_list":["post-81959","post","type-post","status-publish","format-standard","has-post-thumbnail","hentry","category-actualite","category-tunisie"],"_links":{"self":[{"href":"https:\/\/linitiative.ca\/International\/wp-json\/wp\/v2\/posts\/81959","targetHints":{"allow":["GET"]}}],"collection":[{"href":"https:\/\/linitiative.ca\/International\/wp-json\/wp\/v2\/posts"}],"about":[{"href":"https:\/\/linitiative.ca\/International\/wp-json\/wp\/v2\/types\/post"}],"author":[{"embeddable":true,"href":"https:\/\/linitiative.ca\/International\/wp-json\/wp\/v2\/users\/1772"}],"replies":[{"embeddable":true,"href":"https:\/\/linitiative.ca\/International\/wp-json\/wp\/v2\/comments?post=81959"}],"version-history":[{"count":0,"href":"https:\/\/linitiative.ca\/International\/wp-json\/wp\/v2\/posts\/81959\/revisions"}],"wp:featuredmedia":[{"embeddable":true,"href":"https:\/\/linitiative.ca\/International\/wp-json\/"}],"wp:attachment":[{"href":"https:\/\/linitiative.ca\/International\/wp-json\/wp\/v2\/media?parent=81959"}],"wp:term":[{"taxonomy":"category","embeddable":true,"href":"https:\/\/linitiative.ca\/International\/wp-json\/wp\/v2\/categories?post=81959"},{"taxonomy":"post_tag","embeddable":true,"href":"https:\/\/linitiative.ca\/International\/wp-json\/wp\/v2\/tags?post=81959"}],"curies":[{"name":"wp","href":"https:\/\/api.w.org\/{rel}","templated":true}]}}