{"id":81968,"date":"2020-04-11T12:30:00","date_gmt":"2020-04-11T16:30:00","guid":{"rendered":"https:\/\/linitiative.ca\/International\/coronavirus-97-nouveaux-cas-1-545-au-total-samedi-11-avril-a-18h\/"},"modified":"2020-04-11T12:30:00","modified_gmt":"2020-04-11T16:30:00","slug":"coronavirus-97-nouveaux-cas-1-545-au-total-samedi-11-avril-a-18h","status":"publish","type":"post","link":"https:\/\/linitiative.ca\/International\/coronavirus-97-nouveaux-cas-1-545-au-total-samedi-11-avril-a-18h\/","title":{"rendered":"Coronavirus : 97 nouveaux cas, 1.545 au total, samedi 11 avril \u00e0 18h"},"content":{"rendered":"<p><strong>Quatre-vingt-dix-sept cas d\u2019infection au coronavirus (Covid-19) ont \u00e9t\u00e9 confirm\u00e9s au Maroc dans les derni\u00e8res 24 heures, portant \u00e0 1.545 le nombre total des cas de contamination, a annonc\u00e9 samedi le minist\u00e8re de la Sant\u00e9.<\/strong><\/p>\n<div class=\"c10\"\/>\n<p>Le nombre de personnes d\u00e9clar\u00e9es gu\u00e9ries s\u2019est \u00e9lev\u00e9, jusqu\u2019\u00e0 samedi \u00e0 18H00, \u00e0 146 cas (22 r\u00e9missions suppl\u00e9mentaires), alors que celui des d\u00e9c\u00e8s a atteint 111, apr\u00e8s l\u2019enregistrement de quatre nouveaux d\u00e9c\u00e8s lors des derni\u00e8res 24H, a indiqu\u00e9 le directeur de l\u2019\u00e9pid\u00e9miologie et de lutte contre les maladies au minist\u00e8re de la Sant\u00e9, Mohamed El Youbi, dans une d\u00e9claration retransmise par la MAP sur sa cha\u00eene de t\u00e9l\u00e9vision M24 et sur RIM RADIO.<\/p>\n<p><img decoding=\"async\" src=\"https:\/\/linitiative.ca\/International\/wp-content\/uploads\/sites\/23\/2020\/04\/Capture-dE28099eCC81cran-2020-04-11-aCC80-18.50.00.png\" alt=\"\" class=\"wp-image-136945\" srcset=\"https:\/\/www.challenge.ma\/wp-content\/uploads\/2020\/04\/Capture-d&#x2019;e&#x301;cran-2020-04-11-a&#x300;-18.50.00.png 637w, https:\/\/www.challenge.ma\/wp-content\/uploads\/2020\/04\/Capture-d&#x2019;e&#x301;cran-2020-04-11-a&#x300;-18.50.00-300x194.png 300w, https:\/\/www.challenge.ma\/wp-content\/uploads\/2020\/04\/Capture-d&#x2019;e&#x301;cran-2020-04-11-a&#x300;-18.50.00-360x233.png 360w\" sizes=\"(max-width: 637px) 100vw, 637px\"\/><\/p>\n<div class=\"c17\">\n<fieldset class=\"c16\">\n<legend><strong><span class=\"c11\">Challenge<\/span><span class=\"c12\">news<\/span><\/strong><\/legend>\n<div class=\"c15\">Le meilleur de Challenge s\u00e9lectionn\u00e9 par la r\u00e9daction :<\/p>\n<\/div>\n<\/fieldset>\n<\/div>\n<p>Auteur: Hassan Manyani<br \/>\n<a href=\"https:\/\/www.challenge.ma\/coronavirus-97-nouveaux-cas-1-545-au-total-samedi-11-avril-a-18h-136940\/\">Cliquez ici pour lire l&rsquo;article depuis sa source.<\/a><\/p>\n","protected":false},"excerpt":{"rendered":"<p>Quatre-vingt-dix-sept cas d\u2019infection au coronavirus (Covid-19) ont \u00e9t\u00e9 confirm\u00e9s au Maroc dans les derni\u00e8res 24 heures, portant \u00e0 1.545 le nombre total des cas de contamination, a annonc\u00e9 samedi le minist\u00e8re de la Sant\u00e9. Le nombre de personnes d\u00e9clar\u00e9es gu\u00e9ries s\u2019est \u00e9lev\u00e9, jusqu\u2019\u00e0 samedi \u00e0 18H00, \u00e0 146 cas (22 r\u00e9missions suppl\u00e9mentaires), alors que celui [&hellip;]<\/p>\n","protected":false},"author":1787,"featured_media":81969,"comment_status":"closed","ping_status":"closed","sticky":false,"template":"","format":"standard","meta":{"fifu_image_url":"","fifu_image_alt":"","footnotes":""},"categories":[78,54],"tags":[],"class_list":["post-81968","post","type-post","status-publish","format-standard","has-post-thumbnail","hentry","category-economie","category-maroc"],"_links":{"self":[{"href":"https:\/\/linitiative.ca\/International\/wp-json\/wp\/v2\/posts\/81968","targetHints":{"allow":["GET"]}}],"collection":[{"href":"https:\/\/linitiative.ca\/International\/wp-json\/wp\/v2\/posts"}],"about":[{"href":"https:\/\/linitiative.ca\/International\/wp-json\/wp\/v2\/types\/post"}],"author":[{"embeddable":true,"href":"https:\/\/linitiative.ca\/International\/wp-json\/wp\/v2\/users\/1787"}],"replies":[{"embeddable":true,"href":"https:\/\/linitiative.ca\/International\/wp-json\/wp\/v2\/comments?post=81968"}],"version-history":[{"count":0,"href":"https:\/\/linitiative.ca\/International\/wp-json\/wp\/v2\/posts\/81968\/revisions"}],"wp:featuredmedia":[{"embeddable":true,"href":"https:\/\/linitiative.ca\/International\/wp-json\/"}],"wp:attachment":[{"href":"https:\/\/linitiative.ca\/International\/wp-json\/wp\/v2\/media?parent=81968"}],"wp:term":[{"taxonomy":"category","embeddable":true,"href":"https:\/\/linitiative.ca\/International\/wp-json\/wp\/v2\/categories?post=81968"},{"taxonomy":"post_tag","embeddable":true,"href":"https:\/\/linitiative.ca\/International\/wp-json\/wp\/v2\/tags?post=81968"}],"curies":[{"name":"wp","href":"https:\/\/api.w.org\/{rel}","templated":true}]}}