{"id":81970,"date":"2020-04-11T12:36:02","date_gmt":"2020-04-11T16:36:02","guid":{"rendered":"https:\/\/linitiative.ca\/International\/coronavirus-la-coree-du-sud-parvient-a-tester-dix-personnes-en-meme-temps\/"},"modified":"2020-04-11T12:36:02","modified_gmt":"2020-04-11T16:36:02","slug":"coronavirus-la-coree-du-sud-parvient-a-tester-dix-personnes-en-meme-temps","status":"publish","type":"post","link":"https:\/\/linitiative.ca\/International\/coronavirus-la-coree-du-sud-parvient-a-tester-dix-personnes-en-meme-temps\/","title":{"rendered":"Coronavirus : La Cor\u00e9e du Sud parvient \u00e0 tester dix personnes en m\u00eame temps"},"content":{"rendered":"<p><strong>La Cor\u00e9e du Sud se distingue parmi les rares pays qui ont su g\u00e9rer la pand\u00e9mie du coronavirus. Derni\u00e8re prouesse : tester dix personnes en m\u00eame temps.<\/strong><\/p>\n<div class=\"c10\"\/>\n<p>La <strong>Cor\u00e9e du Sud<\/strong> a annonc\u00e9, jeudi dernier, la mise en place d\u2019une nouvelle m\u00e9thode qui consiste \u00e0 contr\u00f4ler jusqu\u2019\u00e0 dix personnes\u00a0simultan\u00e9ment permettant ainsi un gain de temps et d\u2019argent consid\u00e9rable.<\/p>\n<p>Selon Courrier international, \u00ab\u00a0il s\u2019agit de rassembler des cellules pr\u00e9lev\u00e9es chez plusieurs individus et de proc\u00e9der \u00e0 une seule <strong>analyse<\/strong>, qui ne sera suivie d\u2019examens s\u00e9par\u00e9s que si le premier r\u00e9sultat se r\u00e9v\u00e8le positif. Les autorit\u00e9s souhaitent ainsi surveiller de pr\u00e8s\u00a0l\u2019\u00e9tat de sant\u00e9 de personnes asymptomatiques, mais qui r\u00e9sident dans un environnement \u00e0 risque comme les\u00a0Ehpad\u00a0\u00bb.<\/p>\n<p>\u00ab\u00a0<em>L\u2019id\u00e9e pourra int\u00e9resser les pays qui n\u2019ont pas les moyens de faire face \u00e0 une propagation rapide du virus\u201d<\/em>, a d\u00e9clar\u00e9 au<em>\u00a0Munhwa ilbo<\/em>\u00a0Yi Nam-u, le directeur du bureau des ressources humaines et du service social du minist\u00e8re de la D\u00e9fense.<\/p>\n<p>La Cor\u00e9e du Sud a signal\u00e9 samedi 30 nouveaux cas de <strong>coronavirus<\/strong>, portant le nombre total d\u2019infections au pays \u00e0 10.480.<\/p>\n<p>Depuis six jours, la Cor\u00e9e du Sud a enregistr\u00e9 une forte baisse du nombre de cas par rapport au pic du 29 f\u00e9vrier de 909 infections, selon les Centres cor\u00e9ens de contr\u00f4le et de pr\u00e9vention des maladies (KCDC). Mais les autorit\u00e9s sanitaires restent en alerte sur les infections \u00e0 grappes dans les \u00e9glises et les h\u00f4pitaux, ainsi que sur les nouveaux cas provenant de l\u2019\u00e9tranger.<\/p>\n<p>Le nombre de patients qui ont quitt\u00e9 les h\u00f4pitaux apr\u00e8s leur gu\u00e9rison a atteint 7.243, soit 126 de plus qu\u2019un jour plus t\u00f4t, a pr\u00e9cis\u00e9 le KCDC.<\/p>\n<div class=\"c17\">\n<fieldset class=\"c16\">\n<legend><strong><span class=\"c11\">Challenge<\/span><span class=\"c12\">news<\/span><\/strong><\/legend>\n<div class=\"c15\">Le meilleur de Challenge s\u00e9lectionn\u00e9 par la r\u00e9daction :<\/p>\n<\/div>\n<\/fieldset>\n<\/div>\n<p>Auteur: Hassan Manyani<br \/>\n<a href=\"https:\/\/www.challenge.ma\/coronavirus-la-coree-du-sud-parvient-a-tester-dix-personnes-en-meme-temps-136932\/\">Cliquez ici pour lire l&rsquo;article depuis sa source.<\/a><\/p>\n","protected":false},"excerpt":{"rendered":"<p>La Cor\u00e9e du Sud se distingue parmi les rares pays qui ont su g\u00e9rer la pand\u00e9mie du coronavirus. Derni\u00e8re prouesse : tester dix personnes en m\u00eame temps. La Cor\u00e9e du Sud a annonc\u00e9, jeudi dernier, la mise en place d\u2019une nouvelle m\u00e9thode qui consiste \u00e0 contr\u00f4ler jusqu\u2019\u00e0 dix personnes\u00a0simultan\u00e9ment permettant ainsi un gain de temps [&hellip;]<\/p>\n","protected":false},"author":1787,"featured_media":0,"comment_status":"closed","ping_status":"closed","sticky":false,"template":"","format":"standard","meta":{"fifu_image_url":"","fifu_image_alt":"","footnotes":""},"categories":[78,54],"tags":[],"class_list":["post-81970","post","type-post","status-publish","format-standard","hentry","category-economie","category-maroc"],"_links":{"self":[{"href":"https:\/\/linitiative.ca\/International\/wp-json\/wp\/v2\/posts\/81970","targetHints":{"allow":["GET"]}}],"collection":[{"href":"https:\/\/linitiative.ca\/International\/wp-json\/wp\/v2\/posts"}],"about":[{"href":"https:\/\/linitiative.ca\/International\/wp-json\/wp\/v2\/types\/post"}],"author":[{"embeddable":true,"href":"https:\/\/linitiative.ca\/International\/wp-json\/wp\/v2\/users\/1787"}],"replies":[{"embeddable":true,"href":"https:\/\/linitiative.ca\/International\/wp-json\/wp\/v2\/comments?post=81970"}],"version-history":[{"count":0,"href":"https:\/\/linitiative.ca\/International\/wp-json\/wp\/v2\/posts\/81970\/revisions"}],"wp:attachment":[{"href":"https:\/\/linitiative.ca\/International\/wp-json\/wp\/v2\/media?parent=81970"}],"wp:term":[{"taxonomy":"category","embeddable":true,"href":"https:\/\/linitiative.ca\/International\/wp-json\/wp\/v2\/categories?post=81970"},{"taxonomy":"post_tag","embeddable":true,"href":"https:\/\/linitiative.ca\/International\/wp-json\/wp\/v2\/tags?post=81970"}],"curies":[{"name":"wp","href":"https:\/\/api.w.org\/{rel}","templated":true}]}}