{"id":81971,"date":"2020-04-11T13:17:38","date_gmt":"2020-04-11T17:17:38","guid":{"rendered":"https:\/\/linitiative.ca\/International\/fonds-special-sport-le-geste-du-raja-et-du-wydad\/"},"modified":"2020-04-11T13:17:38","modified_gmt":"2020-04-11T17:17:38","slug":"fonds-special-sport-le-geste-du-raja-et-du-wydad","status":"publish","type":"post","link":"https:\/\/linitiative.ca\/International\/fonds-special-sport-le-geste-du-raja-et-du-wydad\/","title":{"rendered":"Fonds sp\u00e9cial Sport : Le geste du Raja et du Wydad"},"content":{"rendered":"<p><strong>Alors que la F\u00e9d\u00e9ration royale marocaine de football ne s\u2019est toujours pas manifest\u00e9e dans ce contexte de crise sanitaire, les deux clubs phare de la Botola, le Raja et le Wydad, se sont joints \u00e0 l\u2019\u00e9lan national de solidarit\u00e9 en faveur du Fonds sp\u00e9cial d\u00e9di\u00e9 \u00e0 la gestion de la pand\u00e9mie du nouveau coronavirus.<\/strong><\/p>\n<div class=\"c10\"\/>\n<p>Les responsables des deux clubs affirment que les sportifs et les supporters, \u00e0 l\u2019instar de toutes les composantes de la soci\u00e9t\u00e9, s\u2019attachent aux valeurs de solidarit\u00e9 nationale et s\u2019associent aux efforts visant \u00e0 att\u00e9nuer les effets de cette crise.<\/p>\n<p>Ainsi, le <strong>Wydad<\/strong> a mis en vente 60.000 billets, au prix de 30 dirhams, pour participer \u00e0 un match contre le virus, dont 15.000 tickets ont \u00e9t\u00e9 \u00e9coul\u00e9s jusque-l\u00e0, a indiqu\u00e9 le pr\u00e9sident du club casablancais, Said Naciri.<\/p>\n<p>Lire aussi : <a href=\"https:\/\/www.challenge.ma\/coronavirus-modus-operandi-du-fonds-special-132982\/\">Coronavirus : modus operandi du Fonds sp\u00e9cial<\/a><\/p>\n<p>Pour sa part, Jawad Ziyat a indiqu\u00e9 que le <strong>Raja<\/strong> a mis en vente sur Internet des billets pour \u00ab\u00a0un match virtuel contre la pand\u00e9mie\u00a0\u00bb, relevant que quelque 5.000 ont \u00e9t\u00e9 vendus en peu de temps. Il a fait aussi \u00e9tat de promesses de dons de toute les composantes du club, notamment les adh\u00e9rents, au profit du Fonds sp\u00e9cial d\u00e9di\u00e9 \u00e0 la gestion de la pand\u00e9mie du nouveau coronavirus (Covid-19).<\/p>\n<p>Pour garder le contact et la flamme des fans, le Raja lancera, d\u00e8s ce samedi \u00e0 partir de 20H00, des animations et des vid\u00e9os sur sa page <strong>Facebook<\/strong> retra\u00e7ant les prouesses historiques et les grands moments des Verts.<\/p>\n<div class=\"c17\">\n<fieldset class=\"c16\">\n<legend><strong><span class=\"c11\">Challenge<\/span><span class=\"c12\">news<\/span><\/strong><\/legend>\n<div class=\"c15\">Le meilleur de Challenge s\u00e9lectionn\u00e9 par la r\u00e9daction :<\/p>\n<\/div>\n<\/fieldset>\n<\/div>\n<p>Auteur: Hassan Manyani<br \/>\n<a href=\"https:\/\/www.challenge.ma\/fonds-special-sport-le-geste-du-raja-et-du-wydad-136935\/\">Cliquez ici pour lire l&rsquo;article depuis sa source.<\/a><\/p>\n","protected":false},"excerpt":{"rendered":"<p>Alors que la F\u00e9d\u00e9ration royale marocaine de football ne s\u2019est toujours pas manifest\u00e9e dans ce contexte de crise sanitaire, les deux clubs phare de la Botola, le Raja et le Wydad, se sont joints \u00e0 l\u2019\u00e9lan national de solidarit\u00e9 en faveur du Fonds sp\u00e9cial d\u00e9di\u00e9 \u00e0 la gestion de la pand\u00e9mie du nouveau coronavirus. Les [&hellip;]<\/p>\n","protected":false},"author":1787,"featured_media":0,"comment_status":"closed","ping_status":"closed","sticky":false,"template":"","format":"standard","meta":{"fifu_image_url":"","fifu_image_alt":"","footnotes":""},"categories":[78,54],"tags":[],"class_list":["post-81971","post","type-post","status-publish","format-standard","hentry","category-economie","category-maroc"],"_links":{"self":[{"href":"https:\/\/linitiative.ca\/International\/wp-json\/wp\/v2\/posts\/81971","targetHints":{"allow":["GET"]}}],"collection":[{"href":"https:\/\/linitiative.ca\/International\/wp-json\/wp\/v2\/posts"}],"about":[{"href":"https:\/\/linitiative.ca\/International\/wp-json\/wp\/v2\/types\/post"}],"author":[{"embeddable":true,"href":"https:\/\/linitiative.ca\/International\/wp-json\/wp\/v2\/users\/1787"}],"replies":[{"embeddable":true,"href":"https:\/\/linitiative.ca\/International\/wp-json\/wp\/v2\/comments?post=81971"}],"version-history":[{"count":0,"href":"https:\/\/linitiative.ca\/International\/wp-json\/wp\/v2\/posts\/81971\/revisions"}],"wp:attachment":[{"href":"https:\/\/linitiative.ca\/International\/wp-json\/wp\/v2\/media?parent=81971"}],"wp:term":[{"taxonomy":"category","embeddable":true,"href":"https:\/\/linitiative.ca\/International\/wp-json\/wp\/v2\/categories?post=81971"},{"taxonomy":"post_tag","embeddable":true,"href":"https:\/\/linitiative.ca\/International\/wp-json\/wp\/v2\/tags?post=81971"}],"curies":[{"name":"wp","href":"https:\/\/api.w.org\/{rel}","templated":true}]}}