{"id":81974,"date":"2020-04-11T16:29:27","date_gmt":"2020-04-11T20:29:27","guid":{"rendered":"https:\/\/linitiative.ca\/International\/tunisie-ministere-de-la-sante-pourquoi-le-ministre-a-t-il-retire-le-dossier-covid-du-dr-chokri-hammouda\/"},"modified":"2020-04-11T16:29:27","modified_gmt":"2020-04-11T20:29:27","slug":"tunisie-ministere-de-la-sante-pourquoi-le-ministre-a-t-il-retire-le-dossier-covid-du-dr-chokri-hammouda","status":"publish","type":"post","link":"https:\/\/linitiative.ca\/International\/tunisie-ministere-de-la-sante-pourquoi-le-ministre-a-t-il-retire-le-dossier-covid-du-dr-chokri-hammouda\/","title":{"rendered":"Tunisie \u2013 Minist\u00e8re de la sant\u00e9\u00a0: Pourquoi le ministre a-t-il retir\u00e9 le dossier covid du Dr Chokri Hammouda\u00a0?"},"content":{"rendered":"<div class=\"post-cont-in left relative\">\n<p>Il semble que la gestion du dossier du covid19, au sein du minist\u00e8re de la sant\u00e9, ait cr\u00e9\u00e9 des tensions et des diff\u00e9rends entre les membres de l\u2019\u00e9quipe qui en avait la charge. \u00a0De nombreux observateurs ont, en effet, remarqu\u00e9 la mise en retrait, depuis quelques semaines, du Dr Chokri Hammouda, du devant de la sc\u00e8ne, concernant le covid19.<\/p>\n<div class=\"code-block code-block-1 c3\"><ins class=\"adsbygoogle c2\" data-ad-layout=\"in-article\" data-ad-format=\"fluid\" data-ad-client=\"ca-pub-2102118777505746\" data-ad-slot=\"7301775417\"\/> <\/div>\n<p>Chokri Hammouda n\u2019est plus pr\u00e9sent pour les points de presse tenus par le minist\u00e8re, ni sur les plateaux des m\u00e9dias, comme il l\u2019\u00e9tait au d\u00e9but de la crise. Il est, m\u00eame rel\u00e9gu\u00e9 au dernier rang, autour de la table, lors des r\u00e9unions pr\u00e9sid\u00e9es par Mekki.<\/p>\n<p>Renseignements pris aupr\u00e8s de sources bien inform\u00e9es, il s\u2019av\u00e9ra que le Dr Hammouda ait eu des diff\u00e9rends avec Nissaf Ben Alaya, la directrice g\u00e9n\u00e9rale de l\u2019observatoire des maladies nouvelles et \u00e9mergeantes, et que celle-ci en est arriv\u00e9e \u00e0 trouver pesante sa pr\u00e9sence sur le dossier, avec elle, et aurait fait savoir \u00e7\u00e0 au ministre. Et \u00e7\u00e0 remonte \u00e0 la p\u00e9riode o\u00f9 Nissaf Ben Alaya a op\u00e9r\u00e9 un recul par rapport \u00e0 la sc\u00e8ne m\u00e9diatique, au point qu\u2019on a cru qu\u2019elle \u00e9tait en confinement. Devant ce conflit sous tendu par une course \u00e0 la notori\u00e9t\u00e9 et au positionnement par rapport au nouveau ministre, ce dernier a \u00e9t\u00e9 dans l\u2019obligation de trancher. Et c\u2019est en faveur de Nissaf Ben Alaya qu\u2019il l\u2019a fait, jugeant, peut-\u00eatre, cette derni\u00e8re bien moins dangereuse pour lui, que ne pourrait l\u2019\u00eatre Chokri Hammouda.<\/p>\n<p>Aux derni\u00e8res nouvelles, Le Dr Hamouda a, non seulement, \u00e9t\u00e9 dessaisi du dossier covid19, mais il aurait, m\u00eame, \u00e9t\u00e9 \u00e9cart\u00e9 de la direction de soins de sant\u00e9 de base, la direction qui est, normalement, en charge du programme de riposte contre l\u2019\u00e9pid\u00e9mie.<\/p>\n<div class=\"swp_social_panel swp_horizontal_panel swp_flat_fresh swp_default_full_color swp_individual_full_color swp_other_full_color scale-100 scale-\" data-min-width=\"1100\" data-float-color=\"#ffffff\" data-float=\"bottom\" data-float-mobile=\"bottom\" data-transition=\"slide\">\n<div class=\"nc_tweetContainer swp_share_button total_shares total_sharesalt\"><span class=\"swp_count\">1 <span class=\"swp_label\">Partages<\/span><\/span><\/div>\n<\/div>\n<p><strong>Que se passe-t-il en Tunisie?<\/strong><br \/>Nous expliquons sur notre <a href=\"https:\/\/www.youtube.com\/channel\/UCRzypVq0B_yBad5eGrwBx0Q?sub_confirmation=1\" target=\"_blank\" rel=\"noopener noreferrer\">cha\u00eene YouTube<\/a> . <a href=\"https:\/\/www.youtube.com\/channel\/UCRzypVq0B_yBad5eGrwBx0Q?sub_confirmation=1\" target=\"_blank\" rel=\"noopener noreferrer\">Abonnez-vous!<\/a><\/p>\n<div class=\"mvp-org-wrap mvp-org-logo\" itemprop=\"publisher\" itemscope=\"\" itemtype=\"https:\/\/schema.org\/Organization\"><img decoding=\"async\" src=\"https:\/\/linitiative.ca\/International\/wp-content\/uploads\/sites\/23\/2020\/04\/logo_tunisie_numerique-46.png\"\/><\/div>\n<div class=\"mvp-related-posts left relative\">\n<h4 class=\"post-header\"><span class=\"post-header\">Lire aussi<\/span><\/h4>\n<\/div>\n<div id=\"article-ad\"><ins class=\"adsbygoogle c4\" data-ad-client=\"ca-pub-2102118777505746\" data-ad-slot=\"6513972734\" data-ad-format=\"auto\" data-full-width-responsive=\"true\"\/> <\/div>\n<\/div>\n<div id=\"post-sidebar-wrap\"><ins class=\"adsbygoogle c4\" data-ad-client=\"ca-pub-2102118777505746\" data-ad-slot=\"6168283410\" data-ad-format=\"auto\" data-full-width-responsive=\"true\"\/> <\/div>\n<p>Auteur: LM<br \/>\n<a href=\"https:\/\/www.tunisienumerique.com\/tunisie-ministere-de-la-sante-pourquoi-le-ministre-a-t-il-retire-le-dossier-covid-du-dr-chokri-hammouda\/\">Cliquez ici pour lire l&rsquo;article depuis sa source.<\/a><\/p>\n","protected":false},"excerpt":{"rendered":"<p>Il semble que la gestion du dossier du covid19, au sein du minist\u00e8re de la sant\u00e9, ait cr\u00e9\u00e9 des tensions et des diff\u00e9rends entre les membres de l\u2019\u00e9quipe qui en avait la charge. \u00a0De nombreux observateurs ont, en effet, remarqu\u00e9 la mise en retrait, depuis quelques semaines, du Dr Chokri Hammouda, du devant de la [&hellip;]<\/p>\n","protected":false},"author":1789,"featured_media":81975,"comment_status":"closed","ping_status":"closed","sticky":false,"template":"","format":"standard","meta":{"fifu_image_url":"","fifu_image_alt":"","footnotes":""},"categories":[73,55],"tags":[],"class_list":["post-81974","post","type-post","status-publish","format-standard","has-post-thumbnail","hentry","category-actualite","category-tunisie"],"_links":{"self":[{"href":"https:\/\/linitiative.ca\/International\/wp-json\/wp\/v2\/posts\/81974","targetHints":{"allow":["GET"]}}],"collection":[{"href":"https:\/\/linitiative.ca\/International\/wp-json\/wp\/v2\/posts"}],"about":[{"href":"https:\/\/linitiative.ca\/International\/wp-json\/wp\/v2\/types\/post"}],"author":[{"embeddable":true,"href":"https:\/\/linitiative.ca\/International\/wp-json\/wp\/v2\/users\/1789"}],"replies":[{"embeddable":true,"href":"https:\/\/linitiative.ca\/International\/wp-json\/wp\/v2\/comments?post=81974"}],"version-history":[{"count":0,"href":"https:\/\/linitiative.ca\/International\/wp-json\/wp\/v2\/posts\/81974\/revisions"}],"wp:featuredmedia":[{"embeddable":true,"href":"https:\/\/linitiative.ca\/International\/wp-json\/"}],"wp:attachment":[{"href":"https:\/\/linitiative.ca\/International\/wp-json\/wp\/v2\/media?parent=81974"}],"wp:term":[{"taxonomy":"category","embeddable":true,"href":"https:\/\/linitiative.ca\/International\/wp-json\/wp\/v2\/categories?post=81974"},{"taxonomy":"post_tag","embeddable":true,"href":"https:\/\/linitiative.ca\/International\/wp-json\/wp\/v2\/tags?post=81974"}],"curies":[{"name":"wp","href":"https:\/\/api.w.org\/{rel}","templated":true}]}}