{"id":81983,"date":"2020-04-11T06:55:50","date_gmt":"2020-04-11T10:55:50","guid":{"rendered":"https:\/\/linitiative.ca\/International\/mesures-presidentielles\/"},"modified":"2020-04-11T06:55:50","modified_gmt":"2020-04-11T10:55:50","slug":"mesures-presidentielles","status":"publish","type":"post","link":"https:\/\/linitiative.ca\/International\/mesures-presidentielles\/","title":{"rendered":"MESURES PRESIDENTIELLES"},"content":{"rendered":"<div class=\"stream-item stream-item-above-post-content\">\n<p><noscript><\/p>\n<p><a href=\"\/\/www3.smartadserver.com\/ac?jump=1&amp;nwid=2136&amp;siteid=240610&amp;pgname=rg&amp;fmtid=49046&amp;visit=m&amp;tmstp=[timestamp]&amp;out=nonrich\" target=\"_blank\" rel=\"noopener noreferrer\"><img decoding=\"async\" src=\"http:\/\/www3.smartadserver.com\/ac?out=nonrich&amp;nwid=2136&amp;siteid=240610&amp;pgname=rg&amp;fmtid=49046&amp;visit=m&amp;tmstp=[timestamp]\" border=\"0\" alt=\"\"\/><\/a><\/p>\n<p><\/noscript><\/div>\n<p class=\"c3\"><strong><em>L\u2019Organisation syndicale des promoteurs d\u2019espaces de rencontres et de loisirs (OSPERL), a tenu son Assembl\u00e9e g\u00e9n\u00e9rale constitutive le 9 avril 2020 \u00e0 Ouagadougou. A l\u2019issue de cette rencontre statutaire, ses premiers responsables ont anim\u00e9 une conf\u00e9rence de presse au cours de laquelle ils ont invit\u00e9 l\u2019Etat \u00e0 cr\u00e9er un fonds sp\u00e9cifique qui permettra au tenanciers de maquis et bars de faire face \u00e0 la situation difficile qu\u2019ils traversent \u00e0 cause du coronavirus, puisque les mesures pr\u00e9sidentielles ne prennent pas en compte leur secteur d\u2019activit\u00e9s.<\/em><\/strong><\/p>\n<p class=\"c3\"><em>La cr\u00e9ation d\u2019un fonds sp\u00e9cifique et des distributions de vivres\u00a0! C\u2019est ce que souhaitent les tenanciers des d\u00e9bits de boisson, entendez par l\u00e0, maquis et bars. Ils l\u2019ont dit au cours d\u2019une conf\u00e9rence de presse anim\u00e9e le 9 avril dernier \u00e0 Ouagadougou, \u00e0 l\u2019issue de l\u2019Assembl\u00e9e g\u00e9n\u00e9rale constitutive de l\u2019organisation syndicale des promoteurs d\u2019espaces de rencontres et de loisirs (OSPERL). \u00ab\u00a0Nous estimons n\u00e9cessaire de nous regrouper en organisation syndicale afin de plaider notre cause aupr\u00e8s du gouvernement pour la prise de mesures urgentes en faveur des tenanciers des d\u00e9bits de boisson. Il s\u2019agira en l\u2019occurrence de soutenir notre nombreux personnel en vivres, et de cr\u00e9er un fonds sp\u00e9cifique qui nous permettra de faire face aux charges de location de nos infrastructures et au salaire du personnel. Ce fonds nous permettra de solliciter des pr\u00eats \u00e0 des conditions de remboursement assez souples afin de faire face de mani\u00e8re diligente aux nombreuses difficult\u00e9s engendr\u00e9es par cette situation exceptionnelle\u00a0\u00bb, a expliqu\u00e9 Joachim Kient\u00e9ga, porte-parole de l\u2019OSPERL. En effet, depuis l\u2019apparition des premiers cas confirm\u00e9s de Covid-19, le 9 mars dernier, le gouvernement a pris plusieurs mesures pour circonscrire la maladie. Parmi elles, l\u2019instauration d\u2019un couvre-feu de 19h \u00e0 5h du matin, la limitation de la vente de boissons aux seuls clients d\u00e9sirant les emporter, l\u2019interdiction de rassemblement de plus de 50 personnes. Ce qui touche automatiquement le c\u0153ur de leurs activit\u00e9s. Alors que c\u2019est un secteur qui emploie des milliers de personnes \u00e0 travers le pays. A titre illustratif, un bar\/maquis emploie en moyenne une vingtaine de personnes\u00a0: serveuses, disc jokey, vigiles, caissiers, plongeurs, managers, g\u00e9rants, comptables, gardiens, femmes de m\u00e9nage, avec un salaire minimal de 40 000 F CFA par mois et par personne. La seule ville de Ouagadougou compte au moins 7 000 maquis et bars. Du coup, le manque \u00e0 gagner se chiffre par mois \u00e0 plusieurs milliards de F CFA. Dans ces conditions, si rien n\u2019est fait, pr\u00e9vient Joachim Kient\u00e9ga, c\u2019est le secteur qui subira un triste sort. \u00ab\u00a0Si nous n\u2019avons aucun soutien, c\u2019est toute l\u2019\u00e9conomie li\u00e9e \u00e0 notre secteur qui va s\u2019\u00e9crouler\u00a0\u00bb, a-t-il soutenu avant de relever que les mesures annonc\u00e9es par le pr\u00e9sident du Faso, le 2 avril dernier, n\u2019ont pas pris en compte la sp\u00e9cificit\u00e9 du secteur maquis et bars.<\/em><\/p>\n<p class=\"c3\"><strong><em>Issa SIGUIRE<\/em><\/strong><\/p>\n<p>Auteur: Le Pays<br \/>\n<a href=\"http:\/\/lepays.bf\/mesures-presidentielles\/\">Cliquez ici pour lire l&rsquo;article depuis sa source.<\/a><\/p>\n","protected":false},"excerpt":{"rendered":"<p>L\u2019Organisation syndicale des promoteurs d\u2019espaces de rencontres et de loisirs (OSPERL), a tenu son Assembl\u00e9e g\u00e9n\u00e9rale constitutive le 9 avril 2020 \u00e0 Ouagadougou. A l\u2019issue de cette rencontre statutaire, ses premiers responsables ont anim\u00e9 une conf\u00e9rence de presse au cours de laquelle ils ont invit\u00e9 l\u2019Etat \u00e0 cr\u00e9er un fonds sp\u00e9cifique qui permettra au tenanciers [&hellip;]<\/p>\n","protected":false},"author":1813,"featured_media":0,"comment_status":"closed","ping_status":"closed","sticky":false,"template":"","format":"standard","meta":{"fifu_image_url":"","fifu_image_alt":"","footnotes":""},"categories":[73,81],"tags":[],"class_list":["post-81983","post","type-post","status-publish","format-standard","hentry","category-actualite","category-burkina-faso"],"_links":{"self":[{"href":"https:\/\/linitiative.ca\/International\/wp-json\/wp\/v2\/posts\/81983","targetHints":{"allow":["GET"]}}],"collection":[{"href":"https:\/\/linitiative.ca\/International\/wp-json\/wp\/v2\/posts"}],"about":[{"href":"https:\/\/linitiative.ca\/International\/wp-json\/wp\/v2\/types\/post"}],"author":[{"embeddable":true,"href":"https:\/\/linitiative.ca\/International\/wp-json\/wp\/v2\/users\/1813"}],"replies":[{"embeddable":true,"href":"https:\/\/linitiative.ca\/International\/wp-json\/wp\/v2\/comments?post=81983"}],"version-history":[{"count":0,"href":"https:\/\/linitiative.ca\/International\/wp-json\/wp\/v2\/posts\/81983\/revisions"}],"wp:attachment":[{"href":"https:\/\/linitiative.ca\/International\/wp-json\/wp\/v2\/media?parent=81983"}],"wp:term":[{"taxonomy":"category","embeddable":true,"href":"https:\/\/linitiative.ca\/International\/wp-json\/wp\/v2\/categories?post=81983"},{"taxonomy":"post_tag","embeddable":true,"href":"https:\/\/linitiative.ca\/International\/wp-json\/wp\/v2\/tags?post=81983"}],"curies":[{"name":"wp","href":"https:\/\/api.w.org\/{rel}","templated":true}]}}