{"id":81985,"date":"2020-04-11T06:50:33","date_gmt":"2020-04-11T10:50:33","guid":{"rendered":"https:\/\/linitiative.ca\/International\/lutte-contre-le-covid-19-la-gkaf-lance-son-operation-un-burkinabe-un-masque\/"},"modified":"2020-04-11T06:50:33","modified_gmt":"2020-04-11T10:50:33","slug":"lutte-contre-le-covid-19-la-gkaf-lance-son-operation-un-burkinabe-un-masque","status":"publish","type":"post","link":"https:\/\/linitiative.ca\/International\/lutte-contre-le-covid-19-la-gkaf-lance-son-operation-un-burkinabe-un-masque\/","title":{"rendered":"Lutte contre le COVID-19:  La GKAF lance son op\u00e9ration \u00ab\u00a0Un Burkinab\u00e8, un masque\u00a0\u00bb"},"content":{"rendered":"<div class=\"td-post-featured-image\"><a href=\"https:\/\/i0.wp.com\/www.sidwaya.info\/wp-content\/uploads\/2020\/04\/1gkf.jpg?fit=700%2C693&amp;ssl=1\" data-caption=\"Exif_JPEG_420\"><img loading=\"lazy\" decoding=\"async\" width=\"696\" height=\"689\" class=\"entry-thumb td-modal-image\" src=\"https:\/\/i0.wp.com\/www.sidwaya.info\/wp-content\/uploads\/2020\/04\/1gkf.jpg?resize=696,689&amp;ssl=1\" srcset=\"https:\/\/i0.wp.com\/www.sidwaya.info\/wp-content\/uploads\/2020\/04\/1gkf.jpg?w=700&amp;ssl=1 700w, https:\/\/i0.wp.com\/www.sidwaya.info\/wp-content\/uploads\/2020\/04\/1gkf.jpg?resize=300%2C297&amp;ssl=1 300w, https:\/\/i0.wp.com\/www.sidwaya.info\/wp-content\/uploads\/2020\/04\/1gkf.jpg?resize=696,689&amp;ssl=1 696w, https:\/\/i0.wp.com\/www.sidwaya.info\/wp-content\/uploads\/2020\/04\/1gkf.jpg?resize=424%2C420&amp;ssl=1 424w, https:\/\/i0.wp.com\/www.sidwaya.info\/wp-content\/uploads\/2020\/04\/1gkf.jpg?resize=600%2C594&amp;ssl=1 600w, https:\/\/i0.wp.com\/www.sidwaya.info\/wp-content\/uploads\/2020\/04\/1gkf.jpg?resize=100%2C100&amp;ssl=1 100w\" sizes=\"auto, (max-width: 696px) 100vw, 696px\" alt=\"\" title=\"Exif_JPEG_420\"\/><\/a>Exif_JPEG_420<\/div>\n<p><strong>La G\u00e9n\u00e9ration Kanazo\u00e9 Adama pour le Faso (GKAF) a re\u00e7u de son pr\u00e9sident d\u2019honneur, Adama Kanazo\u00e9, un lot de 50\u00a0000 masques, des vivres, des lave-mains et du savon liquide, le samedi 11 avril 2020 \u00e0 Ouagadougou, dans le cadre d\u2019une op\u00e9ration d\u00e9nomm\u00e9e \u00ab\u00a0<em>Un Burkinab\u00e8, un masque<\/em>\u00a0\u00bb, dans le cadre de la lutte contre le COVID-19.<\/strong><\/p>\n<p>50\u00a0000 masques, 5 tonnes de riz, 50 cartons de p\u00e2tes alimentaires, des bidons de savon liquide, des lave-mains. C\u2019est le lot de vivres et de mat\u00e9riels que la G\u00e9n\u00e9ration Kanazo\u00e9 Adama pour le Faso (GKAF) a re\u00e7u de son pr\u00e9sident d\u2019honneur, Adama Kanazo\u00e9, par ailleurs conseiller sp\u00e9cial du pr\u00e9sident du Faso, le samedi 11 avril 2020 \u00e0 Ouagadougou. Ce don entre dans le cadre d\u2019une op\u00e9ration d\u00e9nomm\u00e9e \u00ab\u00a0<em>Un burkinab\u00e8, un masque\u00a0<\/em>\u00bb que GKAF lance en vue de g\u00e9n\u00e9raliser le port du masque pour se prot\u00e9ger contre la pand\u00e9mie de Coronavirus (COVID-19). Pour le coordonnateur du GKAF, Amadou Savadogo, d\u00e8s les premi\u00e8res d\u00e9clarations de la maladie au Burkina Faso, son mouvement a adh\u00e9r\u00e9 \u00e0 l\u2019appel du chef de l\u2019Etat \u00e0 la solidarit\u00e9 nationale pour freiner sa propagation. \u00ab\u00a0<em>Nous avons d\u00e9j\u00e0 dot\u00e9 notamment toutes les cit\u00e9s universitaires, les commissariats, les mairies et les Centres de sant\u00e9 et de promotion sociales (CSPS) en lave-mains, savon liquide, vivres et masques\u00a0<\/em>\u00bb, a-t-il soutenu. Ce geste du pr\u00e9sident d\u2019honneur, a poursuivi Amadou Savadogo, permettra de lancer l\u2019op\u00e9ration \u00ab\u00a0<em>Un Burkinab\u00e8, un masque\u00a0<\/em>\u00bb qui consistera en la distribution des masques et des vivres de porte \u00e0 porte dans les 12 arrondissements de la capitale. Le coordonnateur du GKAF a exprim\u00e9 sa reconnaissance au pr\u00e9sident d\u2019honneur pour cette \u00ab\u00a0<em>clairvoyance et son appui constant dans les moments importants de la vie de la Nation<\/em>\u00a0\u00bb.<\/p>\n<p>Pour sa part, Adama Kanazo\u00e9 a salu\u00e9 l\u2019engagement de la GKAF, une jeune structure, aupr\u00e8s du gouvernement dans la lutte contre le COVID-19. Les 50\u00a0000 masques, a-t-il fait savoir, ont \u00e9t\u00e9 con\u00e7us par des couturiers burkinab\u00e8, tout comme le savon liquide qui est issu du centre de formation de la GKAF. \u00ab\u00a0<em>Le mat\u00e9riel et les vivres seront distribu\u00e9s de porte \u00e0 porte sans distinctions aucune aux m\u00e9nages les plus vuln\u00e9rables des 12 arrondissements pour toucher le maximum de personnes<\/em>\u00a0\u00bb, a-t-il dit. Adama Kanazo\u00e9 a appel\u00e9 les bonnes volont\u00e9s \u00e0 continuer d\u2019accompagner le gouvernement dans cette lutte, car a-t-il pr\u00e9cis\u00e9,\u00a0le Burkina Faso a besoin de tous ses filles et fils pour venir \u00e0 bout de la maladie.<\/p>\n<p><strong>Jean-Marie TOE<\/strong><\/p>\n<div class=\"td-a-rec td-a-rec-id-content_bottom tdi_30_9c9 td_block_template_1\"><img loading=\"lazy\" decoding=\"async\" class=\"aligncenter size-full wp-image-9623\" src=\"https:\/\/linitiative.ca\/International\/wp-content\/uploads\/sites\/23\/2020\/04\/Projet-bannieCC80re-Orange-mobile-7.jpg\" alt=\"\" width=\"728\" height=\"81\"\/><\/div>\n<p>Auteur: BS. Sidwaya<br \/>\n<a href=\"https:\/\/www.sidwaya.info\/blog\/2020\/04\/11\/lutte-contre-le-covid-19-la-gkaf-lance-son-operation-un-burkinabe-un-masque\/\">Cliquez ici pour lire l&rsquo;article depuis sa source.<\/a><\/p>\n","protected":false},"excerpt":{"rendered":"<p>Exif_JPEG_420 La G\u00e9n\u00e9ration Kanazo\u00e9 Adama pour le Faso (GKAF) a re\u00e7u de son pr\u00e9sident d\u2019honneur, Adama Kanazo\u00e9, un lot de 50\u00a0000 masques, des vivres, des lave-mains et du savon liquide, le samedi 11 avril 2020 \u00e0 Ouagadougou, dans le cadre d\u2019une op\u00e9ration d\u00e9nomm\u00e9e \u00ab\u00a0Un Burkinab\u00e8, un masque\u00a0\u00bb, dans le cadre de la lutte contre le [&hellip;]<\/p>\n","protected":false},"author":1816,"featured_media":81986,"comment_status":"closed","ping_status":"closed","sticky":false,"template":"","format":"standard","meta":{"fifu_image_url":"","fifu_image_alt":"","footnotes":""},"categories":[73,81],"tags":[],"class_list":["post-81985","post","type-post","status-publish","format-standard","has-post-thumbnail","hentry","category-actualite","category-burkina-faso"],"_links":{"self":[{"href":"https:\/\/linitiative.ca\/International\/wp-json\/wp\/v2\/posts\/81985","targetHints":{"allow":["GET"]}}],"collection":[{"href":"https:\/\/linitiative.ca\/International\/wp-json\/wp\/v2\/posts"}],"about":[{"href":"https:\/\/linitiative.ca\/International\/wp-json\/wp\/v2\/types\/post"}],"author":[{"embeddable":true,"href":"https:\/\/linitiative.ca\/International\/wp-json\/wp\/v2\/users\/1816"}],"replies":[{"embeddable":true,"href":"https:\/\/linitiative.ca\/International\/wp-json\/wp\/v2\/comments?post=81985"}],"version-history":[{"count":0,"href":"https:\/\/linitiative.ca\/International\/wp-json\/wp\/v2\/posts\/81985\/revisions"}],"wp:featuredmedia":[{"embeddable":true,"href":"https:\/\/linitiative.ca\/International\/wp-json\/"}],"wp:attachment":[{"href":"https:\/\/linitiative.ca\/International\/wp-json\/wp\/v2\/media?parent=81985"}],"wp:term":[{"taxonomy":"category","embeddable":true,"href":"https:\/\/linitiative.ca\/International\/wp-json\/wp\/v2\/categories?post=81985"},{"taxonomy":"post_tag","embeddable":true,"href":"https:\/\/linitiative.ca\/International\/wp-json\/wp\/v2\/tags?post=81985"}],"curies":[{"name":"wp","href":"https:\/\/api.w.org\/{rel}","templated":true}]}}