{"id":81987,"date":"2020-04-11T09:28:22","date_gmt":"2020-04-11T13:28:22","guid":{"rendered":"https:\/\/linitiative.ca\/International\/evolution-du-coronavirus-3-guerisons-5-nouveaux-cas-confirmes-a-la-date-du-9-avril\/"},"modified":"2020-04-11T09:28:22","modified_gmt":"2020-04-11T13:28:22","slug":"evolution-du-coronavirus-3-guerisons-5-nouveaux-cas-confirmes-a-la-date-du-9-avril","status":"publish","type":"post","link":"https:\/\/linitiative.ca\/International\/evolution-du-coronavirus-3-guerisons-5-nouveaux-cas-confirmes-a-la-date-du-9-avril\/","title":{"rendered":"Evolution du coronavirus\u00a0: 3 gu\u00e9risons, 5 nouveaux cas confirm\u00e9s \u00e0 la date du 9 avril"},"content":{"rendered":"<div class=\"td-post-featured-image\"><a href=\"https:\/\/i2.wp.com\/www.sidwaya.info\/wp-content\/uploads\/2020\/04\/prmart.jpg?fit=720%2C480&amp;ssl=1\" data-caption=\"\"><img loading=\"lazy\" decoding=\"async\" width=\"696\" height=\"464\" class=\"entry-thumb td-modal-image\" src=\"https:\/\/i2.wp.com\/www.sidwaya.info\/wp-content\/uploads\/2020\/04\/prmart.jpg?resize=696,464&amp;ssl=1\" srcset=\"https:\/\/i2.wp.com\/www.sidwaya.info\/wp-content\/uploads\/2020\/04\/prmart.jpg?w=720&amp;ssl=1 720w, https:\/\/i2.wp.com\/www.sidwaya.info\/wp-content\/uploads\/2020\/04\/prmart.jpg?resize=300%2C200&amp;ssl=1 300w, https:\/\/i2.wp.com\/www.sidwaya.info\/wp-content\/uploads\/2020\/04\/prmart.jpg?resize=696,464&amp;ssl=1 696w, https:\/\/i2.wp.com\/www.sidwaya.info\/wp-content\/uploads\/2020\/04\/prmart.jpg?resize=630%2C420&amp;ssl=1 630w, https:\/\/i2.wp.com\/www.sidwaya.info\/wp-content\/uploads\/2020\/04\/prmart.jpg?resize=600%2C400&amp;ssl=1 600w\" sizes=\"auto, (max-width: 696px) 100vw, 696px\" alt=\"\" title=\"prmart\"\/><\/a><\/div>\n<p><strong>Le Coordonnateur national de la r\u00e9ponse \u00e0 l\u2019\u00e9pid\u00e9mie du coronavirus, Pr<\/strong><\/p>\n<p><strong>Martial Ou\u00e9draogo a anim\u00e9 le point de presse hebdomadaire sur la<\/strong><\/p>\n<p><strong>situation de l\u2019\u00e9volution de la maladie au Burkina Faso, le 10 avril 2020.<\/strong><\/p>\n<p>Le Burkina Faso compte \u00e0 la date du 9 avril 2020, 448 cas confirm\u00e9s de<\/p>\n<p>coronavirus. A cette date, le pays a enregistr\u00e9 5 nouveaux cas dont 4 \u00e0<\/p>\n<p>Ouagadougou et un \u00e0 Bobo-Dioulasso, 3 gu\u00e9risons portant \u00e0 149 le nombre<\/p>\n<p>total, 2 d\u00e9c\u00e8s portant \u00e0 26 le nombre total depuis le d\u00e9but de la maladie le 9 mars<\/p>\n<p>dernier. Sur les 448, ce sont 273 personnes qui sont sous traitement. Ce point a<\/p>\n<p>\u00e9t\u00e9 fait par le Coordonnateur national de la r\u00e9ponse \u00e0 l\u2019\u00e9pid\u00e9mie du coronavirus,<\/p>\n<p>Pr Martial Ou\u00e9draogo, le 10 avril. Gorom-Gorom ayant \u00e9t\u00e9 touch\u00e9, il a pr\u00e9cis\u00e9<\/p>\n<p>que c\u2019est le site minier d\u2019Essakane et que les investigations sont en cours pour<\/p>\n<p>d\u00e9terminer l\u2019origine de ce foyer. Il a par ailleurs annonc\u00e9 que d\u00e9sormais, les<\/p>\n<p>personnes qui se plaignent du temps d\u2019attente apr\u00e8s avoir appel\u00e9 le 3535 peuvent<\/p>\n<p>se rendre directement au CHU de Tengandogo. \u00ab\u00a0Cet h\u00f4pital dispose maintenant<\/p>\n<p>d\u2019un centre de triage\u00a0\u00bb, a-t-il dit. A la question de comprendre pourquoi le<\/p>\n<p>Burkina Faso n\u2019opterait pas pour un d\u00e9pistage massif afin d\u2019avoir une situation<\/p>\n<p>r\u00e9elle des cas et peaufiner sa strat\u00e9gie de riposte, Pr Martial Ou\u00e9draogo a<\/p>\n<p>expliqu\u00e9 qu\u2019il ne sert \u00e0 rien de faire un d\u00e9pistage massif tant que les populations<\/p>\n<p>ne respectent pas les mesures barri\u00e8res. A l\u2019entendre, c\u2019est la discipline qui<\/p>\n<p>permettra au pays de venir \u00e0 bout de la pand\u00e9mie.<\/p>\n<p>Pr\u00e9sent au point de presse, le ministre de la communication et des relations avec<\/p>\n<p>le parlement, porte-parole du gouvernement, R\u00e9mis Fulgance Dandjinou s\u2019est<\/p>\n<p>prononc\u00e9 sur la rentr\u00e9e scolaire et la quarantaine en cours. Pour ce qui concerne<\/p>\n<p>la rentr\u00e9e scolaire, il a fait savoir que des r\u00e9flexions sont en cours et que les<\/p>\n<p>ministres concern\u00e9s prendront dans les prochains jours des communiqu\u00e9s pour<\/p>\n<p>situer les \u00e9l\u00e8ves et \u00e9tudiants. Sur la quarantaine, il a d\u00e9clar\u00e9 que c\u2019est une<\/p>\n<p>situation exceptionnelle qui s\u2019est impos\u00e9e. \u00ab\u00a0Dans les jours \u00e0 venir, certains<\/p>\n<p>all\u00e8gements pourront \u00eatre faits si la situation \u00e9volue de fa\u00e7on satisfaisante\u00a0\u00bb, a<\/p>\n<p>affirm\u00e9 le porte-parole du gouvernement.<\/p>\n<p><strong>Gaspard BAYALA<\/strong><\/p>\n<div class=\"td-a-rec td-a-rec-id-content_bottom tdi_30_2e6 td_block_template_1\"><img loading=\"lazy\" decoding=\"async\" class=\"aligncenter size-full wp-image-9623\" src=\"https:\/\/linitiative.ca\/International\/wp-content\/uploads\/sites\/23\/2020\/04\/Projet-bannieCC80re-Orange-mobile-8.jpg\" alt=\"\" width=\"728\" height=\"81\"\/><\/div>\n<p>Auteur: BS. Sidwaya<br \/>\n<a href=\"https:\/\/www.sidwaya.info\/blog\/2020\/04\/11\/evolution-du-coronavirus-3-guerisons-5-nouveaux-cas-confirmes-a-la-date-du-9-avril\/\">Cliquez ici pour lire l&rsquo;article depuis sa source.<\/a><\/p>\n","protected":false},"excerpt":{"rendered":"<p>Le Coordonnateur national de la r\u00e9ponse \u00e0 l\u2019\u00e9pid\u00e9mie du coronavirus, Pr Martial Ou\u00e9draogo a anim\u00e9 le point de presse hebdomadaire sur la situation de l\u2019\u00e9volution de la maladie au Burkina Faso, le 10 avril 2020. Le Burkina Faso compte \u00e0 la date du 9 avril 2020, 448 cas confirm\u00e9s de coronavirus. A cette date, le [&hellip;]<\/p>\n","protected":false},"author":1816,"featured_media":81988,"comment_status":"closed","ping_status":"closed","sticky":false,"template":"","format":"standard","meta":{"fifu_image_url":"","fifu_image_alt":"","footnotes":""},"categories":[73,81],"tags":[],"class_list":["post-81987","post","type-post","status-publish","format-standard","has-post-thumbnail","hentry","category-actualite","category-burkina-faso"],"_links":{"self":[{"href":"https:\/\/linitiative.ca\/International\/wp-json\/wp\/v2\/posts\/81987","targetHints":{"allow":["GET"]}}],"collection":[{"href":"https:\/\/linitiative.ca\/International\/wp-json\/wp\/v2\/posts"}],"about":[{"href":"https:\/\/linitiative.ca\/International\/wp-json\/wp\/v2\/types\/post"}],"author":[{"embeddable":true,"href":"https:\/\/linitiative.ca\/International\/wp-json\/wp\/v2\/users\/1816"}],"replies":[{"embeddable":true,"href":"https:\/\/linitiative.ca\/International\/wp-json\/wp\/v2\/comments?post=81987"}],"version-history":[{"count":0,"href":"https:\/\/linitiative.ca\/International\/wp-json\/wp\/v2\/posts\/81987\/revisions"}],"wp:featuredmedia":[{"embeddable":true,"href":"https:\/\/linitiative.ca\/International\/wp-json\/"}],"wp:attachment":[{"href":"https:\/\/linitiative.ca\/International\/wp-json\/wp\/v2\/media?parent=81987"}],"wp:term":[{"taxonomy":"category","embeddable":true,"href":"https:\/\/linitiative.ca\/International\/wp-json\/wp\/v2\/categories?post=81987"},{"taxonomy":"post_tag","embeddable":true,"href":"https:\/\/linitiative.ca\/International\/wp-json\/wp\/v2\/tags?post=81987"}],"curies":[{"name":"wp","href":"https:\/\/api.w.org\/{rel}","templated":true}]}}