{"id":81989,"date":"2020-04-11T16:36:38","date_gmt":"2020-04-11T20:36:38","guid":{"rendered":"https:\/\/linitiative.ca\/International\/covid-19-au-burkina-faso-36-nouveaux-cas-confirmes-6-guerisons-et-1-deces-a-la-date-du-10-avril-2020\/"},"modified":"2020-04-11T16:36:38","modified_gmt":"2020-04-11T20:36:38","slug":"covid-19-au-burkina-faso-36-nouveaux-cas-confirmes-6-guerisons-et-1-deces-a-la-date-du-10-avril-2020","status":"publish","type":"post","link":"https:\/\/linitiative.ca\/International\/covid-19-au-burkina-faso-36-nouveaux-cas-confirmes-6-guerisons-et-1-deces-a-la-date-du-10-avril-2020\/","title":{"rendered":"Covid-19 au Burkina Faso\u00a0: 36 nouveaux cas confirm\u00e9s, 6 gu\u00e9risons et 1 d\u00e9c\u00e8s \u00e0 la date du 10 avril 2020"},"content":{"rendered":"<div class=\"td-post-featured-image\"><a href=\"https:\/\/i1.wp.com\/www.sidwaya.info\/wp-content\/uploads\/2020\/04\/coro.jpg?fit=400%2C224&amp;ssl=1\" data-caption=\"\"><img loading=\"lazy\" decoding=\"async\" width=\"400\" height=\"224\" class=\"entry-thumb td-modal-image\" src=\"https:\/\/i1.wp.com\/www.sidwaya.info\/wp-content\/uploads\/2020\/04\/coro.jpg?resize=400,224&amp;ssl=1\" srcset=\"https:\/\/i1.wp.com\/www.sidwaya.info\/wp-content\/uploads\/2020\/04\/coro.jpg?w=400&amp;ssl=1 400w, https:\/\/i1.wp.com\/www.sidwaya.info\/wp-content\/uploads\/2020\/04\/coro.jpg?resize=300%2C168&amp;ssl=1 300w\" sizes=\"auto, (max-width: 400px) 100vw, 400px\" alt=\"\" title=\"coro\"\/><\/a><\/div>\n<p>La situation de la maladie \u00e0 Coronavirus au Burkina Faso \u00e0 la date du 10 avril 2020, \u00a0se pr\u00e9sente comme suit :<\/p>\n<p>-157 \u00e9chantillons analys\u00e9s dont 124 cas suspects et 33 contr\u00f4les ;<\/p>\n<p>-36 nouveaux cas confirm\u00e9s dont 33 \u00e0 Ouagadougou et 03 \u00e0 Falangoutou ;<\/p>\n<p>-06 gu\u00e9risons, portant \u00e0 155, le total des gu\u00e9risons ;<\/p>\n<p>-01 d\u00e9c\u00e8s \u00e0 Ouagadougou, portant \u00e0 27, le total des d\u00e9c\u00e8s ;<\/p>\n<p>-302 cas sous traitement.<\/p>\n<p>Au total, 484 cas ont \u00e9t\u00e9 confirm\u00e9s dont 189 femmes et 295 hommes, depuis le 09 mars 2020.<\/p>\n<p>Lire le communiqu\u00e9 du SIG ci-dessous<\/p>\n<p><img loading=\"lazy\" decoding=\"async\" class=\"alignleft size-full wp-image-20754\" src=\"https:\/\/i2.wp.com\/www.sidwaya.info\/wp-content\/uploads\/2020\/04\/10avril.jpg?resize=696,899&amp;ssl=1\" alt=\"\" width=\"696\" height=\"899\" srcset=\"https:\/\/i2.wp.com\/www.sidwaya.info\/wp-content\/uploads\/2020\/04\/10avril.jpg?w=720&amp;ssl=1 720w, https:\/\/i2.wp.com\/www.sidwaya.info\/wp-content\/uploads\/2020\/04\/10avril.jpg?resize=232%2C300&amp;ssl=1 232w, https:\/\/i2.wp.com\/www.sidwaya.info\/wp-content\/uploads\/2020\/04\/10avril.jpg?resize=696,899&amp;ssl=1 696w, https:\/\/i2.wp.com\/www.sidwaya.info\/wp-content\/uploads\/2020\/04\/10avril.jpg?resize=325%2C420&amp;ssl=1 325w, https:\/\/i2.wp.com\/www.sidwaya.info\/wp-content\/uploads\/2020\/04\/10avril.jpg?resize=600%2C775&amp;ssl=1 600w\" sizes=\"auto, (max-width: 696px) 100vw, 696px\" data-recalc-dims=\"1\"\/><\/p>\n<div class=\"td-a-rec td-a-rec-id-content_bottom tdi_30_779 td_block_template_1\"><img loading=\"lazy\" decoding=\"async\" class=\"aligncenter size-full wp-image-9623\" src=\"https:\/\/linitiative.ca\/International\/wp-content\/uploads\/sites\/23\/2020\/04\/Projet-bannieCC80re-Orange-mobile-9.jpg\" alt=\"\" width=\"728\" height=\"81\"\/><\/div>\n<p>Auteur: BS. Sidwaya<br \/>\n<a href=\"https:\/\/www.sidwaya.info\/blog\/2020\/04\/11\/covid-19-au-burkina-faso-36-nouveaux-cas-confirmes-6-guerisons-et-1-deces-a-la-date-du-10-avril-2020\/\">Cliquez ici pour lire l&rsquo;article depuis sa source.<\/a><\/p>\n","protected":false},"excerpt":{"rendered":"<p>La situation de la maladie \u00e0 Coronavirus au Burkina Faso \u00e0 la date du 10 avril 2020, \u00a0se pr\u00e9sente comme suit : -157 \u00e9chantillons analys\u00e9s dont 124 cas suspects et 33 contr\u00f4les ; -36 nouveaux cas confirm\u00e9s dont 33 \u00e0 Ouagadougou et 03 \u00e0 Falangoutou ; -06 gu\u00e9risons, portant \u00e0 155, le total des gu\u00e9risons [&hellip;]<\/p>\n","protected":false},"author":1816,"featured_media":81990,"comment_status":"closed","ping_status":"closed","sticky":false,"template":"","format":"standard","meta":{"fifu_image_url":"","fifu_image_alt":"","footnotes":""},"categories":[73,81],"tags":[],"class_list":["post-81989","post","type-post","status-publish","format-standard","has-post-thumbnail","hentry","category-actualite","category-burkina-faso"],"_links":{"self":[{"href":"https:\/\/linitiative.ca\/International\/wp-json\/wp\/v2\/posts\/81989","targetHints":{"allow":["GET"]}}],"collection":[{"href":"https:\/\/linitiative.ca\/International\/wp-json\/wp\/v2\/posts"}],"about":[{"href":"https:\/\/linitiative.ca\/International\/wp-json\/wp\/v2\/types\/post"}],"author":[{"embeddable":true,"href":"https:\/\/linitiative.ca\/International\/wp-json\/wp\/v2\/users\/1816"}],"replies":[{"embeddable":true,"href":"https:\/\/linitiative.ca\/International\/wp-json\/wp\/v2\/comments?post=81989"}],"version-history":[{"count":0,"href":"https:\/\/linitiative.ca\/International\/wp-json\/wp\/v2\/posts\/81989\/revisions"}],"wp:featuredmedia":[{"embeddable":true,"href":"https:\/\/linitiative.ca\/International\/wp-json\/"}],"wp:attachment":[{"href":"https:\/\/linitiative.ca\/International\/wp-json\/wp\/v2\/media?parent=81989"}],"wp:term":[{"taxonomy":"category","embeddable":true,"href":"https:\/\/linitiative.ca\/International\/wp-json\/wp\/v2\/categories?post=81989"},{"taxonomy":"post_tag","embeddable":true,"href":"https:\/\/linitiative.ca\/International\/wp-json\/wp\/v2\/tags?post=81989"}],"curies":[{"name":"wp","href":"https:\/\/api.w.org\/{rel}","templated":true}]}}